{"id":54261,"date":"2022-08-06T10:53:11","date_gmt":"2022-08-06T16:53:11","guid":{"rendered":"https:\/\/redsemlac.com\/semmexico\/?p=54261"},"modified":"2023-07-21T19:10:41","modified_gmt":"2023-07-22T00:10:41","slug":"carboneros-trabajan-en-la-informalidad","status":"publish","type":"post","link":"https:\/\/redsemlac.com\/semmexico\/carboneros-trabajan-en-la-informalidad\/","title":{"rendered":"<strong>Carboneros trabajan en la informalidad<\/strong>"},"content":{"rendered":"\n<p class=\"wp-block-paragraph\"><strong>Carboneros atrapados no cuentan con seguro social \/ Foto: Arturo Salazar<\/strong><\/p>\n\n\n\n<p class=\"wp-block-paragraph\">Entran a los pozos de carb\u00f3n sin contrato, ni seguridad social y reciben su pago en sobres con efectivo<\/p>\n\n\n\n<p class=\"wp-block-paragraph\">Los pozos regulados por el gobierno del estado y sin ley que los proh\u00edba<\/p>\n\n\n\n<p class=\"wp-block-paragraph\"><strong>Sergio Mendoza\/Sara Lovera<\/strong><\/p>\n\n\n\n<p class=\"wp-block-paragraph\"><strong>SemM\u00e9xico, con informaci\u00f3n de El Sol de La Laguna, <\/strong>Sabinas, Coahuila, 6 de agosto, 2022.- No est\u00e1n dados de alta en una n\u00f3mina, no tienen seguro social ni acceso a vivienda y lo \u00fanico que reciben cada s\u00e1bado es un sobre con el dinero que lograron durante una semana de trabajo, dicen familiares de los mineros atrapados en el pozo de carb\u00f3n La Conchita, que se inund\u00f3 el mi\u00e9rcoles pasado.<\/p>\n\n\n\n<p class=\"wp-block-paragraph\">\u201cTodo lo van apuntando en una libretita, como en el siglo pasado, como cuando hab\u00eda rayas, as\u00ed es como trabajan nuestros carboneros\u201d, agreg\u00f3 uno de los familiares que espera noticias del rescate que al cierre de la edici\u00f3n sumaba m\u00e1s de 50 horas.<\/p>\n\n\n\n<p class=\"wp-block-paragraph\">Carolina Guadalupe \u00c1lvarez Oviedo es la esposa de Jorge Luis Mart\u00ednez Vald\u00e9s, uno de los diez trabajadores del carb\u00f3n que siguen atrapados; ella se\u00f1ala que a su marido no le daban servicio m\u00e9dico, ni recibos de n\u00f3mina que avalen que era trabajador del pozo de carb\u00f3n y por consecuencia no ten\u00eda derechos ni prestaciones laborales.<\/p>\n\n\n\n<p class=\"wp-block-paragraph\">\u201cSiempre fue (el pago) en sobre. Ellos (los carboneros) nunca han recibido una tarjeta, una n\u00f3mina, nunca. Siempre ha sido en sobre, todo en sobre. Igual es, tonelada que eches, tonelada que te van a pagar\u201d, detall\u00f3.<\/p>\n\n\n\n<p class=\"wp-block-paragraph\">Hist\u00f3ricamente las empresas explotadoras del carb\u00f3n, en manos de capital privado, nunca fueron investigadas ni se les responsabiliz\u00f3 por no dar seguridad a sus trabajadores.<\/p>\n\n\n\n<p class=\"wp-block-paragraph\">Las mujeres, de golpe, se vuelven responsables \u00fanicas de sus familias, ni siquiera tienen idea precisa de para qui\u00e9n trabajaban sus esposos, cu\u00e1nto ganaban, cu\u00e1l indemnizaci\u00f3n podr\u00eda corresponderle y si tienen alg\u00fan derecho. Tras la explosi\u00f3n de Pasta de Conchos \u2013donde murieron 63 mineros- en\u00a0\u00a0 2006, se esperaba un cambio de ley, pero esta administraci\u00f3n, hizo cambios s\u00f3lo para el litio, la \u201ctierra\u201d libre, contin\u00faa eso, libre, para las concesiones. Y s\u00f3lo hay 18 inspectores en toda la cuenca, de 100 kil\u00f3metros a la redonda.<\/p>\n\n\n\n<figure class=\"wp-block-image size-large\"><a href=\"https:\/\/redsemlac.com\/semmexico\/wp-content\/uploads\/2022\/08\/carboneros-02.jpg\"><img decoding=\"async\" src=\"https:\/\/redsemlac.com\/semmexico\/wp-content\/uploads\/2022\/08\/carboneros-02-1024x667.jpg\" alt=\"\" class=\"wp-image-54263\"\/><\/a><\/figure>\n\n\n\n<p class=\"wp-block-paragraph\"><strong>\u00bfC\u00f3mo son los \u201cpocitos\u201d?<\/strong><\/p>\n\n\n\n<p class=\"wp-block-paragraph\">Los trabajos se hacen a destajo, los mineros carecen de seguridad social y su empleo es fr\u00e1gil. Migran de las grandes plantas a los llamados \u201cpozos\u201d, por la edad, su estado de salud (pulmones afectados), o la necesidad, porque en los pozos \u2015aparentemente\u2015 se gana m\u00e1s dinero y con mayor rapidez. Los pozos son hoyos excavados precariamente sobre las galer\u00edas abandonadas de viejas minas industriales.<\/p>\n\n\n\n<p class=\"wp-block-paragraph\">La extracci\u00f3n ha generado una cadena de complicidades y corrupci\u00f3n infinita, cont\u00f3 hace algunos a\u00f1os el historiador de la zona, Ramiro Flores, y asegur\u00f3 que, por accidentes, siniestros o equivocaciones en la explotaci\u00f3n artesanal de los pozos, en los \u00faltimos 45 a\u00f1os, han muerto m\u00e1s de 1900 mineros, cifra similar a los fallecidos en 100 a\u00f1os en las grandes explosiones.<\/p>\n\n\n\n<p class=\"wp-block-paragraph\">De los hoyos excavados precariamente en las galer\u00edas abandonadas de las viejas minas industriales, mal llamados pozos, se extraen las migajas que dejaron las grandes empresas antes de la d\u00e9cada de los noventa del siglo XX.<\/p>\n\n\n\n<p class=\"wp-block-paragraph\">Hasta ahora, porque dice la agrupaci\u00f3n Familia Pasta de Conchos, \u201cnada ha cambiado\u201d, los peque\u00f1os propietarios y los bur\u00f3cratas, se benefician de la mitad de la derrama econ\u00f3mica, la empresa estatal, Promotora para el Desarrollo Minero del Estado de Coahuila, act\u00faa como intermediaria, adquiere el carb\u00f3n de \u201cempresas fantasmas\u201d y cobra 10 o 20 centavos de d\u00f3lar por tonelada. Se sospecha complicidad con las autoridades locales y hasta de la Comisi\u00f3n Federal de Electricidad.<\/p>\n\n\n\n<p class=\"wp-block-paragraph\"><strong>Los Carboneros<\/strong><\/p>\n\n\n\n<p class=\"wp-block-paragraph\">A los trabajadores de los pozos se les conoce como carboneros. Constantemente respiran ese polvo, sin mascarillas, s\u00f3lo cubiertos por la toalla que llevan todos los d\u00edas para secarse el sudor. Dentro de estos pozos tambi\u00e9n hay gas metano que, de vez en vez, produce explosiones, como en \u201cLa Morita\u201d, donde perecieron 12 mineros en 2001.<\/p>\n\n\n\n<p class=\"wp-block-paragraph\">El tambi\u00e9n maestro narr\u00f3, entonces, una injusticia mayor: la de la explotaci\u00f3n de carb\u00f3n en minas artesanales, verdaderos pozos \u201cde muerte\u201d, donde no hay t\u00e9cnicas ni herramientas y, menos a\u00fan, protecci\u00f3n. De ah\u00ed que el peligro sea mayor y no exista autoridad que controle o vigile.<\/p>\n\n\n\n<p class=\"wp-block-paragraph\">A pesar de que un decreto los prohibi\u00f3, el negocio sigue. Tampoco se ha modificado en el tema de concesiones y permisos para abrir esos pozos, en la Ley de 1992 que sigue vigente, como se afirma en el \u00faltimo an\u00e1lisis que hizo la Secretar\u00eda de Econom\u00eda, en 2021.<\/p>\n\n\n\n<p class=\"wp-block-paragraph\">En esos pozos, m\u00e1s de 400 abiertos en los primeros 10 a\u00f1os de este siglo, los trabajadores carecen de derechos y seguridad. Por eso los muertos resultan cotidianos. Nadie se ocupa de ellos, de sus viudas, ni de sus familias.<\/p>\n\n\n\n<p class=\"wp-block-paragraph\">La narrativa de hoy<\/p>\n\n\n\n<p class=\"wp-block-paragraph\">&nbsp;A decir de algunos de otros familiares que tambi\u00e9n esperan ansiosos algunas noticias sobre sus carboneros atrapados en el pozo de hace 3 d\u00edas, el sueldo que llegaban a percibir a la semana era de dos mil hasta cinco mil pesos, de acuerdo con la producci\u00f3n de carb\u00f3n que se lograba durante las extenuantes jornadas debajo de la tierra, donde trabajan encuclillas y con el peligro constante de inundaciones.<\/p>\n\n\n\n<p class=\"wp-block-paragraph\">Sergio, hermano de Jorge Luis Mart\u00ednez Vald\u00e9s, se\u00f1al\u00f3 que como no hay opciones laborales en las que paguen bien, los cerca de dos mil j\u00f3venes hombres de Sabinas y sus comunidades se dedican a la extracci\u00f3n de carb\u00f3n y le trabajan a quienes les ofrecen mejor sueldo, ya sean 100, 200 o 300 pesos m\u00e1s.<\/p>\n\n\n\n<p class=\"wp-block-paragraph\">\u201cAqu\u00ed son diferentes due\u00f1os, diferentes patrones, pero como est\u00e1n todos comunicados, y como le ofrecieron un bono (a Jorge Luis) se acababa de cambiar, yo me imagino que mi hermano lo hizo a pesar de ver las condiciones del pozo que estaban m\u00e1s desgastado, m\u00e1s suelto, yo creo que lo hizo \u00e9l para pagar colegiaturas, para pagar la escuela, por querer hacer m\u00e1s ah\u00ed est\u00e1n las consecuencias\u201d, recrimin\u00f3 Sergio.<\/p>\n\n\n\n<p class=\"wp-block-paragraph\"><a href=\"https:\/\/www.elsoldelalaguna.com.mx\/local\/agua-impide-rescate-de-mineros-atrapados-8694774.html\"><strong>Agua impide rescate de mineros atrapados<\/strong><\/a><\/p>\n\n\n\n<p class=\"wp-block-paragraph\">De acuerdo con el presidente y secretario general del Sindicato Nacional Minero, Napole\u00f3n G\u00f3mez Urrutia, hay alrededor de cinco mil trabajadores mineros en la regi\u00f3n carbon\u00edfera de Coahuila en minas en condiciones inseguras e \u201cinhumanas\u201d.<\/p>\n\n\n\n<p class=\"wp-block-paragraph\">El tambi\u00e9n senador por Morena acusa que cada vez que su central obrera busca sindicalizar a los carboneros, los due\u00f1os de inmediato cambian las minas, cierran o despiden a los trabajadores. \u201cSon casi como trabajadores temporales, sobreexplotados, con salarios muy bajos y en condiciones indignas\u201d.<\/p>\n\n\n\n<p class=\"wp-block-paragraph\">A\u00f1adi\u00f3 que estos pozos de carb\u00f3n ni siquiera se pueden considerar minas propiamente dichas, porque no tienen ninguna condici\u00f3n de seguridad adecuada para proteger la vida de los trabajadores.<\/p>\n\n\n\n<p class=\"wp-block-paragraph\">\u201cSiempre ha sido mucho riesgo esto, mucho riesgo para enriquecer a otras personas y perder la vida o arriesgar tanto la vida por nada\u201d, reiter\u00f3 Carolina \u00c1lvarez, quien espera noticias del rescate de su esposo.<\/p>\n\n\n\n<p class=\"wp-block-paragraph\">Carolina Guadalupe \u00c1lvarez Oviedo es la esposa de Jorge Luis Mart\u00ednez Vald\u00e9s, uno de los diez trabajadores del carb\u00f3n que siguen atrapados; ella se\u00f1ala que a su marido no le daban servicio m\u00e9dico, ni recibos de n\u00f3mina que avalen que era trabajador del pozo de carb\u00f3n y por consecuencia no ten\u00eda derechos ni prestaciones laborales.<\/p>\n\n\n\n<p class=\"wp-block-paragraph\">\u201cSiempre fue (el pago) en sobre. Ellos (los carboneros) nunca han recibido una tarjeta, una n\u00f3mina, nunca. Siempre ha sido en sobre, todo en sobre. Igual es, tonelada que eches, tonelada que te van a pagar\u201d, detall\u00f3.<\/p>\n\n\n\n<p class=\"wp-block-paragraph\">&nbsp;\u201cAqu\u00ed son diferentes due\u00f1os, diferentes patrones, pero como est\u00e1n todos comunicados, y como le ofrecieron un bono (a Jorge Luis) se acababa de cambiar, yo me imagino que mi hermano lo hizo a pesar de ver las condiciones del pozo que estaban m\u00e1s desgastado, m\u00e1s suelto, yo creo que lo hizo \u00e9l para pagar colegiaturas, para pagar la escuela, por querer hacer m\u00e1s ah\u00ed est\u00e1n las consecuencias\u201d, recrimin\u00f3 Sergio.<strong><\/strong><\/p>\n\n\n\n<p class=\"wp-block-paragraph\"><strong>El Pasado<\/strong><\/p>\n\n\n\n<p class=\"wp-block-paragraph\">Entre 1884 y 2007 muri\u00f3 un minero cada tres d\u00edas en la Cuenca Carbon\u00edfera de Coahuila, a 1200 kil\u00f3metros de la capital de la Rep\u00fablica, en un paraje de m\u00e1s de 100 kil\u00f3metros a la redonda, semides\u00e9rtico y de clima extremo, donde la hulla lo puebla todo y el diminuto polvo de carb\u00f3n se mete en o\u00eddos, garganta y nariz.<\/p>\n\n\n\n<p class=\"wp-block-paragraph\">En el lapso de esos m\u00e1s de 100 a\u00f1os, se registraron oficialmente 116 explosiones, en las que murieron entre tres y 153 trabajadores en cada una, un total de 1600 mineros. Y se calcula la muerte de un n\u00famero similar por siniestros y fallas de las minas, entre otras causas muy diversas. Siete a\u00f1os despu\u00e9s nada ha cambiado.<\/p>\n\n\n\n<p class=\"wp-block-paragraph\">De los hoyos excavados precariamente en las galer\u00edas abandonadas de las viejas minas industriales, mal llamados pozos, se extraen las migajas que dejaron las grandes empresas antes de la d\u00e9cada de los noventa del siglo XX.<\/p>\n\n\n\n<p class=\"wp-block-paragraph\">Alas mujeres, la tragedia en la mina las suele dejar sin hijos y maridos, sin cu\u00f1ados o hermanos, al mismo tiempo<\/p>\n\n\n\n<p class=\"wp-block-paragraph\">En la Cuenca Carbon\u00edfera no hay trabajo femenino. Las empresas maquiladoras que buscaban mitigar la crisis de la d\u00e9cada del ochenta, cuando minas y empresas sider\u00fargicas fueron cerradas, no representaron una alternativa atractiva por sus bajos salarios, la lejan\u00eda del lugar y los cierres sin previo aviso.<\/p>\n\n\n\n<p class=\"wp-block-paragraph\">De cara al futuro, no hay muchas ilusiones. Todos los testimonios de quienes quedaron viudas por los siniestros de 1969 a 2007 se\u00f1alan que su promedio escolar es de cinco a\u00f1os de primaria. Algunas, como Silvia Ver\u00f3nica Cruz, lograron llegar a la escuela secundaria. Elvira Mart\u00ednez estudi\u00f3 para contadora privada.<\/p>\n\n\n\n<p class=\"wp-block-paragraph\">La permanente lluvia del polvo de carb\u00f3n, que lo ensucia todo, obliga a las mujeres a jornadas dom\u00e9sticas extenuantes, de hasta 18 horas, lo que se complica por la escasez de agua y los turnos de trabajo discontinuos de esposos, hijos o hermanos mineros, pues ellas son las responsables de preparar el \u201clonche\u201d (la comida que ellos llevan todos los d\u00edas a la mina).<\/p>\n","protected":false},"excerpt":{"rendered":"<p>Entran a los pozos de carb\u00f3n sin contrato, ni seguridad social y reciben su pago en sobres con efectivo<\/p>\n","protected":false},"author":3,"featured_media":54262,"comment_status":"open","ping_status":"open","sticky":false,"template":"","format":"standard","meta":{"_monsterinsights_skip_tracking":false,"footnotes":""},"categories":[693,54],"tags":[],"class_list":["post-54261","post","type-post","status-publish","format-standard","has-post-thumbnail","category-693","category-mujeres"],"_links":{"self":[{"href":"https:\/\/redsemlac.com\/semmexico\/wp-json\/wp\/v2\/posts\/54261","targetHints":{"allow":["GET"]}}],"collection":[{"href":"https:\/\/redsemlac.com\/semmexico\/wp-json\/wp\/v2\/posts"}],"about":[{"href":"https:\/\/redsemlac.com\/semmexico\/wp-json\/wp\/v2\/types\/post"}],"author":[{"embeddable":true,"href":"https:\/\/redsemlac.com\/semmexico\/wp-json\/wp\/v2\/users\/3"}],"replies":[{"embeddable":true,"href":"https:\/\/redsemlac.com\/semmexico\/wp-json\/wp\/v2\/comments?post=54261"}],"version-history":[{"count":0,"href":"https:\/\/redsemlac.com\/semmexico\/wp-json\/wp\/v2\/posts\/54261\/revisions"}],"wp:featuredmedia":[{"embeddable":true,"href":"https:\/\/redsemlac.com\/semmexico\/wp-json\/wp\/v2\/media\/54262"}],"wp:attachment":[{"href":"https:\/\/redsemlac.com\/semmexico\/wp-json\/wp\/v2\/media?parent=54261"}],"wp:term":[{"taxonomy":"category","embeddable":true,"href":"https:\/\/redsemlac.com\/semmexico\/wp-json\/wp\/v2\/categories?post=54261"},{"taxonomy":"post_tag","embeddable":true,"href":"https:\/\/redsemlac.com\/semmexico\/wp-json\/wp\/v2\/tags?post=54261"}],"curies":[{"name":"wp","href":"https:\/\/api.w.org\/{rel}","templated":true}]}}