{"id":54258,"date":"2022-08-06T10:13:44","date_gmt":"2022-08-06T16:13:44","guid":{"rendered":"https:\/\/redsemlac.com\/semmexico\/?p=54258"},"modified":"2023-07-21T19:10:41","modified_gmt":"2023-07-22T00:10:41","slug":"por-una-vivienda-digna-la-nueva-constitucion-chilena","status":"publish","type":"post","link":"https:\/\/redsemlac.com\/semmexico\/por-una-vivienda-digna-la-nueva-constitucion-chilena\/","title":{"rendered":"<strong>Por una vivienda digna, la nueva Constituci\u00f3n Chilena<\/strong>"},"content":{"rendered":"\n<p class=\"wp-block-paragraph\"><strong>Una casa de acogida en caso de violencia contra ni\u00f1as y mujeres, har\u00e1 la diferencia entre la vida y la muerte: Alondra Carrillo Vidal<\/strong><\/p>\n\n\n\n<p class=\"wp-block-paragraph\"><strong>Una advertencia: en la vida urbana asoma la falta de agua, sin la que nadie puede vivir<\/strong><\/p>\n\n\n\n<p class=\"wp-block-paragraph\">Elda Montiel<\/p>\n\n\n\n<p class=\"wp-block-paragraph\">SemM\u00e9xico, Ciudad de M\u00e9xico, 6 de agosto 2022.- En la propuesta de la nueva Constituci\u00f3n en Chile se plasm\u00f3 la lucha de las organizaciones sociales y populares como \u201cLas Pobladoras\u201d por una vivienda digna que no s\u00f3lo pone en el centro a las mujeres con el derecho a la \u201cvivienda de acogida en casos de violencia\u201d, sino el derecho colectivo a participar en el dise\u00f1o de espacios privados y p\u00fablicos que respeten el medio ambiente y aseguren el servicio de agua limpia.<\/p>\n\n\n\n<p class=\"wp-block-paragraph\">La tercera conferencia del Foro: \u00bfC\u00f3mo va a cambiar el mundo de las mujeres con la nueva Constituci\u00f3n? con el tema \u201cVivienda, Ciudad y Medio Ambiente\u201d reuni\u00f3 a tres mujeres que participaron activamente en la articulaci\u00f3n de la Nueva Constituci\u00f3n de Chile; Alondra Carrillo Vidal ex convencionalista del Distrito 12, Valentina Saavedra Mel\u00e9ndez cofundadora de la Red de Mujeres por la Ciudad y Fresia Ram\u00edrez Inostroza vocera de Ukamau, Comuna de Cerro Navia.<\/p>\n\n\n\n<p class=\"wp-block-paragraph\">Cabe recordar que Chile se encuentra a un mes de aprobarse la primera Carta Magna redactada en forma paritaria que busca responder a las demandas expuestas por las revueltas feministas del 2019, cuando las mujeres chilenas salieron a las calles a exigir igualdad de oportunidades, el derecho al aborto y el fin de la cultura patriarcal.<\/p>\n\n\n\n<p class=\"wp-block-paragraph\">Convocadas por la organizaci\u00f3n G\u00e9nero y Equidad, cuya cabeza es la soci\u00f3loga Teresa Vald\u00e9s Eche\u00f1ique, de trayectoria institucional y feminista, en alianza con otras organizaciones como \u201cNada sin nosotras\u201d, Red de Mujeres por la Ciudad, Ukamau&nbsp; y el apoyo del Ministerio de Relaciones Exteriores de Alemania.<\/p>\n\n\n\n<p class=\"wp-block-paragraph\">Se\u00f1ala Valentina Saavedra Mel\u00e9ndez que el Art\u00edculo 51 es pionero porque plantea el derecho a la vivienda no solo de una persona sino un derecho colectivo, en el que se articularon diversas organizaciones de mujeres de la ciudad, principalmente \u201cLas Pobladoras\u201d, arquitectas y soci\u00f3logas que han formado parte de este periodo de proceso de articulaci\u00f3n de la Convenci\u00f3n en la nueva Constituci\u00f3n de Chile.<\/p>\n\n\n\n<p class=\"wp-block-paragraph\">Detalla que el Articulo 51 est\u00e1 bien debatido \u201ctransforma la relaci\u00f3n con el espacio urbano, el espacio p\u00fablico donde m\u00e1s sufrimos violencia las mujeres\u201d.<\/p>\n\n\n\n<p class=\"wp-block-paragraph\">Es muy dif\u00edcil entender las tareas negadas a las mujeres individualmente, por lo que, dijo, \u201ctenemos que pensar en derechos colectivos, ser agentes de cambio, porque no solo es el derecho para transformar el modelo de construcci\u00f3n institucional de viviendas peque\u00f1itas, tambi\u00e9n es la falta de espacios p\u00fablicos, el acceso a la ciudad, incidir en los espacios que habitamos\u201d.&nbsp;&nbsp;<\/p>\n\n\n\n<p class=\"wp-block-paragraph\">Enfatiz\u00f3 que es importante reconocer identidades con necesidades diversas en el dise\u00f1o urbano y no generar barrios donde s\u00f3lo se va a trabajar, o s\u00f3lo se va a dormir.<\/p>\n\n\n\n<p class=\"wp-block-paragraph\"><strong>En la vivienda es donde las mujeres experimentamos la violencia<\/strong><\/p>\n\n\n\n<p class=\"wp-block-paragraph\">Mientras que Alondra Carrillo Vidal, convencionalista del Distrito 12, integrante de la Coordinadora Feminista 8M, resalt\u00f3 que la redacci\u00f3n del Art\u00edculo 51 por \u201clas pobladoras\u201d y arquitectas y arquitectos, refleja la agenda del movimiento feminista y se incluyeron las demandas, claras y precisas.<\/p>\n\n\n\n<p class=\"wp-block-paragraph\">Y explica: desde el primer inciso \u201cToda persona tiene el derecho a una vivienda digna y adecuada, que permita el libre desarrollo de una vida personal, familiar y comunitaria\u201d.<\/p>\n\n\n\n<p class=\"wp-block-paragraph\">El inciso 2 espec\u00edfica que se tiene que contemplar el espacio y equipamiento adecuado, que no se limite a las cuatro paredes.<\/p>\n\n\n\n<p class=\"wp-block-paragraph\">Dice el inciso 4 que espec\u00edfica que el Estado debe garantizar la vivienda de acogida en caso de violencia contra ni\u00f1as y mujeres: \u201csostuvimos que si ten\u00eda que ver con el derecho a la vivienda porque es d\u00f3nde experimentamos las mujeres la violencia y una casa de acogida hace la diferencia entre la vida y la muerte\u201d.&nbsp;<\/p>\n\n\n\n<p class=\"wp-block-paragraph\">Destac\u00f3 tambi\u00e9n el car\u00e1cter paritario de la Constituci\u00f3n en el Art\u00edculo 6 que establece el mandato al Estado para el impulso de una pol\u00edtica p\u00fablica que promueva la participaci\u00f3n de las mujeres, en igualdad sustantiva.<\/p>\n\n\n\n<p class=\"wp-block-paragraph\">As\u00ed como el cat\u00e1logo de derechos que hoy atraviesa la Carta Magna como el reconocimiento del trabajo dom\u00e9stico y cuidado, el papel de las cuidadoras, y otros.<\/p>\n\n\n\n<p class=\"wp-block-paragraph\">Todo ello es un avance de las mujeres organizadas en la Colectiva Feminista de la Convenci\u00f3n Constitucional, que articul\u00f3 a diversas organizaciones (Movimientos Sociales Constituyentes, Chile Digno, Pueblo Constituyente, Frente Amplio e independientes, Independientes por Nueva Constituci\u00f3n y Colectivo Socialista), que les permiti\u00f3 incidir directamente en cada una de las comisiones y proponer 14 normas de forma conjunta.<\/p>\n\n\n\n<p class=\"wp-block-paragraph\">Tambi\u00e9n explic\u00f3 que en el \u00faltimo cap\u00edtulo de la Constituci\u00f3n se especifican las medidas transitorias, para definir los tiempos de publicaci\u00f3n y decreto, es decir c\u00f3mo se va a pasar de la Constituci\u00f3n vigente a la nueva. &nbsp;de aprobarse este 4 de septiembre.<\/p>\n\n\n\n<p class=\"wp-block-paragraph\">Tambi\u00e9n habl\u00f3 de para determinar con plazos y herramientas constitucionales entre los que est\u00e1 crear un Sistema Integrado de Suelos P\u00fablicos para disponer del suelo que actualmente poseen las fuerzas armadas; son terrenos ociosos en las ciudades. El presidente va a tener 24 meses para la presentaci\u00f3n de la Ley, y de las leyes en cada aspecto.<\/p>\n\n\n\n<p class=\"wp-block-paragraph\"><strong>UKAMAU Cerro Navia<\/strong><\/p>\n\n\n\n<p class=\"wp-block-paragraph\">Fresia Ram\u00edrez Inostroza periodista especializada en investigaci\u00f3n ambiental y vocera del movimiento de pobladores Ukamau Cerro Navia se refiri\u00f3 al combate por <strong>&nbsp;<\/strong><\/p>\n\n\n\n<p class=\"wp-block-paragraph\">la vivienda digna de una comuna levantada por mujeres en 2011 que surge para resolver los problemas urgentes de los barrios m\u00e1s pobres y vulnerables donde la principal demanda fue el derecho al agua de calidad.<\/p>\n\n\n\n<p class=\"wp-block-paragraph\">&nbsp;\u201cNo se puede entender, dijo, una vida sin agua, para lavar, para cocinar\u201d.<\/p>\n\n\n\n<p class=\"wp-block-paragraph\">El Movimiento de Pobladores UKAMAU, tiene representante en el movimiento de pobladores en Chile, es una de las organizaciones m\u00e1s fuertes por sus caracter\u00edsticas de masividad y rol pol\u00edtico expl\u00edcito.&nbsp;<\/p>\n\n\n\n<p class=\"wp-block-paragraph\">Fresia Ram\u00edrez se\u00f1alo que el Art\u00edculo sobre vivienda recogi\u00f3 la Iniciativa Popular de Norma 41126 de los movimientos de pobladores que juntaron firmas, y qued\u00f3 casi en su totalidad.<\/p>\n\n\n\n<p class=\"wp-block-paragraph\">Al respecto mencion\u00f3 el Articulo 52 como un derecho a la ciudad donde las comunidades construyan como quieren vivir en espacios de tama\u00f1o digno.<\/p>\n\n\n\n<p class=\"wp-block-paragraph\">Coment\u00f3 que es una preocupaci\u00f3n la escasez de agua en Chile dentro de una importante crisis de recursos naturales, lo cual plantea grandes desaf\u00edos en materia de gesti\u00f3n del acceso del agua potable, y la producci\u00f3n de alimentos para la poblaci\u00f3n.<\/p>\n\n\n\n<p class=\"wp-block-paragraph\">Asimismo, se refiri\u00f3 a promover la producci\u00f3n, distribuci\u00f3n y el consumo de alimentos ecol\u00f3gicamente responsables en el Articulo 54 y en el Articulo 78 se hace referencia a la situaci\u00f3n ecol\u00f3gica de la propiedad.<\/p>\n\n\n\n<p class=\"wp-block-paragraph\"><strong>Art\u00edculos de la Nueva Constituci\u00f3n<\/strong><\/p>\n\n\n\n<p class=\"wp-block-paragraph\"><strong>Art\u00edculo 51<\/strong> 1. Toda persona tiene el derecho a una vivienda digna y adecuada, que permita el libre desarrollo de una vida personal, familiar y comunitaria.<\/p>\n\n\n\n<p class=\"wp-block-paragraph\">2. El Estado tomar\u00e1 las medidas necesarias para asegurar su goce universal y oportuno, contemplando, a lo menos, la habitabilidad, el espacio y equipamiento suficientes, dom\u00e9stico y comunitario, para la producci\u00f3n y reproducci\u00f3n de la vida, la disponibilidad de servicios, la asequibilidad, la accesibilidad, la ubicaci\u00f3n apropiada, la seguridad de la tenencia y la pertinencia cultural de las viviendas, conforme a la ley.<\/p>\n\n\n\n<p class=\"wp-block-paragraph\">3. El Estado podr\u00e1 participar en el dise\u00f1o, la construcci\u00f3n, la rehabilitaci\u00f3n, la conservaci\u00f3n y la innovaci\u00f3n de la vivienda. Considerar\u00e1 particularmente en el dise\u00f1o de las pol\u00edticas de vivienda a personas con bajos ingresos econ\u00f3micos o pertenecientes a grupos de especial protecci\u00f3n.<\/p>\n\n\n\n<p class=\"wp-block-paragraph\">4. El Estado garantiza la creaci\u00f3n de viviendas de acogida en casos de violencia de g\u00e9nero y otras formas de vulneraci\u00f3n de derechos, seg\u00fan determine la ley.<\/p>\n\n\n\n<p class=\"wp-block-paragraph\">5. El Estado garantiza la disponibilidad del suelo necesario para la provisi\u00f3n de vivienda digna y adecuada. Administra un Sistema Integrado de Suelos P\u00fablicos con facultades de priorizaci\u00f3n de uso, de gesti\u00f3n y disposici\u00f3n de terrenos fiscales para fines de inter\u00e9s social, y de adquisici\u00f3n de terrenos privados, conforme a la ley. Asimismo, establecer\u00e1 mecanismos para impedir la especulaci\u00f3n en materia de suelo y vivienda que vaya en desmedro del inter\u00e9s p\u00fablico, de conformidad con la ley.<\/p>\n\n\n\n<p class=\"wp-block-paragraph\"><strong>Art\u00edculo 52<\/strong> 1. El derecho a la ciudad y al territorio es un derecho colectivo orientado al bien com\u00fan y se basa en el ejercicio pleno de los derechos humanos en el territorio, en su gesti\u00f3n democr\u00e1tica y en la funci\u00f3n social y ecol\u00f3gica de la propiedad.<\/p>\n\n\n\n<p class=\"wp-block-paragraph\">2. En virtud de ello, toda persona tiene derecho a habitar, producir, gozar y participar en ciudades y asentamientos humanos libres de violencia y en condiciones apropiadas para una vida digna.<\/p>\n\n\n\n<p class=\"wp-block-paragraph\">3. Es deber del Estado ordenar, planificar y gestionar los territorios, las ciudades y los asentamientos humanos; as\u00ed como establecer reglas de uso y transformaci\u00f3n del suelo, de acuerdo con el inter\u00e9s general, la equidad territorial, sostenibilidad y accesibilidad universal.<\/p>\n\n\n\n<p class=\"wp-block-paragraph\">4. El Estado garantiza la protecci\u00f3n y el acceso equitativo a servicios b\u00e1sicos, bienes y espacios p\u00fablicos; la movilidad segura y sustentable; la conectividad y seguridad vial. Asimismo, promueve la integraci\u00f3n socio espacial y participa en la plusval\u00eda que genere su acci\u00f3n urban\u00edstica o regulatoria.<\/p>\n\n\n\n<p class=\"wp-block-paragraph\">5. El Estado garantiza la participaci\u00f3n de la comunidad en los procesos de planificaci\u00f3n territorial y pol\u00edticas habitacionales. Asimismo, promueve y apoya la gesti\u00f3n comunitaria del h\u00e1bitat.<\/p>\n\n\n\n<p class=\"wp-block-paragraph\"><strong>Articulo 54<\/strong> 1. Es deber del Estado asegurar la soberan\u00eda y seguridad alimentaria. Para esto promover\u00e1 la producci\u00f3n, la distribuci\u00f3n y el consumo de alimentos que garanticen el derecho a la alimentaci\u00f3n sana y adecuada, el comercio justo y sistemas alimentarios ecol\u00f3gicamente responsables.<\/p>\n\n\n\n<p class=\"wp-block-paragraph\">2. El Estado fomenta la producci\u00f3n agropecuaria ecol\u00f3gicamente sustentable.<\/p>\n\n\n\n<p class=\"wp-block-paragraph\">3. Reconoce, fomenta y apoya la agricultura campesina e ind\u00edgena, la recolecci\u00f3n y la pesca artesanal, en tanto actividades fundamentales para la producci\u00f3n de alimentos.<\/p>\n\n\n\n<p class=\"wp-block-paragraph\">4. Del mismo modo, promueve el patrimonio culinario y gastron\u00f3mico del pa\u00eds.<\/p>\n\n\n\n<p class=\"wp-block-paragraph\"><strong>Art\u00edculo 78<\/strong> 1. Toda persona, natural o jur\u00eddica, tiene derecho de propiedad en todas sus especies y sobre toda clase de bienes, salvo aquellos que la naturaleza ha hecho comunes a todas las personas y los que la Constituci\u00f3n o la ley declaren inapropiables.<\/p>\n\n\n\n<p class=\"wp-block-paragraph\"><strong>Paridad<\/strong><\/p>\n\n\n\n<p class=\"wp-block-paragraph\"><strong>Art\u00edculo 6<\/strong> 1. El Estado promueve una sociedad donde mujeres, hombres, diversidades y disidencias sexuales y de g\u00e9nero participen en condiciones de igualdad sustantiva, reconociendo que su representaci\u00f3n efectiva es un principio y condici\u00f3n m\u00ednima para el ejercicio pleno y sustantivo de la democracia y la ciudadan\u00eda.<\/p>\n\n\n\n<p class=\"wp-block-paragraph\">2. Todos los \u00f3rganos colegiados del Estado, los aut\u00f3nomos constitucionales, los superiores y directivos de la Administraci\u00f3n, as\u00ed como los directorios de las empresas p\u00fablicas y semip\u00fablicas, deber\u00e1n tener una composici\u00f3n paritaria que asegure que, al menos, el cincuenta por ciento de sus integrantes sean mujeres.<\/p>\n\n\n\n<p class=\"wp-block-paragraph\">3. El Estado promover\u00e1 la integraci\u00f3n paritaria en sus dem\u00e1s instituciones y en todos los espacios p\u00fablicos y privados y adoptar\u00e1 medidas para la representaci\u00f3n de personas de g\u00e9nero diverso a trav\u00e9s de los mecanismos que establezca la ley.<\/p>\n\n\n\n<p class=\"wp-block-paragraph\">4. Los poderes y \u00f3rganos del Estado adoptar\u00e1n las medidas necesarias para adecuar e impulsar la legislaci\u00f3n, las instituciones, los marcos normativos y la prestaci\u00f3n de servicios, con el fin de alcanzar la igualdad de g\u00e9nero y la paridad. Deber\u00e1n incorporar transversalmente el enfoque de g\u00e9nero en su dise\u00f1o institucional, de pol\u00edtica fiscal y presupuestaria y en el ejercicio de sus funciones.<\/p>\n","protected":false},"excerpt":{"rendered":"<p>Una advertencia: en la vida urbana asoma la falta de agua, sin la que nadie puede vivir<\/p>\n","protected":false},"author":3,"featured_media":54259,"comment_status":"open","ping_status":"open","sticky":false,"template":"","format":"standard","meta":{"_monsterinsights_skip_tracking":false,"footnotes":""},"categories":[693,53],"tags":[],"class_list":["post-54258","post","type-post","status-publish","format-standard","has-post-thumbnail","category-693","category-internacional"],"_links":{"self":[{"href":"https:\/\/redsemlac.com\/semmexico\/wp-json\/wp\/v2\/posts\/54258","targetHints":{"allow":["GET"]}}],"collection":[{"href":"https:\/\/redsemlac.com\/semmexico\/wp-json\/wp\/v2\/posts"}],"about":[{"href":"https:\/\/redsemlac.com\/semmexico\/wp-json\/wp\/v2\/types\/post"}],"author":[{"embeddable":true,"href":"https:\/\/redsemlac.com\/semmexico\/wp-json\/wp\/v2\/users\/3"}],"replies":[{"embeddable":true,"href":"https:\/\/redsemlac.com\/semmexico\/wp-json\/wp\/v2\/comments?post=54258"}],"version-history":[{"count":0,"href":"https:\/\/redsemlac.com\/semmexico\/wp-json\/wp\/v2\/posts\/54258\/revisions"}],"wp:featuredmedia":[{"embeddable":true,"href":"https:\/\/redsemlac.com\/semmexico\/wp-json\/wp\/v2\/media\/54259"}],"wp:attachment":[{"href":"https:\/\/redsemlac.com\/semmexico\/wp-json\/wp\/v2\/media?parent=54258"}],"wp:term":[{"taxonomy":"category","embeddable":true,"href":"https:\/\/redsemlac.com\/semmexico\/wp-json\/wp\/v2\/categories?post=54258"},{"taxonomy":"post_tag","embeddable":true,"href":"https:\/\/redsemlac.com\/semmexico\/wp-json\/wp\/v2\/tags?post=54258"}],"curies":[{"name":"wp","href":"https:\/\/api.w.org\/{rel}","templated":true}]}}