{"id":54222,"date":"2022-08-05T09:18:13","date_gmt":"2022-08-05T15:18:13","guid":{"rendered":"https:\/\/redsemlac.com\/semmexico\/?p=54222"},"modified":"2023-07-21T19:10:42","modified_gmt":"2023-07-22T00:10:42","slug":"letra-clara-la-igualdad-sustantiva-no-existe-en-el-derecho","status":"publish","type":"post","link":"https:\/\/redsemlac.com\/semmexico\/letra-clara-la-igualdad-sustantiva-no-existe-en-el-derecho\/","title":{"rendered":"Letra Clara| La igualdad sustantiva \u00a1no existe en el derecho!"},"content":{"rendered":"\n<p class=\"wp-block-paragraph\"><strong>Teresa Vald\u00e9s Betancourt<\/strong><\/p>\n\n\n\n<p class=\"wp-block-paragraph\">SemM\u00e9xico, Colima, 05 de agosto del 2022.- La ley es el resultado de la vida y analizar su aplicaci\u00f3n desde el pensamiento feminista, requiere tambi\u00e9n dirigirse a los poderes judicial y legislativo para observar c\u00f3mo se materializa en las pol\u00edticas p\u00fablicas. Cualquier reflexi\u00f3n con perspectiva de g\u00e9nero acerca de <em>la igualdad sustantiva<\/em> y su verdadera legalidad, significa un reto, porque esta figura es hu\u00e9rfana de derecho.&nbsp;<\/p>\n\n\n\n<p class=\"wp-block-paragraph\">El concepto de igualdad contemplada en la ley, presenta vac\u00edos jur\u00eddicos que provocan contradicci\u00f3n manifiesta. De la definici\u00f3n de igualdad \u201c<em>se desprenden, la igualdad formal y la igualdad sustantiva<\/em>\u201d con valoraciones radicalmente diferentes. &nbsp;<\/p>\n\n\n\n<p class=\"wp-block-paragraph\">Las leyes generales para la igualdad y la vida libre de violencia gozan de igual importancia, en la consolidaci\u00f3n del Sistema para alcanzar esa Vida Libre de Violencia, pero su ejecuci\u00f3n dependen m\u00e1s, de programas e instancias gubernamentales que lamentablemente, carecen de suficiente presupuesto para su ejercicio.<\/p>\n\n\n\n<p class=\"wp-block-paragraph\">Entonces, se trata de enfrentar un proceso persona a persona, familia a familia, instituciones locales, comunitarias, escuelas, sindicatos, fundaciones, cooperativas para su aplicaci\u00f3n cotidiana. La pregunta general dice \u00bfQu\u00e9 es la igualdad? La segunda interrogante precisa \u00bfDe cu\u00e1l igualdad hablamos, de la formal o de la sustantiva?&nbsp;&nbsp;<\/p>\n\n\n\n<p class=\"wp-block-paragraph\">Veamos este discurso lleno de incongruencias. Hace medio siglo se estableci\u00f3 la igualdad de derecho entre hombres y mujeres en la Constituci\u00f3n Mexicana. El Congreso de la Uni\u00f3n aprob\u00f3 la reforma al Art\u00edculo 4\u00ba constitucional que lo garantiza, atendiendo acuerdos de la Convenci\u00f3n sobre los derechos de las mujeres, CEDAW.<\/p>\n\n\n\n<p class=\"wp-block-paragraph\">Siempre se sobreentiende y se identifica la <em>igualdad formal, <\/em>que proh\u00edbe toda discriminaci\u00f3n motivada por origen \u00e9tnico o nacional, el g\u00e9nero, la edad, las discapacidades, la condici\u00f3n social, las condiciones de salud, la religi\u00f3n, las opiniones, las preferencias sexuales, el estado civil o cualquier otra que atente contra la dignidad humana.<\/p>\n\n\n\n<p class=\"wp-block-paragraph\">Entonces, al referirse a <em>la igualdad sustantiva<\/em>, alude al ejercicio pleno de los derechos universales y a la capacidad de hacerlos efectivos en la vida cotidiana de manera individual, atendiendo a las diferencias y reconocer que, ser diferente no significa ser inferior. &nbsp;<\/p>\n\n\n\n<p class=\"wp-block-paragraph\">Los estudios jur\u00eddicos demuestran que estas leyes en M\u00e9xico, no generan derechos equitativos de manera autom\u00e1tica, para enfrentar las normas de vida &nbsp;que justifican la desigualdad socialmente arraigada por la cultura patriarcal. &nbsp;<\/p>\n\n\n\n<p class=\"wp-block-paragraph\">Asimismo la <em>igualdad sustantiva<\/em> hu\u00e9rfana, se diluye en la teor\u00eda y en las definiciones de la&nbsp; Ley General para la Igualdad entre Mujeres y Hombres en su art\u00edculo 5, fracci\u00f3n V, que la define como: \u201cel acceso al mismo trato y oportunidades para el reconocimiento, goce o ejercicio de los derechos humanos y las libertades fundamentales\u201d, sin aclarar ni reglamentar para convertirla en ley de obligatorio cumplimiento.<\/p>\n\n\n\n<p class=\"wp-block-paragraph\">Existe un ejemplo. Fue el 9 de agosto de 2013, cuando la Asamblea Legislativa de M\u00e9xico DF aprob\u00f3,&nbsp; la <em>Ley de igualdad sustantiva entre mujeres y hombres en el Distrito Federal,<\/em> que motiv\u00f3 importantes reformas a otras instituciones as\u00ed como adiciones a leyes que normaban &nbsp;la vida del&nbsp; Instituto de las Mujeres del Distrito Federal, e influyeron en cambios de la Ley de Salud,&nbsp; Ley de Educaci\u00f3n,&nbsp; Ley de Asistencia y Prevenci\u00f3n de la Violencia Familiar para esa instancia.<\/p>\n\n\n\n<p class=\"wp-block-paragraph\">En su Art\u00edculo Primero el texto expone: El gabinete estrat\u00e9gico y transdisciplinar de Igualdad Sustantiva con perspectiva de g\u00e9nero, tendr\u00e1 todo el respaldo del Ejecutivo y suficiencia presupuestal, y estar\u00e1 integrado por precisos ejes de acci\u00f3n.<\/p>\n\n\n\n<p class=\"wp-block-paragraph\">En sus argumentos de ejecuci\u00f3n prev\u00e9&nbsp; 4 dimensiones interconectadas, que deben tener para&nbsp; lograr la igualdad sustantiva:<\/p>\n\n\n\n<p class=\"wp-block-paragraph\">1) Correcci\u00f3n de la desventaja socioecon\u00f3mica de las mujeres;<\/p>\n\n\n\n<p class=\"wp-block-paragraph\">2) Abordaje de los estereotipos;<\/p>\n\n\n\n<p class=\"wp-block-paragraph\">3) El estigma y la violencia; y<\/p>\n\n\n\n<p class=\"wp-block-paragraph\">4) Fortalecimiento del poder de acci\u00f3n, la voz y la participaci\u00f3n de las mujeres.<\/p>\n\n\n\n<p class=\"wp-block-paragraph\">En las propuestas de las 4 dimensiones se\u00f1alaba el estigma de las violencias, con todos sus tipos y modalidades que hoy, adquieren matices incalculables. Y fundament\u00f3 materializar con hechos cotidianos &nbsp;nuestras vivencias que identifican la necesidad de esclarecer c\u00f3mo aplicar jur\u00eddicamente la <em>igualdad sustantiva<\/em>, que representa &nbsp;un reto para instrumentar pasos para su aplicaci\u00f3n social.<\/p>\n\n\n\n<p class=\"wp-block-paragraph\">A pesar de los enormes retos y deficiencias en esta materia, en M\u00e9xico se aprecian alentadores avances pr\u00e1cticos. Se instaur\u00f3 la paridad horizontal en la reelecci\u00f3n; se declar\u00f3 permanente a la comisi\u00f3n temporal de igualdad de g\u00e9nero del INE&nbsp; y se concretaron adecuaciones a los reglamentos para que no exista &nbsp;discriminaci\u00f3n en la distribuci\u00f3n de los tiempos oficiales en campa\u00f1as.<\/p>\n\n\n\n<p class=\"wp-block-paragraph\">Es historia desde 1979, Griselda \u00c1lvarez Ponce de Le\u00f3n en Colima, fue la primera mujer que alcanz\u00f3 una gubernatura en M\u00e9xico y 2022 en el siglo XXI, siete mujeres est\u00e1n gobernando de manera simult\u00e1nea. \u00a1Algo es algo!<\/p>\n\n\n\n<p class=\"wp-block-paragraph\">M\u00e1s, la paridad num\u00e9rica no significa necesariamente <em>igualdad sustantiva<\/em>, por eso una vez que las mujeres acceden a cargos de elecci\u00f3n y de decisi\u00f3n pol\u00edtica, deben prepararse para trabajar con sororidad &nbsp;por otras mujeres y ni\u00f1as.<\/p>\n\n\n\n<p class=\"wp-block-paragraph\">Los documentos existen y estimulan al estudio para integrar a la&nbsp; <em>igualdad sustantiva<\/em> al derecho, especialmente en procesos de interseccionalidad social.<\/p>\n\n\n\n<p class=\"wp-block-paragraph\">Los conceptos jur\u00eddicos, se aplican por seres humanos y quienes administran justicia lo hacen de acuerdo con su experiencia social, que implica la interacci\u00f3n con otros conceptos ideol\u00f3gicos, filos\u00f3ficos y pol\u00edticos, como la libertad y autonom\u00eda de las personas, especialmente de las mujeres con la necesaria referencia a otras categor\u00edas: lugar de procedencia, sexo, edad, etnia, color de la piel y, reconocer la diversidad cultural.<\/p>\n\n\n\n<p class=\"wp-block-paragraph\">El derecho no se alcanza de manera autom\u00e1tica, instrumenta sus medidas en pol\u00edticas p\u00fablicas, de ah\u00ed la significaci\u00f3n que tienen el reto de incluir como ley a la <em>igualdad sustantiva.<\/em> La democracia garantiza que los derechos de un sector de la poblaci\u00f3n no significa quitarle derechos a otro. Vale insistir que las mujeres no somos grupos vulnerables de la sociedad, somos la mitad m\u00e1s 1, de la poblaci\u00f3n, no obstante somos la parte m\u00e1s revictimizada de esos grupos vulnerables.&nbsp;<\/p>\n\n\n\n<p class=\"wp-block-paragraph\">Obvio que todo resulta m\u00e1s complejo despu\u00e9s de atravesar los 22 meses de pandemia por COVID y su lamentable rastro de &nbsp;secuelas culturales, pol\u00edticas de desempleo&nbsp; y hasta de salud mental, que&nbsp; se manifiestan en el crecimiento de la violencia dom\u00e9stica, con independencia&nbsp; de la situaci\u00f3n de cada territorio federal.&nbsp;&nbsp;<\/p>\n\n\n\n<p class=\"wp-block-paragraph\">En pol\u00edtica, se habla de justicia social. Sin equidad no puede haber justicia, y sin justicia, no puede haber paz ni seguridad. Urge seguir esclareciendo aprendiendo y construyendo acciones a fin de instrumentar acciones<em>,<\/em> para reconocer la igualdad de oportunidades y derechos humanos.<\/p>\n\n\n\n<p class=\"wp-block-paragraph\">El vac\u00edo jur\u00eddico de la <em>igualdad sustantiva<\/em> es un tema actual, para acad\u00e9micas y feministas estudiosas,&nbsp; porque &nbsp;impide su aplicaci\u00f3n pr\u00e1ctica en las pol\u00edticas p\u00fablicas. No debe ser un \u201c<em>desprendimiento\u201d<\/em> del concepto de igualdad, porque tiene su fuerza espec\u00edfica para avanzar hacia una nueva etapa en la cual, se puedan instrumentar&nbsp; las acciones que acorten la brecha de g\u00e9nero y de discriminaci\u00f3n a\u00fan vigentes.<\/p>\n\n\n\n<p class=\"wp-block-paragraph\">@Letra clara&nbsp;&nbsp; &nbsp;<\/p>\n","protected":false},"excerpt":{"rendered":"<p>La ley es el resultado de la vida y analizar su aplicaci\u00f3n desde el pensamiento feminista, requiere tambi\u00e9n dirigirse a los poderes judicial y legislativo para observar c\u00f3mo se materializa en las pol\u00edticas p\u00fablicas. <\/p>\n","protected":false},"author":3,"featured_media":9180,"comment_status":"open","ping_status":"open","sticky":false,"template":"","format":"standard","meta":{"_monsterinsights_skip_tracking":false,"footnotes":""},"categories":[693,101,35,79],"tags":[459],"class_list":["post-54222","post","type-post","status-publish","format-standard","has-post-thumbnail","category-693","category-letra-clara","category-opinion","category-teresa-valdes-betancourt","tag-opinion"],"_links":{"self":[{"href":"https:\/\/redsemlac.com\/semmexico\/wp-json\/wp\/v2\/posts\/54222","targetHints":{"allow":["GET"]}}],"collection":[{"href":"https:\/\/redsemlac.com\/semmexico\/wp-json\/wp\/v2\/posts"}],"about":[{"href":"https:\/\/redsemlac.com\/semmexico\/wp-json\/wp\/v2\/types\/post"}],"author":[{"embeddable":true,"href":"https:\/\/redsemlac.com\/semmexico\/wp-json\/wp\/v2\/users\/3"}],"replies":[{"embeddable":true,"href":"https:\/\/redsemlac.com\/semmexico\/wp-json\/wp\/v2\/comments?post=54222"}],"version-history":[{"count":0,"href":"https:\/\/redsemlac.com\/semmexico\/wp-json\/wp\/v2\/posts\/54222\/revisions"}],"wp:featuredmedia":[{"embeddable":true,"href":"https:\/\/redsemlac.com\/semmexico\/wp-json\/wp\/v2\/media\/9180"}],"wp:attachment":[{"href":"https:\/\/redsemlac.com\/semmexico\/wp-json\/wp\/v2\/media?parent=54222"}],"wp:term":[{"taxonomy":"category","embeddable":true,"href":"https:\/\/redsemlac.com\/semmexico\/wp-json\/wp\/v2\/categories?post=54222"},{"taxonomy":"post_tag","embeddable":true,"href":"https:\/\/redsemlac.com\/semmexico\/wp-json\/wp\/v2\/tags?post=54222"}],"curies":[{"name":"wp","href":"https:\/\/api.w.org\/{rel}","templated":true}]}}