{"id":54156,"date":"2022-08-04T08:10:10","date_gmt":"2022-08-04T14:10:10","guid":{"rendered":"https:\/\/redsemlac.com\/semmexico\/?p=54156"},"modified":"2023-07-21T19:10:44","modified_gmt":"2023-07-22T00:10:44","slug":"tras-la-puerta-del-poder-el-dedazo-ya-no-existe-amlo","status":"publish","type":"post","link":"https:\/\/redsemlac.com\/semmexico\/tras-la-puerta-del-poder-el-dedazo-ya-no-existe-amlo\/","title":{"rendered":"<strong>Tras la Puerta del Poder| El dedazo ya no existe: AMLO<\/strong>"},"content":{"rendered":"\n<p class=\"wp-block-paragraph\"><strong>Roberto Vizca\u00edno<\/strong><\/p>\n\n\n\n<p class=\"wp-block-paragraph\">SemM\u00e9xico, Ciudad de M\u00e9xico, 03 de agosto del 2022.- La suspicacia mexicana se define por un r\u00e1pido comentario: s\u00ed, c\u00f3mo no\u2026<\/p>\n\n\n\n<p class=\"wp-block-paragraph\">No hay mexicano que no sepa a qu\u00e9 se refiere alguien cuando otro emite esa respuesta.<\/p>\n\n\n\n<p class=\"wp-block-paragraph\">Y hoy a m\u00ed me viene naturalmente para responderle desde mi autorizada suspicacia innata al presidente Andr\u00e9s Manuel L\u00f3pez Obrador quien ayer se explay\u00f3 en su ma\u00f1anera para asegurar, garantizar a los muy suspicaces mexicanos que el \u201cdedazo\u201d presidencialista, inaugurado por Plutarco El\u00edas Calles junto con la creaci\u00f3n del PRI en 1939, y que oper\u00f3 efectivamente hasta hoy en todos los partidos nacionales, ya no existe m\u00e1s en M\u00e9xico.<\/p>\n\n\n\n<p class=\"wp-block-paragraph\">S\u00ed, c\u00f3mo no\u2026insisto yo.<\/p>\n\n\n\n<p class=\"wp-block-paragraph\">No entiendo c\u00f3mo puede afirmar tal cosa cuando su dedazo adelantad\u00edsimo lo dio en su ma\u00f1anera del lunes 5 de julio de 2021 al decir que su sucesor estaba entre Claudia Sheinbaum, Marcelo Ebrard y otros 3 de sus colaboradores que ni mencion\u00f3 porque desde un inicio solo fueron de relleno.<\/p>\n\n\n\n<p class=\"wp-block-paragraph\">Y me sorprende que asegure que el \u201cdedazo\u201d callista-pri\u00edsta ya no existe s\u00ed a lo largo de este a\u00f1o ya cumplido de realizar su destape, se ha decantado por la se\u00f1ora Sheinbaum y dejado cada vez a la orilla a Marcelo Ebrard, y absolutamente afuera a Ricardo Monreal, quien desde entonces intenta meterse en esa sucesi\u00f3n.<\/p>\n\n\n\n<p class=\"wp-block-paragraph\">Hubiera sido interesante que \u00e9l hubiera mencionado a quienes descorcholat\u00f3 aquel lunes y al mismo tiempo hubiera convocado a morenistas, a instituciones, a sectores, a universidades, etc a mencionar a sus prospectos.<\/p>\n\n\n\n<p class=\"wp-block-paragraph\">Y que corrieran nombres para que de ah\u00ed saliera el que el pueblo quiere, como \u00e9l dice.<\/p>\n\n\n\n<p class=\"wp-block-paragraph\">Peeero su voluntarioso dedo ha operado como desde el callismo no s\u00f3lo en lo de su posible sucesora, sino en la designaci\u00f3n de candidatos a gobernador y otros cargos.<\/p>\n\n\n\n<p class=\"wp-block-paragraph\">&nbsp;Pero a pesar de todas estas inocultables evidencias, \u00e9l insiste:<\/p>\n\n\n\n<p class=\"wp-block-paragraph\">\u201cLa gente ya cambi\u00f3 de mentalidad, hay una mayor politizaci\u00f3n y concientizaci\u00f3n\u2026 El partido est\u00e1 dando ejemplo de democratizaci\u00f3n\u2026\u201d<\/p>\n\n\n\n<p class=\"wp-block-paragraph\">\u201cEstoy conforme con cualquier candidato, candidata porque todos y todas son mejores que las y&nbsp; los adversarios, no hay l\u00ednea, dedazo, puede ser que se peleen porque no han entendido que eso ya se qued\u00f3 atr\u00e1s.\u201d<\/p>\n\n\n\n<p class=\"wp-block-paragraph\">\u201cEl pueblo, es el soberano. Ya no es de que voy a llegar porque mi t\u00edo, mi familiar est\u00e1 en la pol\u00edtica\u2026 no lo han querido entender y piensan que si se lanzan en contra del movimiento por lo que dicen los conservadores, somos iguales y no\u2026\u201d<\/p>\n\n\n\n<p class=\"wp-block-paragraph\">\u201cEl pueblo no es tonto\u2026\u201d, subray\u00f3.<\/p>\n\n\n\n<p class=\"wp-block-paragraph\">Yo responder\u00eda: tonto no, pero muy cre\u00eddo s\u00ed. Listo siempre a recibir su atole con el dedo (otro dicho muy mexicano igualmente para describir la suspicacia popular) Ah\u00ed est\u00e1n las encuestas que lo siguen dando con m\u00e1s del 50 por ciento de credibilidad a pesar del inocultable uso del al parecer inmortal dedazo callista.<\/p>\n\n\n\n<p class=\"wp-block-paragraph\"><strong>Se vol\u00f3 el debido proceso con Pe\u00f1a Nieto<\/strong><\/p>\n\n\n\n<p class=\"wp-block-paragraph\">Y como en otros casos, ayer el mandatario mexicano rompi\u00f3 e inhabilit\u00f3 el debido proceso en el caso de la triple indagatoria de la Fiscal\u00eda General de la Rep\u00fablica en contra del expresidente Enrique Pe\u00f1a Nieto.<\/p>\n\n\n\n<p class=\"wp-block-paragraph\">AMLO aclar\u00f3 que s\u00ed, que la FGR hizo p\u00fablicas estas investigaciones porque a \u00e9l, a L\u00f3pez Obrador, \u201calguien\u201d se lo pidi\u00f3 en una ma\u00f1anera.<\/p>\n\n\n\n<p class=\"wp-block-paragraph\">\u201cEs importante resaltar que la misma fiscal\u00eda habla de que se est\u00e1n analizando y que contempla un fraude con OHL, por delitos electorales y lavado de dinero\u2026 Mi postura es que el Ejecutivo iba a presentar denuncias si la gente lo ped\u00eda y si no que no nos qued\u00e1ramos en el pasado\u2026\u201d<\/p>\n\n\n\n<p class=\"wp-block-paragraph\">\u00d3sea\u2026<\/p>\n\n\n\n<p class=\"wp-block-paragraph\"><strong>Monreal se desmarca de nuevo<\/strong><\/p>\n\n\n\n<p class=\"wp-block-paragraph\">En este contexto, interrogado respecto a esas indagatorias contra Pe\u00f1a Nieto, el presidente de la Junta de Coordinaci\u00f3n Pol\u00edtica del Senado y abierto aspirante a la sucesi\u00f3n presidencial del 2024, aclar\u00f3:<\/p>\n\n\n\n<p class=\"wp-block-paragraph\">\u201cYo soy abogado, me form\u00e9 en la UNAM, estudi\u00e9 especialidad, maestr\u00eda y doctorado en la UNAM. Recib\u00ed clases de los mejores maestros, que muchos de ellos ya no est\u00e1n: Fix-Zamudio, Ignacio Burgoa, Acosta Romero, Trueba Urbina. De los mejores recib\u00ed\u2026; Jorge Carpizo.<\/p>\n\n\n\n<p class=\"wp-block-paragraph\">\u201cY de los grandes siempre aprend\u00ed que la presunci\u00f3n de inocencia y el debido proceso son sagrados. Yo no me voy a convertir en un Torquemada, o en un juez implacable y un juez que sin tener los elementos acuse. No lo voy a hacer\u201d.<\/p>\n\n\n\n<p class=\"wp-block-paragraph\">O sea, nada que ver con Andr\u00e9s Manuel L\u00f3pez Obrador, pues. Digo yo.<\/p>\n\n\n\n<p class=\"wp-block-paragraph\">Y para rematar agreg\u00f3:<\/p>\n\n\n\n<p class=\"wp-block-paragraph\">\u201cY me parece que este tipo de procesos deber\u00eda de llevarse a cabo en los tribunales, en el ministerio p\u00fablico y no en tribunales de medios. No creo que sea lo correcto. Voy a defender siempre el principio de presunci\u00f3n de inocencia y no me sumo al clima de linchamiento de nadie, \u00a1de nadie!, de donde vengan, porque yo he sido v\u00edctima de eso y no voy a hacer lo mismo ahora que soy mayor\u00eda legislativa\u201d.<\/p>\n\n\n\n<p class=\"wp-block-paragraph\">\u00a1Ouch!, \u00a1uy!<\/p>\n\n\n\n<p class=\"wp-block-paragraph\">&#8230;rvizcainoa@gmail.com \/ Twitter: @_Vizcaino \/ Facebook \/ <a href=\"https:\/\/www.facebook.com\/rvizcainoa\">https:\/\/www.facebook.com\/rvizcainoa<\/a><\/p>\n","protected":false},"excerpt":{"rendered":"<p>La suspicacia mexicana se define por un r\u00e1pido comentario: s\u00ed, c\u00f3mo no\u2026<\/p>\n","protected":false},"author":3,"featured_media":39589,"comment_status":"open","ping_status":"open","sticky":false,"template":"","format":"standard","meta":{"_monsterinsights_skip_tracking":false,"footnotes":""},"categories":[693,35,623,622],"tags":[],"class_list":["post-54156","post","type-post","status-publish","format-standard","has-post-thumbnail","category-693","category-opinion","category-roberto-vizcaino","category-tras-la-puerta-del-poder"],"_links":{"self":[{"href":"https:\/\/redsemlac.com\/semmexico\/wp-json\/wp\/v2\/posts\/54156","targetHints":{"allow":["GET"]}}],"collection":[{"href":"https:\/\/redsemlac.com\/semmexico\/wp-json\/wp\/v2\/posts"}],"about":[{"href":"https:\/\/redsemlac.com\/semmexico\/wp-json\/wp\/v2\/types\/post"}],"author":[{"embeddable":true,"href":"https:\/\/redsemlac.com\/semmexico\/wp-json\/wp\/v2\/users\/3"}],"replies":[{"embeddable":true,"href":"https:\/\/redsemlac.com\/semmexico\/wp-json\/wp\/v2\/comments?post=54156"}],"version-history":[{"count":0,"href":"https:\/\/redsemlac.com\/semmexico\/wp-json\/wp\/v2\/posts\/54156\/revisions"}],"wp:featuredmedia":[{"embeddable":true,"href":"https:\/\/redsemlac.com\/semmexico\/wp-json\/wp\/v2\/media\/39589"}],"wp:attachment":[{"href":"https:\/\/redsemlac.com\/semmexico\/wp-json\/wp\/v2\/media?parent=54156"}],"wp:term":[{"taxonomy":"category","embeddable":true,"href":"https:\/\/redsemlac.com\/semmexico\/wp-json\/wp\/v2\/categories?post=54156"},{"taxonomy":"post_tag","embeddable":true,"href":"https:\/\/redsemlac.com\/semmexico\/wp-json\/wp\/v2\/tags?post=54156"}],"curies":[{"name":"wp","href":"https:\/\/api.w.org\/{rel}","templated":true}]}}