{"id":54132,"date":"2022-08-03T14:50:17","date_gmt":"2022-08-03T20:50:17","guid":{"rendered":"https:\/\/redsemlac.com\/semmexico\/?p=54132"},"modified":"2023-07-21T19:10:44","modified_gmt":"2023-07-22T00:10:44","slug":"mujeres-captan-lo-que-ven-todos-los-dias-con-su-camara-fotografica-nadine-gasman","status":"publish","type":"post","link":"https:\/\/redsemlac.com\/semmexico\/mujeres-captan-lo-que-ven-todos-los-dias-con-su-camara-fotografica-nadine-gasman\/","title":{"rendered":"\u201cMujeres captan lo que ven todos los d\u00edas con su c\u00e1mara fotogr\u00e1fica\u201d: Nadine Gasman"},"content":{"rendered":"\n<p class=\"wp-block-paragraph\"><strong>Lizbeth \u00c1lvarez Mart\u00ednez<\/strong><\/p>\n\n\n\n<p class=\"wp-block-paragraph\">SemM\u00e9xico, Ciudad de M\u00e9xico, 03 de agosto del 2022.- De 170 fot\u00f3grafas que participaron en el primer Concurso Nacional de Fotograf\u00eda \u201cInmujeres 20 a\u00f1os avanzando juntas por la igualdad\u201d, s\u00f3lo a nueve les entregaron un reconocimiento por parte del jurado y de la presidenta del Instituto Nacional de la Mujer de M\u00e9xico, Nadine Flora Gasman Zylbermann.<\/p>\n\n\n\n<p class=\"wp-block-paragraph\">El primer lugar de la categor\u00eda \u201cEmpoderamiento de las ni\u00f1as\u201d, se lo llev\u00f3 Cecilia Alvarado Dom\u00ednguez, originaria del estado de Oaxaca, con la fotograf\u00eda \u201cAmbar\u201d.<\/p>\n\n\n\n<p class=\"wp-block-paragraph\">\u201cAmbar es el nombre de la ni\u00f1a que aparece en la imagen, ella es de origen istme\u00f1o, se dedica a la m\u00fasica. Me gusta ver la manera en que sus pap\u00e1s la motivan para que ella haga sus sue\u00f1os realidad\u201d, as\u00ed lo platic\u00f3 la premiada para SemM\u00e9xico.<\/p>\n\n\n\n<figure class=\"wp-block-video\"><video height=\"352\" style=\"aspect-ratio: 640 \/ 352;\" width=\"640\" controls src=\"https:\/\/redsemlac.com\/semmexico\/wp-content\/uploads\/2022\/08\/WhatsApp-Video-2022-08-03-at-3.16.10-PM.mp4\"><\/video><\/figure>\n\n\n\n<p class=\"wp-block-paragraph\">Continuando en la misma categor\u00eda, el segundo lugar fue para Juana Hern\u00e1ndez V\u00e1zquez, mejor conocida como \u201cJuana Pola\u201d, originaria de Santo Domingo Tehuantepec, Oaxaca. Captur\u00f3 la imagen de una madre de 19 a\u00f1os de edad junto a su hija, titul\u00e1ndola \u201cMi cuerpo es mi territorio\u201d.<\/p>\n\n\n\n<figure class=\"wp-block-video\"><video height=\"352\" style=\"aspect-ratio: 640 \/ 352;\" width=\"640\" controls src=\"https:\/\/redsemlac.com\/semmexico\/wp-content\/uploads\/2022\/08\/WhatsApp-Video-2022-08-03-at-3.16.09-PM-2.mp4\"><\/video><\/figure>\n\n\n\n<p class=\"wp-block-paragraph\">\u201cActualmente son muchos los hombres que toman fotograf\u00edas en Tehuantepec. Yo me inscrib\u00ed a un taller de fotograf\u00eda de mujeres, y es ah\u00ed como surge tomar fotos a m\u00e1s mujeres, crear nuevas im\u00e1genes. Cuando tenemos hijos cambia nuestro cuerpo, fue lo que me inspir\u00f3 a crear\u201d, expuso la tehuana.<\/p>\n\n\n\n<p class=\"wp-block-paragraph\">Mientras que en la categor\u00eda de \u201cSororidad\u201d, el primer lugar fue para Carmen S\u00e1nchez Mendoza, originaria de Puebla, su foto fue nombrada \u201cRed Ra\u00edz\u201d. Nos explic\u00f3 en entrevista que es la mano de ella y su abuela, con los paliacates que representan los colores feministas.<\/p>\n\n\n\n<figure class=\"wp-block-video\"><video height=\"352\" style=\"aspect-ratio: 640 \/ 352;\" width=\"640\" controls src=\"https:\/\/redsemlac.com\/semmexico\/wp-content\/uploads\/2022\/08\/WhatsApp-Video-2022-08-03-at-3.16.09-PM.mp4\"><\/video><\/figure>\n\n\n\n<p class=\"wp-block-paragraph\">\u201cLa foto representa m\u00ed red sorora m\u00e1s cercana, es mi abuela, por eso se llama red ra\u00edz. Vengo de San Andr\u00e9s Cholula, Puebla, de una comunidad que se llama Tlaxcalancingo, somos gente originaria, ind\u00edgenas. Busqu\u00e9 los colores representativos al movimiento feminista, el verde y morado, es la mano de mi abuela y mi mano\u201d.<\/p>\n\n\n\n<p class=\"wp-block-paragraph\">Por su parte, la presidente del Inmujeres, Nadine Flora Gasman, asegur\u00f3 que la intenci\u00f3n fue lanzar la convocatoria para conocer, as\u00ed como para plasmar la mirada de las mujeres en su diversidad, en sus m\u00faltiples facetas y etapas de la vida de ellas y de otras mujeres. \u201cNos dieron la oportunidad de ver, lo que ellas ven todos los d\u00edas, lo que captaron con su c\u00e1maras fotogr\u00e1ficas\u201d.<\/p>\n\n\n\n<figure class=\"wp-block-gallery has-nested-images columns-default is-cropped wp-block-gallery-1 is-layout-flex wp-block-gallery-is-layout-flex\">\n<figure class=\"wp-block-image size-large\"><a href=\"https:\/\/redsemlac.com\/semmexico\/wp-content\/uploads\/2022\/08\/WhatsApp-Image-2022-08-03-at-3.16.10-PM-2.jpeg\"><img decoding=\"async\" data-id=\"54136\" src=\"https:\/\/redsemlac.com\/semmexico\/wp-content\/uploads\/2022\/08\/WhatsApp-Image-2022-08-03-at-3.16.10-PM-2-768x1024.jpeg\" alt=\"\" class=\"wp-image-54136\"\/><\/a><\/figure>\n\n\n\n<figure class=\"wp-block-image size-large\"><a href=\"https:\/\/redsemlac.com\/semmexico\/wp-content\/uploads\/2022\/08\/WhatsApp-Image-2022-08-03-at-3.16.10-PM-3.jpeg\"><img decoding=\"async\" data-id=\"54135\" src=\"https:\/\/redsemlac.com\/semmexico\/wp-content\/uploads\/2022\/08\/WhatsApp-Image-2022-08-03-at-3.16.10-PM-3-1024x768.jpeg\" alt=\"\" class=\"wp-image-54135\"\/><\/a><\/figure>\n\n\n\n<figure class=\"wp-block-image size-large\"><a href=\"https:\/\/redsemlac.com\/semmexico\/wp-content\/uploads\/2022\/08\/WhatsApp-Image-2022-08-03-at-3.16.11-PM.jpeg\"><img decoding=\"async\" data-id=\"54134\" src=\"https:\/\/redsemlac.com\/semmexico\/wp-content\/uploads\/2022\/08\/WhatsApp-Image-2022-08-03-at-3.16.11-PM-1024x768.jpeg\" alt=\"\" class=\"wp-image-54134\"\/><\/a><\/figure>\n<\/figure>\n\n\n\n<p class=\"wp-block-paragraph\"><em>Todas las ganadoras:<\/em><\/p>\n\n\n\n<h2 class=\"wp-block-heading\"><strong><em>Empoderamiento de las ni\u00f1as<\/em><\/strong><\/h2>\n\n\n\n<p class=\"wp-block-paragraph\">El primer lugar es para Mar\u00eda Cecilia Alvarado Dom\u00ednguez de Oaxaca con la fotograf\u00eda \u201cAmbar\u201d<\/p>\n\n\n\n<p class=\"wp-block-paragraph\">El segundo lugar es para Juana Hern\u00e1ndez V\u00e1zquez de Oaxaca con la fotograf\u00eda \u201cMi cuerpo es mi territorio\u201d.<\/p>\n\n\n\n<p class=\"wp-block-paragraph\">El tercer lugar es para Mariana Daniela Mart\u00ednez Hern\u00e1ndez de la Ciudad de M\u00e9xico con la fotograf\u00eda \u201cCultivando libertad\u201d.<\/p>\n\n\n\n<h2 class=\"wp-block-heading\"><strong><em>Mujeres ind\u00edgenas y afromexicanas<\/em><\/strong><\/h2>\n\n\n\n<p class=\"wp-block-paragraph\">El primer lugar es para Florencia de la Mora Ohner de Jalisco con la fotograf\u00eda \u201cEntrelazo\u201d.<\/p>\n\n\n\n<p class=\"wp-block-paragraph\">El segundo lugar es para Gloria Esther Brice\u00f1o Alcaraz de Jalisco con la fotograf\u00eda \u201cMirando al horizonte\u201d.<\/p>\n\n\n\n<p class=\"wp-block-paragraph\">El tercer lugar es para Carolina Ponce Madrigal de Yucat\u00e1n con la fotograf\u00eda \u201cTejido de universos\u201d.<\/p>\n\n\n\n<h2 class=\"wp-block-heading\"><strong><em>Sororidad<\/em><\/strong><\/h2>\n\n\n\n<p class=\"wp-block-paragraph\">El primer lugar es para Ma. Del Carmen S\u00e1nchez Mendoza de Puebla con la fotograf\u00eda \u201cRed Ra\u00edz\u201d.<\/p>\n\n\n\n<p class=\"wp-block-paragraph\">El segundo lugar es para Paola Wendolyn Anaya Luna de Guanajuato con la fotograf\u00eda \u201cLibertad\u201d.<\/p>\n\n\n\n<p class=\"wp-block-paragraph\">El tercer lugar es para B\u00e1rbara Annette Polito Belmont de Oaxaca con la fotograf\u00eda \u201cNo de sangre\u201d.<\/p>\n\n\n\n<p class=\"wp-block-paragraph\">SEM\/MG<\/p>\n","protected":false},"excerpt":{"rendered":"<p> De 170 fot\u00f3grafas que participaron en el primer Concurso Nacional de Fotograf\u00eda \u201cInmujeres 20 a\u00f1os avanzando juntas por la igualdad\u201d<\/p>\n","protected":false},"author":3,"featured_media":54139,"comment_status":"open","ping_status":"open","sticky":false,"template":"","format":"standard","meta":{"_monsterinsights_skip_tracking":false,"footnotes":""},"categories":[693,51],"tags":[],"class_list":["post-54132","post","type-post","status-publish","format-standard","has-post-thumbnail","category-693","category-ejecutivo"],"_links":{"self":[{"href":"https:\/\/redsemlac.com\/semmexico\/wp-json\/wp\/v2\/posts\/54132","targetHints":{"allow":["GET"]}}],"collection":[{"href":"https:\/\/redsemlac.com\/semmexico\/wp-json\/wp\/v2\/posts"}],"about":[{"href":"https:\/\/redsemlac.com\/semmexico\/wp-json\/wp\/v2\/types\/post"}],"author":[{"embeddable":true,"href":"https:\/\/redsemlac.com\/semmexico\/wp-json\/wp\/v2\/users\/3"}],"replies":[{"embeddable":true,"href":"https:\/\/redsemlac.com\/semmexico\/wp-json\/wp\/v2\/comments?post=54132"}],"version-history":[{"count":0,"href":"https:\/\/redsemlac.com\/semmexico\/wp-json\/wp\/v2\/posts\/54132\/revisions"}],"wp:featuredmedia":[{"embeddable":true,"href":"https:\/\/redsemlac.com\/semmexico\/wp-json\/wp\/v2\/media\/54139"}],"wp:attachment":[{"href":"https:\/\/redsemlac.com\/semmexico\/wp-json\/wp\/v2\/media?parent=54132"}],"wp:term":[{"taxonomy":"category","embeddable":true,"href":"https:\/\/redsemlac.com\/semmexico\/wp-json\/wp\/v2\/categories?post=54132"},{"taxonomy":"post_tag","embeddable":true,"href":"https:\/\/redsemlac.com\/semmexico\/wp-json\/wp\/v2\/tags?post=54132"}],"curies":[{"name":"wp","href":"https:\/\/api.w.org\/{rel}","templated":true}]}}