{"id":54125,"date":"2022-08-03T09:19:09","date_gmt":"2022-08-03T15:19:09","guid":{"rendered":"https:\/\/redsemlac.com\/semmexico\/?p=54125"},"modified":"2023-07-21T19:10:45","modified_gmt":"2023-07-22T00:10:45","slug":"gobernadora-de-guerrero-en-lugar-11-de-popularidad-y-30-de-desempeno","status":"publish","type":"post","link":"https:\/\/redsemlac.com\/semmexico\/gobernadora-de-guerrero-en-lugar-11-de-popularidad-y-30-de-desempeno\/","title":{"rendered":"Gobernadora de Guerrero en lugar 11 de popularidad y 30 de desempe\u00f1o"},"content":{"rendered":"\n<ul class=\"wp-block-list\"><li><strong>A 9 meses de asumir el Poder Ejecutivo de Guerrero, est\u00e1 pr\u00e1cticamente en el mismo nivel de evaluaci\u00f3n del desempe\u00f1o que su antecesor.<\/strong><strong><\/strong><\/li><\/ul>\n\n\n\n<p class=\"wp-block-paragraph\"><strong>Redacci\u00f3n<\/strong><\/p>\n\n\n\n<p class=\"wp-block-paragraph\">SemM\u00e9xico\/Ceprovysa, Chilpancingo, Guerrero, 03 de agosto del 2022.- La Gobernadora Evelyn Salgado Pineda fue ubicada en&nbsp;<em>el lugar n\u00famero 30 del ranking de desempe\u00f1o<\/em>&nbsp;de entre la revisi\u00f3n de los 32 estados; s\u00f3lo debajo de ella, entre las nuevas gubernaturas, est\u00e1 Zacatecas.<\/p>\n\n\n\n<p class=\"wp-block-paragraph\">De sus similares gobernadoras, por encima de ella, con mejores lugares, est\u00e1n todas sus compa\u00f1eras de Morena que iniciaron hace menos de un a\u00f1o y la panista de Chihuahua.<\/p>\n\n\n\n<p class=\"wp-block-paragraph\">As\u00ed Marina del Pilar \u00c1vila Olmedo, de Baja California en el lugar 3 de desempe\u00f1o; Mar\u00eda Eugenia Campos, de Chihuahua est\u00e1 en el lugar 7; la gobernadora de Tlaxcala, Lorena Cu\u00e9llar Cisneros en&nbsp; el lugar 16, y en el 18, la gobernadora de Campeche,&nbsp; Layla Sansores; incluso por&nbsp; debajo de la morenista de Colima, \u00cdndira Vizca\u00edno. Todas,&nbsp; como ella iniciaron su mandato apenas en 2021, con pocos meses de mandato.<\/p>\n\n\n\n<p class=\"wp-block-paragraph\">\u00c9ste lugar est\u00e1 reflejado en la m\u00e1s reciente m\u00e9trica de evaluaci\u00f3n de las y los gobernadores del pa\u00eds realizada en la&nbsp;<em>edici\u00f3n 29\u00b0 del Ranking de Gobernadores de M\u00e9xico<\/em>, por C&amp;E RESEARCH (revista la consultor\u00eda&nbsp;<em>en<\/em>&nbsp;comunicaci\u00f3n pol\u00edtica,&nbsp;<em>de<\/em>&nbsp;gobierno y campa\u00f1as electorales).<\/p>\n\n\n\n<p class=\"wp-block-paragraph\">El pulso presentado en este mes de agosto ubicada a la Gobernadora Evelyn Salgado Pineda en&nbsp;lugar n\u00famero 11 de popularidad.<\/p>\n\n\n\n<p class=\"wp-block-paragraph\">A 9 meses de asumir el Poder Ejecutivo de Guerrero, est\u00e1 pr\u00e1cticamente en el mismo nivel de evaluaci\u00f3n del desempe\u00f1o que su antecesor, H\u00e9ctor Astudillo Flores tuvo en el \u00faltimo mes de su gobierno.<\/p>\n\n\n\n<p class=\"wp-block-paragraph\">Otros factores evaluados fueron felicidad d\u00f3nde est\u00e1 ubicada en el lugar 14; en el de seguridad 26 y en el combate a la pobreza 29.<\/p>\n\n\n\n<p class=\"wp-block-paragraph\">SEM\/MG<\/p>\n","protected":false},"excerpt":{"rendered":"<p>A 9 meses de asumir el Poder Ejecutivo de Guerrero, est\u00e1 pr\u00e1cticamente en el mismo nivel de evaluaci\u00f3n del desempe\u00f1o que su antecesor.<\/p>\n","protected":false},"author":3,"featured_media":54126,"comment_status":"open","ping_status":"open","sticky":false,"template":"","format":"standard","meta":{"_monsterinsights_skip_tracking":false,"footnotes":""},"categories":[693,51],"tags":[],"class_list":["post-54125","post","type-post","status-publish","format-standard","has-post-thumbnail","category-693","category-ejecutivo"],"_links":{"self":[{"href":"https:\/\/redsemlac.com\/semmexico\/wp-json\/wp\/v2\/posts\/54125","targetHints":{"allow":["GET"]}}],"collection":[{"href":"https:\/\/redsemlac.com\/semmexico\/wp-json\/wp\/v2\/posts"}],"about":[{"href":"https:\/\/redsemlac.com\/semmexico\/wp-json\/wp\/v2\/types\/post"}],"author":[{"embeddable":true,"href":"https:\/\/redsemlac.com\/semmexico\/wp-json\/wp\/v2\/users\/3"}],"replies":[{"embeddable":true,"href":"https:\/\/redsemlac.com\/semmexico\/wp-json\/wp\/v2\/comments?post=54125"}],"version-history":[{"count":0,"href":"https:\/\/redsemlac.com\/semmexico\/wp-json\/wp\/v2\/posts\/54125\/revisions"}],"wp:featuredmedia":[{"embeddable":true,"href":"https:\/\/redsemlac.com\/semmexico\/wp-json\/wp\/v2\/media\/54126"}],"wp:attachment":[{"href":"https:\/\/redsemlac.com\/semmexico\/wp-json\/wp\/v2\/media?parent=54125"}],"wp:term":[{"taxonomy":"category","embeddable":true,"href":"https:\/\/redsemlac.com\/semmexico\/wp-json\/wp\/v2\/categories?post=54125"},{"taxonomy":"post_tag","embeddable":true,"href":"https:\/\/redsemlac.com\/semmexico\/wp-json\/wp\/v2\/tags?post=54125"}],"curies":[{"name":"wp","href":"https:\/\/api.w.org\/{rel}","templated":true}]}}