{"id":54122,"date":"2022-08-03T09:16:58","date_gmt":"2022-08-03T15:16:58","guid":{"rendered":"https:\/\/redsemlac.com\/semmexico\/?p=54122"},"modified":"2023-07-21T19:10:45","modified_gmt":"2023-07-22T00:10:45","slug":"ante-violencia-crean-red-de-cuidadoras-de-veracruz","status":"publish","type":"post","link":"https:\/\/redsemlac.com\/semmexico\/ante-violencia-crean-red-de-cuidadoras-de-veracruz\/","title":{"rendered":"Ante violencia, crean red de cuidadoras de Veracruz"},"content":{"rendered":"\n<ul class=\"wp-block-list\"><li><strong>Cuidadoras de hijos e hijas que viven en el trastorno del espectro autista, se enfrentan de manera diaria a las violencias que eso implica.<\/strong><\/li><li><strong>En el pa\u00eds no existe un Sistema Nacional de Cuidados donde el gobierno y las empresas se involucren.<\/strong><\/li><\/ul>\n\n\n\n<p class=\"wp-block-paragraph\"><strong>Ana Alicia Osorio<\/strong><\/p>\n\n\n\n<p class=\"wp-block-paragraph\">SemM\u00e9xico, Veracruz, 03 de agosto del 2022.- Cuando Rosal\u00eda y otras mujeres se enteraron del feminicidio de Luz Raquel, vino el miedo, pero tambi\u00e9n vino la necesidad de hacer algo, de organizarse, de vencer el silencio en el que han vivido. As\u00ed crearon la Red de Cuidadoras de Veracruz.<\/p>\n\n\n\n<p class=\"wp-block-paragraph\">Rosal\u00eda Hern\u00e1ndez y sus compa\u00f1eras son cuidadoras de hijos e hijas que viven en el trastorno del espectro autista y se enfrentan de manera diaria a las violencias que eso implica. Por eso cuando vieron la noticia de Luz Raquel, supieron que deb\u00edan hacer algo. Luz Raquel hab\u00eda recibido amenazas y fue atacada con cloro por su vecino, quien dec\u00eda que le molestaban los ruidos que su hijo hac\u00eda debido a su trastorno; fue v\u00edctima de feminicidio el 16 de julio.<\/p>\n\n\n\n<p class=\"wp-block-paragraph\">Durante sus pl\u00e1ticas en los centros de los tratamientos notaron que viven situaciones parecidas: vecinos y vecinas que las agreden, discriminaci\u00f3n en las calles, falta de acceso a las terapias o tratamientos, falta de tiempo. Por eso hab\u00edan platicado de unirse. Pero ese d\u00eda fue el detonante.<\/p>\n\n\n\n<p class=\"wp-block-paragraph\">\u201cVen\u00edamos platicando esto varias mam\u00e1s usuarias del centro de rehabilitaci\u00f3n en las terapias de nuestros hijos que coincidimos y nos ponemos a platicar pues ah\u00ed empezamos a decir pues est\u00e1 pasando esto, est\u00e1 pasando esto otro, ser\u00eda bueno que nos uni\u00e9ramos pero nunca terminaba de concretarse porque nadie tiene tiempo (\u2026) pero hace unos d\u00edas desafortunadamente ocurre el feminicidio de Luz Raquel y es ah\u00ed un detonante que as\u00ed como Luz hay muchas mujeres que est\u00e1n pasando por estas situaciones en todas las entidades y pues aqu\u00ed tambi\u00e9n\u201d, cuenta Rosal\u00eda Hern\u00e1ndez, integrante de la Red de Cuidadoras de Veracruz.<\/p>\n\n\n\n<p class=\"wp-block-paragraph\">Actualmente el colectivo lo conforman seis mujeres. Buscan invitar a m\u00e1s pero Rosal\u00eda sabe que es posible que no tengan tiempo y es que cuidar a sus hijas e hijos es un trabajo 24\/7, uno donde viven violencias y no es reconocido.<\/p>\n\n\n\n<p class=\"wp-block-paragraph\">La falta de tiempo no es una idea que ella tenga sin sustento, las mujeres en Veracruz dedican 57 horas a la semana al trabajo no remunerado mientras los hombres dedican 20.3 horas, es decir la mitad. Veracruz es la tercera entidad del pa\u00eds donde m\u00e1s horas destinan ellas a estas actividades, seg\u00fan la Encuesta del Uso de Tiempo del 2019 del INEGI.<\/p>\n\n\n\n<p class=\"wp-block-paragraph\">De hecho esa falta de tiempo es uno de los grandes problemas y violencias que las integrantes de la Red de Cuidadoras de Veracruz enfrentan, pues en el pa\u00eds no existe un Sistema Nacional de Cuidados donde el gobierno y las empresas se involucren en esta tarea. Aunque existe una iniciativa, fue aprobada por la C\u00e1mara de Diputados y permanece en la C\u00e1mara de Senadores.<\/p>\n\n\n\n<p class=\"wp-block-paragraph\">\u201cUna primera cosa es que justamente la sobrecarga que llevamos como cuidadoras, como somos en su mayor\u00eda mujeres quienes nos hacemos cargo de los cuidados, cuidados de personas mayores, con discapacidad o con neurodiversidad y pues a veces tenemos dobles o triples jornadas, te estoy hablando de que trabajamos algunas, hacemos trabajo remunerados y no remunerados en los hogares, vamos a las terapias de nuestros hijos, algunas estudiamos, eso nos deja en el trabajo, en el cuidado que obviamente no se ve, no se valora y ni siquiera se reconoce jur\u00eddicamente, tenemos dos o tres menciones en la legislaci\u00f3n que intenta abrigarnos pero no una protecci\u00f3n\u201d, afirm\u00f3 Rosal\u00eda.<\/p>\n\n\n\n<p class=\"wp-block-paragraph\">La falta de acceso a los medicamentos para sus hijos e hijas, la discriminaci\u00f3n en las calles porque se tiene una discapacidad que no se ve, entre muchos otros problemas, viven de manera diaria. Por eso a pesar del tiempo decidieron unirse, para como Luz, convertirse en activistas por los cuidados.<\/p>\n\n\n\n<p class=\"wp-block-paragraph\">Por eso dijimos pues es ahora, si nosotras no nos promov\u00edamos como un colectivo o como una asociaci\u00f3n desde Veracruz, en Veracruz esto va a seguir siendo invisibilizado y nadie lo va a notar y a Luz ahorita van a hablar de ella porque es nota y en un mes ya nada\u201d, sentenci\u00f3.<\/p>\n\n\n\n<p class=\"wp-block-paragraph\">SEM\/MG<\/p>\n","protected":false},"excerpt":{"rendered":"<p>Cuidadoras de hijos e hijas que viven en el trastorno del espectro autista, se enfrentan de manera diaria a las violencias que eso implica.<\/p>\n","protected":false},"author":3,"featured_media":54123,"comment_status":"open","ping_status":"open","sticky":false,"template":"","format":"standard","meta":{"_monsterinsights_skip_tracking":false,"footnotes":""},"categories":[693,54],"tags":[149],"class_list":["post-54122","post","type-post","status-publish","format-standard","has-post-thumbnail","category-693","category-mujeres","tag-mujeres"],"_links":{"self":[{"href":"https:\/\/redsemlac.com\/semmexico\/wp-json\/wp\/v2\/posts\/54122","targetHints":{"allow":["GET"]}}],"collection":[{"href":"https:\/\/redsemlac.com\/semmexico\/wp-json\/wp\/v2\/posts"}],"about":[{"href":"https:\/\/redsemlac.com\/semmexico\/wp-json\/wp\/v2\/types\/post"}],"author":[{"embeddable":true,"href":"https:\/\/redsemlac.com\/semmexico\/wp-json\/wp\/v2\/users\/3"}],"replies":[{"embeddable":true,"href":"https:\/\/redsemlac.com\/semmexico\/wp-json\/wp\/v2\/comments?post=54122"}],"version-history":[{"count":0,"href":"https:\/\/redsemlac.com\/semmexico\/wp-json\/wp\/v2\/posts\/54122\/revisions"}],"wp:featuredmedia":[{"embeddable":true,"href":"https:\/\/redsemlac.com\/semmexico\/wp-json\/wp\/v2\/media\/54123"}],"wp:attachment":[{"href":"https:\/\/redsemlac.com\/semmexico\/wp-json\/wp\/v2\/media?parent=54122"}],"wp:term":[{"taxonomy":"category","embeddable":true,"href":"https:\/\/redsemlac.com\/semmexico\/wp-json\/wp\/v2\/categories?post=54122"},{"taxonomy":"post_tag","embeddable":true,"href":"https:\/\/redsemlac.com\/semmexico\/wp-json\/wp\/v2\/tags?post=54122"}],"curies":[{"name":"wp","href":"https:\/\/api.w.org\/{rel}","templated":true}]}}