{"id":54105,"date":"2022-08-03T08:25:10","date_gmt":"2022-08-03T14:25:10","guid":{"rendered":"https:\/\/redsemlac.com\/semmexico\/?p=54105"},"modified":"2023-07-21T19:10:45","modified_gmt":"2023-07-22T00:10:45","slug":"bellas-y-airosas-tere-estrada-musica-para-coser-almas-rotas","status":"publish","type":"post","link":"https:\/\/redsemlac.com\/semmexico\/bellas-y-airosas-tere-estrada-musica-para-coser-almas-rotas\/","title":{"rendered":"Bellas y Airosas| Tere Estrada: M\u00fasica para coser almas rotas"},"content":{"rendered":"\n<p class=\"wp-block-paragraph\"><strong>Elvira Hern\u00e1ndez Carballido<\/strong><\/p>\n\n\n\n<p class=\"wp-block-paragraph\">SemM\u00e9xico, Pachuca, Hidalgo, 03 de agosto del 2022.- Durante 34 a\u00f1os una sirena ha cantado a nuestros o\u00eddos para empaparnos de emociones, sumergirnos en todas las pasiones y salpicarnos de notas musicales siempre aliadas de su voz, ella es Tere Estrada, compositora mexicana que este mes nos va a seguir cantando con m\u00e1s encanto, aunque ahora para coser nuestras almas rotas, nombre del concierto que realizar\u00e1 este 5 de agosto en \u201cLocaci\u00f3n Secreta\u201d, cerca del Parque Delta, en la Ciudad de M\u00e9xico, a las 8 en punto de la noche.<\/p>\n\n\n\n<p class=\"wp-block-paragraph\">\u00bfPor qu\u00e9 llamarla sirena? No solamente por su voz que atrapa los sentidos ni porque escucharla representa caer en un hechizo seductor, es tambi\u00e9n una sirena por el libro que escribi\u00f3 sobre la vida, trayectoria, retos y obst\u00e1culos que las mujeres mexicanas han enfrentado en el mundo de la m\u00fasica, principalmente en el rock.<\/p>\n\n\n\n<p class=\"wp-block-paragraph\">Fue as\u00ed como dio a conocer \u201cSirenas al ataque\u201d, ahora en nueva edici\u00f3n publicada por Oc\u00e9ano. Este libro es un referente obligado para comprender la lucha de las mujeres para ganarse un escenario, el respeto y adem\u00e1s el reconocimiento en el mundo musical del rock que, pese a su compromiso con la libertad y la rebeld\u00eda, no deja de ser machista.<\/p>\n\n\n\n<p class=\"wp-block-paragraph\">Tere, adem\u00e1s de esta investigaci\u00f3n, se dio la voz a s\u00ed misma pese a la discriminaci\u00f3n o las poses machinas del espect\u00e1culo musical, fue as\u00ed como el 30 de julio de 1988 subi\u00f3 al Foro Cultural de Tlalpan e invit\u00f3 al p\u00fablico que la escuchaba a viajar por un blues ac\u00fastico.<\/p>\n\n\n\n<p class=\"wp-block-paragraph\">Dos a\u00f1os despu\u00e9s, a principios de la d\u00e9cada de los noventa del siglo XX, dio a conocer su primera producci\u00f3n discogr\u00e1fica con \u201c<em>Azul transitando en violeta\u201d<\/em>&nbsp;(1990). A partir de entonces, necia como ella sola, sirena ten\u00eda que ser, ha grabado a fuerza de pasiones y bendiciones musicales. As\u00ed, en 1992 sali\u00f3 \u201cT\u00faneles desiertos\u201d, dos a\u00f1os despu\u00e9s \u201cViaje al centro de tu ser\u201d y en 1997, \u201cEncuentros cercanos conmigo\u201d, mi preferido.&nbsp;<\/p>\n\n\n\n<p class=\"wp-block-paragraph\">Al llegar el siglo XXI su empe\u00f1\u00f3 sigui\u00f3 siendo gran aliado de su inspiraci\u00f3n y se escuch\u00f3 \u201cLoter\u00eda de pasiones\u201d. C\u00f3mplice del escenario, grab\u00f3 \u201cEn Vivo\u201d, en 2006. Agradecida y generosa con sus ancestras hizo un viaje por la l\u00edrica y la m\u00fasica en 100 a\u00f1os de historia para hacer un homenaje a las \u201cCompositoras de M\u00e9xico\u201d.<\/p>\n\n\n\n<p class=\"wp-block-paragraph\">Adem\u00e1s de las investigaciones, las composiciones y los conciertos, nos regal\u00f3 su primera novela, cuyo t\u00edtulo permiti\u00f3 conocer otra producci\u00f3n musical llamada \u201cUn blues en la penumbra\u201d.<\/p>\n\n\n\n<p class=\"wp-block-paragraph\">Este 2022 dio a conocer \u201cVamos, gato\u201d, aunque ya nos hab\u00eda consentido a quienes la seguimos con lealtad amorosa al presentar los sencillos \u201cMujer de sal\u201d, \u201cEstr\u00e9chame\u201d y \u201cLa voz de mi camino\u201d.<\/p>\n\n\n\n<p class=\"wp-block-paragraph\">Por supuesto, cuando vamos a escucharla en sus conciertos emociona que interprete \u201cEsquinas desiertas\u201d, \u201cSuelta la silueta\u201d una rola que sigue siendo un himno llamado \u201cOye chava\u201d:<\/p>\n\n\n\n<pre class=\"wp-block-verse has-text-align-center\"><strong><em>\u201cOye chava, tienes ganas de crear mundos justos y te das topes con la barda de tu misma casa, ni el temblor la derrumb\u00f3, necesitas temblar en tu interior.\nOye chava confundida haces un intento por correr tras la sombra de esa estrella y no quieres darte cuenta de que tienes que desgarrar las l\u00edneas de tu cuerpo.\u201d<\/em><\/strong><\/pre>\n\n\n\n<p class=\"wp-block-paragraph\">Se dice f\u00e1cil 34 a\u00f1os en los escenarios, pero quienes seguimos a Tere Estrada, sabemos que ha sido un camino muy complicado, pero al mismo tiempo gozoso, retador y provocador.<\/p>\n\n\n\n<p class=\"wp-block-paragraph\">Su voz no deja de sonar por todo el pa\u00eds, de escucharse en conciertos \u00edntimos y en serenatas multitudinarias. Su reconocida trayectoria y la forma en que ha llegado al coraz\u00f3n de cada persona se puede palpar en sus redes sociales donde se han dejado infinidad de testimonio para felicitarla, agradecerle su existencia, sus canciones y reconocer su calidad art\u00edstica.<\/p>\n\n\n\n<p class=\"wp-block-paragraph\">En efecto, ah\u00ed est\u00e1n los comentarios de la periodista Miriam Canales, del actor Samuel Gallegos, de Banda Rockera y otras voces expertas que la califican como excepcional, fuera de serie, due\u00f1a de un universo de sonido \u00fanico, ejemplo a seguir, creadora de un discurso propio, inspiraci\u00f3n de resistencia y solidaridad musical, figura ic\u00f3nica y clave de la cultura mexicana.<\/p>\n\n\n\n<p class=\"wp-block-paragraph\">Tere Estrada ha logrado crear estas alianzas y reconocimientos gracias a su amor por la m\u00fasica, compositora y cantante, escritora e investigadora, voz de sirena que nunca callar\u00e1 sin duda nos espera este viernes 5 de agosto en \u201cLocaci\u00f3n Secreta\u201d para coser las almas rotas que lleguen a deleitarse con sus canciones,\u00a0 y cada una de sus inspiraciones propias donde nos delata, nos identifica y nos invita a tomar aguja e hilo para inventar puntadas amorosas, remendar con paciencia la apuesta por una vida bella y descoser sin prisa la desesperaci\u00f3n de ser orgullosamente mujeres.<\/p>\n\n\n\n<p class=\"wp-block-paragraph\">El cover de 500 pesos incluye una copa de vino, una porci\u00f3n de pasta y hasta una lectura de Tarot. Las reservaciones pueden hacerse al 5534399565.<\/p>\n\n\n\n<p class=\"wp-block-paragraph\">Y mientras llega el momento de escucharla en vivo, pongo mi disco favorito para cantar a coro con ella:<\/p>\n\n\n\n<pre class=\"wp-block-verse has-text-align-center\"><strong><em>\u201cJuglar de las galaxias, viajera alucinada, esponja que se empapa de veneno o de elixir de amor, trovadora de leyendas callejeras, amante de los cantos nocturnos y de susurros de sirenas\u201d. (\u201cEncuentros cercanos conmigo\u201d)<\/em><\/strong><\/pre>\n","protected":false},"excerpt":{"rendered":"<p> Durante 34 a\u00f1os una sirena ha cantado a nuestros o\u00eddos para empaparnos de emociones, sumergirnos en todas las pasiones y salpicarnos de notas musicales siempre aliadas de su voz, ella es Tere Estrada<\/p>\n","protected":false},"author":3,"featured_media":31337,"comment_status":"open","ping_status":"open","sticky":false,"template":"","format":"standard","meta":{"_monsterinsights_skip_tracking":false,"footnotes":""},"categories":[693,201,202,35],"tags":[],"class_list":["post-54105","post","type-post","status-publish","format-standard","has-post-thumbnail","category-693","category-bellas-y-airosas","category-elvira-hernandez-carballido","category-opinion"],"_links":{"self":[{"href":"https:\/\/redsemlac.com\/semmexico\/wp-json\/wp\/v2\/posts\/54105","targetHints":{"allow":["GET"]}}],"collection":[{"href":"https:\/\/redsemlac.com\/semmexico\/wp-json\/wp\/v2\/posts"}],"about":[{"href":"https:\/\/redsemlac.com\/semmexico\/wp-json\/wp\/v2\/types\/post"}],"author":[{"embeddable":true,"href":"https:\/\/redsemlac.com\/semmexico\/wp-json\/wp\/v2\/users\/3"}],"replies":[{"embeddable":true,"href":"https:\/\/redsemlac.com\/semmexico\/wp-json\/wp\/v2\/comments?post=54105"}],"version-history":[{"count":0,"href":"https:\/\/redsemlac.com\/semmexico\/wp-json\/wp\/v2\/posts\/54105\/revisions"}],"wp:featuredmedia":[{"embeddable":true,"href":"https:\/\/redsemlac.com\/semmexico\/wp-json\/wp\/v2\/media\/31337"}],"wp:attachment":[{"href":"https:\/\/redsemlac.com\/semmexico\/wp-json\/wp\/v2\/media?parent=54105"}],"wp:term":[{"taxonomy":"category","embeddable":true,"href":"https:\/\/redsemlac.com\/semmexico\/wp-json\/wp\/v2\/categories?post=54105"},{"taxonomy":"post_tag","embeddable":true,"href":"https:\/\/redsemlac.com\/semmexico\/wp-json\/wp\/v2\/tags?post=54105"}],"curies":[{"name":"wp","href":"https:\/\/api.w.org\/{rel}","templated":true}]}}