{"id":53983,"date":"2022-08-01T07:50:03","date_gmt":"2022-08-01T13:50:03","guid":{"rendered":"https:\/\/redsemlac.com\/semmexico\/?p=53983"},"modified":"2023-07-21T19:10:49","modified_gmt":"2023-07-22T00:10:49","slug":"michoacan-estado-con-mayor-numero-de-ninas-ninos-y-adolescentes-en-condicion-de-orfandad-por-asesinatos","status":"publish","type":"post","link":"https:\/\/redsemlac.com\/semmexico\/michoacan-estado-con-mayor-numero-de-ninas-ninos-y-adolescentes-en-condicion-de-orfandad-por-asesinatos\/","title":{"rendered":"Michoac\u00e1n, estado con mayor n\u00famero de ni\u00f1as, ni\u00f1os y adolescentes en condici\u00f3n de orfandad por asesinatos"},"content":{"rendered":"\n<ul class=\"wp-block-list\"><li><strong><strong>De los casos de mujeres asesinadas que registr\u00f3 el CEEAV del 2016-2022 suman 435, 105 mujeres y 130 hombres asesinados en este periodo, eran padres o madres de familia, y dejaron en la orfandad a 250 ni\u00f1as, ni\u00f1os y adolescentes.<\/strong><\/strong><\/li><li><strong>Aumentar la pena a los feminicidas, no es suficiente, se requiere prevenir el feminicidio: diputada Gabriela Caz\u00e1rez<\/strong><\/li><\/ul>\n\n\n\n<p class=\"wp-block-paragraph\"><strong>Am\u00e9rica Ju\u00e1rez Navarro<\/strong><\/p>\n\n\n\n<p class=\"wp-block-paragraph\">SemM\u00e9xico, Morelia, Michoac\u00e1n, 01 de agosto del 2022.- Durante el periodo del 2016 a 2022, la Comisi\u00f3n Ejecutiva Estatal de Atenci\u00f3n a V\u00edctimas (CEEAV) en Michoac\u00e1n, report\u00f3 que han sido vinculadas para su atenci\u00f3n en este organismo 55 delitos de feminicidios y 380 de homicidios calificados en contra de mujeres, algunas de ellas, madres de familia que dejaron en la orfandad a ni\u00f1os, ni\u00f1as y adolescentes.<\/p>\n\n\n\n<p class=\"wp-block-paragraph\">Del total de las mujeres asesinadas que fueron reportadas ante el CEEAV en este periodo suman 435, solo 105 de ellas junto a 130 hombres que fueron asesinados eran padres o madres de familia, y dejaron en la orfandad a 250 ni\u00f1as, ni\u00f1os y adolescentes, datos que podr\u00edan ser superiores, ya que solo se refiere a casos que llegan a este organismo a pedir apoyo jur\u00eddico, psicol\u00f3gico o bien reparaci\u00f3n del da\u00f1o, pero no la totalidad de los existentes en Michoac\u00e1n o que tienen las autoridades de justicia.<\/p>\n\n\n\n<p class=\"wp-block-paragraph\">De acuerdo con Josu\u00e9 Alfonso Mej\u00eda Pineda, titular el CEEAV, desde su creaci\u00f3n la dependencia a su cargo atendido 435 casos de mujeres que fueron v\u00edctimas de feminicidio y homicidio doloso, pero en este grupo tambi\u00e9n se han atendido a 130 hombres que fueron asesinados y cuyos hijos se quedaron solos, sin que se tenga desagregado que porcentaje de menores eran hijos de mujeres.<\/p>\n\n\n\n<p class=\"wp-block-paragraph\">La atenci\u00f3n que otorga la dependencia es para gastos funerales, acompa\u00f1amiento jur\u00eddico y psicol\u00f3gico, sin embargo, admiti\u00f3 que requieren de una atenci\u00f3n m\u00e1s articulada, ya que generalmente cuando es asesinada la madre de familia, hay una descomposici\u00f3n en el primer c\u00edrculo familiar, por lo que las repercusiones de un homicidio perpetrado contra las mujeres son graves, especialmente contra sus hijas e hijos, que quedan en vulnerabilidad.<\/p>\n\n\n\n<p class=\"wp-block-paragraph\">\u201cLas madres de familia son un sost\u00e9n muy importante, en este c\u00edrculo se ha detectado que se presume que los feminicidas son padres de las ni\u00f1as, ni\u00f1os y adolescentes que quedan hu\u00e9rfanos, esto deriva en una total descomposici\u00f3n familiar\u201d, expuso.<\/p>\n\n\n\n<p class=\"wp-block-paragraph\">El funcionario rechaz\u00f3 que exista descuido institucional, si bien, dijo, ha faltado articulaci\u00f3n para implementar un plan integral de atenci\u00f3n, no es que detr\u00e1s exista indiferencia de las autoridades.<\/p>\n\n\n\n<p class=\"wp-block-paragraph\">Para Sof\u00eda Blanco Sixtos, activista e integrante del Colectivo Feminista MAPAS, es m\u00e1s grave de lo que parece, a la fecha no hay ninguna ley que contemple que cuando un menor sufre la p\u00e9rdida de su mam\u00e1 a causa del feminicidio, cuenten con pensi\u00f3n alimenticia, tampoco hay atenci\u00f3n especializada a los ni\u00f1os y ni\u00f1as en estas condiciones de orfandad y reparaci\u00f3n integral del da\u00f1o, adem\u00e1s de atender el trauma que genera que el progenitor causante de estos homicidios.<\/p>\n\n\n\n<p class=\"wp-block-paragraph\">\u201cNo dudo que haya buena intenci\u00f3n, pero no hay acciones de las autoridades, se queda en buenas intenciones\u201d, dijo al recordar que los casos que MAPAS apoyado y que ha llevado a juicio, generalmente no hay reparaci\u00f3n integral del da\u00f1o, solo se pagan 300 mil pesos que dif\u00edcilmente podr\u00e1n cubrir sus necesidades educativas o de salud, cuando estas pueden llegar a los dos millones de pesos durante su vida estudiantil.<\/p>\n\n\n\n<p class=\"wp-block-paragraph\">\u201cNo solamente es considerar la atenci\u00f3n psicol\u00f3gica, no hay especialistas en el trauma de la infancia, no hay reparaci\u00f3n integral, no les alcanza para la universidad, les est\u00e1n dando becas del gobierno y no alcanza\u201d, expres\u00f3 al se\u00f1alar que lamentablemente en muchas ocasiones, pasa otro fen\u00f3meno, la familia del agresor se queda con la custodia de los menores, lo que origina que no est\u00e9n en un ambiente adecuado.<\/p>\n\n\n\n<p class=\"wp-block-paragraph\">La diputada local del Partido del Trabajo, Gabriela Caz\u00e1rez, expres\u00f3 que se necesita ir m\u00e1s all\u00e1 de sancionar el delito, si bien existen reformas a la ley para aumentar la pena a los feminicidas, esto no es suficiente, se requiere prevenir el feminicidio y encontrar que la reparaci\u00f3n del da\u00f1o pueda alcanzar a las v\u00edctimas directas e indirectas que son las y los hijos y toda la familia.<\/p>\n\n\n\n<p class=\"wp-block-paragraph\">&nbsp;\u201cQueremos evitar que nos maten, pero no se ataca el problema de ra\u00edz, el sistema de justicia no funciona, le podemos dar 500 a\u00f1os de c\u00e1rcel, aun as\u00ed, no ser\u00e1 suficiente, entonces, yo he insistido en la reparaci\u00f3n del da\u00f1o, aunque no compensa la vida de una persona, no obstante, cuando se comete, hay que buscar la manera de que la familia pueda acceder a un trato justo y digno\u201d, reiter\u00f3 la diputada.<\/p>\n\n\n\n<p class=\"wp-block-paragraph\">Morelia ocupa el primer lugar con mayor n\u00famero de ni\u00f1as, ni\u00f1os y adolescentes (NNA) en condici\u00f3n de orfandad con 102 NNA cuyos padres fueron v\u00edctimas de homicidio calificado o feminicidios. En la lista, le sigue Tar\u00edmbaro, Aguililla, Jacona, Zamora, P\u00e1tzcuaro, Tzintzuntzan, Acuitzio, Los Reyes, Zacapu, Huandacareo, Puru\u00e1ndiro, Quiroga, Salvador Escalante y Zinap\u00e9cuaro.<\/p>\n\n\n\n<p class=\"wp-block-paragraph\">SEM\/MG<\/p>\n","protected":false},"excerpt":{"rendered":"<p>De los casos de mujeres asesinadas que registr\u00f3 el CEEAV del 2016-2022 suman 435, 105 mujeres y 130 hombres asesinados en este periodo, eran padres o madres de familia, y dejaron en la orfandad a 250 ni\u00f1as, ni\u00f1os y adolescentes.<\/p>\n","protected":false},"author":3,"featured_media":53984,"comment_status":"open","ping_status":"open","sticky":false,"template":"","format":"standard","meta":{"_monsterinsights_skip_tracking":false,"footnotes":""},"categories":[693,51],"tags":[],"class_list":["post-53983","post","type-post","status-publish","format-standard","has-post-thumbnail","category-693","category-ejecutivo"],"_links":{"self":[{"href":"https:\/\/redsemlac.com\/semmexico\/wp-json\/wp\/v2\/posts\/53983","targetHints":{"allow":["GET"]}}],"collection":[{"href":"https:\/\/redsemlac.com\/semmexico\/wp-json\/wp\/v2\/posts"}],"about":[{"href":"https:\/\/redsemlac.com\/semmexico\/wp-json\/wp\/v2\/types\/post"}],"author":[{"embeddable":true,"href":"https:\/\/redsemlac.com\/semmexico\/wp-json\/wp\/v2\/users\/3"}],"replies":[{"embeddable":true,"href":"https:\/\/redsemlac.com\/semmexico\/wp-json\/wp\/v2\/comments?post=53983"}],"version-history":[{"count":0,"href":"https:\/\/redsemlac.com\/semmexico\/wp-json\/wp\/v2\/posts\/53983\/revisions"}],"wp:featuredmedia":[{"embeddable":true,"href":"https:\/\/redsemlac.com\/semmexico\/wp-json\/wp\/v2\/media\/53984"}],"wp:attachment":[{"href":"https:\/\/redsemlac.com\/semmexico\/wp-json\/wp\/v2\/media?parent=53983"}],"wp:term":[{"taxonomy":"category","embeddable":true,"href":"https:\/\/redsemlac.com\/semmexico\/wp-json\/wp\/v2\/categories?post=53983"},{"taxonomy":"post_tag","embeddable":true,"href":"https:\/\/redsemlac.com\/semmexico\/wp-json\/wp\/v2\/tags?post=53983"}],"curies":[{"name":"wp","href":"https:\/\/api.w.org\/{rel}","templated":true}]}}