{"id":53980,"date":"2022-08-01T07:48:06","date_gmt":"2022-08-01T13:48:06","guid":{"rendered":"https:\/\/redsemlac.com\/semmexico\/?p=53980"},"modified":"2023-07-21T19:10:49","modified_gmt":"2023-07-22T00:10:49","slug":"muevete-en-tacones-por-tlalpan-parte-de-la-agenda-de-la-inclusion-alfa-gonzalez","status":"publish","type":"post","link":"https:\/\/redsemlac.com\/semmexico\/muevete-en-tacones-por-tlalpan-parte-de-la-agenda-de-la-inclusion-alfa-gonzalez\/","title":{"rendered":"\u201cMu\u00e9vete en tacones por Tlalpan\u201d, parte de la agenda de la inclusi\u00f3n: Alfa Gonz\u00e1lez"},"content":{"rendered":"\n<ul class=\"wp-block-list\"><li><strong>Dirigida a \u201cquienes gusten de los tacones, no solo para mujeres\u201d.<\/strong><\/li><\/ul>\n\n\n\n<ul class=\"wp-block-list\"><li><strong>La violencia contra las mujeres, principal problema en Tlalpan.<\/strong><\/li><\/ul>\n\n\n\n<p class=\"wp-block-paragraph\"><strong>Lizbeth \u00c1lvarez Mart\u00ednez&nbsp;<\/strong><\/p>\n\n\n\n<p class=\"wp-block-paragraph\">SemM\u00e9xico, Ciudad de M\u00e9xico, 01 de agosto del 2022.- La actividad \u201cMu\u00e9vete en tacones por Tlalpan. Clases colectivas para caminar, bailar y correr en tacones\u201d no es parte de la agenda de g\u00e9nero que estamos promoviendo para erradicar la violencia contra las mujeres, reconoci\u00f3 la alcaldesa de esa demarcaci\u00f3n, Alfa Eliana Gonz\u00e1lez Magallanes.<\/p>\n\n\n\n<p class=\"wp-block-paragraph\">Debido a la pol\u00e9mica que ha generado en redes sociales la convocatoria a la acci\u00f3n que se llevar\u00e1 a cabo el 5 y 12 de agosto en el Parque Juana de Asbaje, la funcionaria indic\u00f3 en entrevista para SemM\u00e9xico que Tlalpan es una alcald\u00eda en d\u00f3nde los \u00edndices de violencia hacia las mujeres encabezan los problemas o los delitos que tienen.<\/p>\n\n\n\n<p class=\"wp-block-paragraph\">Como alcald\u00eda, est\u00e1n llevando a cabo diversas acciones y programas como mujeres libres, prevenci\u00f3n de las violencias, pero tambi\u00e9n \u201ctenemos una agenda de inclusi\u00f3n, una agenda en donde vemos a la comunidad LGBTTTIQ\u201d, remarc\u00f3.<\/p>\n\n\n\n<p class=\"wp-block-paragraph\">Asegur\u00f3 que la idea de la clase colectiva surgi\u00f3 de las personas que dirigen el Centro de Atenci\u00f3n Integral de la Diversidad Sexual \u201cAm\u00e9lio Robles\u201d, quienes han participado en otras actividades en lo que lleva su administraci\u00f3n. Es para quienes gustan de los tacones, no solamente mujeres. De hecho, ellos van a dar la sesi\u00f3n.<\/p>\n\n\n\n<p class=\"wp-block-paragraph\">Manifest\u00f3 que \u201clos estereotipos los creamos nosotros\u201d. Vemos tacones y pensamos en mujeres. Con las clases se trata de la inclusi\u00f3n y se busca visibilizar. \u201cEs ir erradicando los estereotipos\u201d, reiter\u00f3 y coment\u00f3 que en la primera marcha de la comunidad LGBTTTIQ, ellos caminaron en tacones, \u201cy yo iba en tenis\u201d.<\/p>\n\n\n\n<p class=\"wp-block-paragraph\">Sin embargo, usuarias de la plataforma digital Facebook no compartieron la opini\u00f3n de Gonz\u00e1lez Magallanes, de que se refiera a la inclusi\u00f3n y se trate de visibilizar a la comunidad en cuesti\u00f3n.<\/p>\n\n\n\n<p class=\"wp-block-paragraph\">Entre los comentarios estaban: \u201cTotalmente alejados de la agenda por la igualdad y el rompimiento de los estereotipos de g\u00e9nero\u201d, \u201cPropongo que se aproveche la ocasi\u00f3n para [dar] muchos talleres sobre sexualidad y diversidad. Reflexionar sobre los modelos estereotipados de g\u00e9nero\u201d, \u201cEst\u00e1n promoviendo una actividad que a todas luces del sentido com\u00fan promueven estereotipos de g\u00e9nero, salt\u00e1ndose con ello el marco normativo en materia de derechos humanos de las mujeres\u201d.<\/p>\n\n\n\n<p class=\"wp-block-paragraph\">SEM\/la\/glg\/MG<\/p>\n","protected":false},"excerpt":{"rendered":"<p>Dirigida a \u201cquienes gusten de los tacones, no solo para mujeres\u201d.<\/p>\n","protected":false},"author":3,"featured_media":53981,"comment_status":"open","ping_status":"open","sticky":false,"template":"","format":"standard","meta":{"_monsterinsights_skip_tracking":false,"footnotes":""},"categories":[693,51],"tags":[],"class_list":["post-53980","post","type-post","status-publish","format-standard","has-post-thumbnail","category-693","category-ejecutivo"],"_links":{"self":[{"href":"https:\/\/redsemlac.com\/semmexico\/wp-json\/wp\/v2\/posts\/53980","targetHints":{"allow":["GET"]}}],"collection":[{"href":"https:\/\/redsemlac.com\/semmexico\/wp-json\/wp\/v2\/posts"}],"about":[{"href":"https:\/\/redsemlac.com\/semmexico\/wp-json\/wp\/v2\/types\/post"}],"author":[{"embeddable":true,"href":"https:\/\/redsemlac.com\/semmexico\/wp-json\/wp\/v2\/users\/3"}],"replies":[{"embeddable":true,"href":"https:\/\/redsemlac.com\/semmexico\/wp-json\/wp\/v2\/comments?post=53980"}],"version-history":[{"count":0,"href":"https:\/\/redsemlac.com\/semmexico\/wp-json\/wp\/v2\/posts\/53980\/revisions"}],"wp:featuredmedia":[{"embeddable":true,"href":"https:\/\/redsemlac.com\/semmexico\/wp-json\/wp\/v2\/media\/53981"}],"wp:attachment":[{"href":"https:\/\/redsemlac.com\/semmexico\/wp-json\/wp\/v2\/media?parent=53980"}],"wp:term":[{"taxonomy":"category","embeddable":true,"href":"https:\/\/redsemlac.com\/semmexico\/wp-json\/wp\/v2\/categories?post=53980"},{"taxonomy":"post_tag","embeddable":true,"href":"https:\/\/redsemlac.com\/semmexico\/wp-json\/wp\/v2\/tags?post=53980"}],"curies":[{"name":"wp","href":"https:\/\/api.w.org\/{rel}","templated":true}]}}