{"id":53974,"date":"2022-07-31T12:05:58","date_gmt":"2022-07-31T18:05:58","guid":{"rendered":"https:\/\/redsemlac.com\/semmexico\/?p=53974"},"modified":"2023-07-21T19:10:49","modified_gmt":"2023-07-22T00:10:49","slug":"con-la-ausencia-de-monreal-y-los-catorrazos-de-siempre-morena-lleva-a-cabo-la-eleccion-de-su-consejo-nacional","status":"publish","type":"post","link":"https:\/\/redsemlac.com\/semmexico\/con-la-ausencia-de-monreal-y-los-catorrazos-de-siempre-morena-lleva-a-cabo-la-eleccion-de-su-consejo-nacional\/","title":{"rendered":"Con la ausencia de Monreal y los catorrazos de siempre, Morena lleva a cabo la elecci\u00f3n de su Consejo Nacional."},"content":{"rendered":"\n<p class=\"wp-block-paragraph\">SemM\u00e9xico, Ciudad de M\u00e9xico, 31 de julio, 2022.- Todos los reportes son de normalidad: acusaciones de\u00a0<strong>malas pr\u00e1cticas, presiones y acarreos<\/strong>, en no pocos lados grescas y descalabrados, mentadas y pu\u00f1etazos, as\u00ed transcurri\u00f3 ayer s\u00e1bado el proceso de renovaci\u00f3n interna de consejeros y consejeras del Movimiento de Regeneraci\u00f3n Nacional (<strong>Morena<\/strong>). Nada nuevo bajo el sol.<\/p>\n\n\n\n<figure class=\"wp-block-embed is-type-rich is-provider-twitter wp-block-embed-twitter\"><div class=\"wp-block-embed__wrapper\">\n<blockquote class=\"twitter-tweet\" data-width=\"550\" data-dnt=\"true\"><p lang=\"es\" dir=\"ltr\">\u00a1Zafarrancho! As\u00ed la elecci\u00f3n \ud83d\uddf3 interna de MORENA. Estos nacos son los que quieren deshacerse del INE. <a href=\"https:\/\/t.co\/fcqhmuphxg\">pic.twitter.com\/fcqhmuphxg<\/a><\/p>&mdash; Denise Ramos \ud83d\udc60 (@deniseramosm) <a href=\"https:\/\/twitter.com\/deniseramosm\/status\/1553442102113099780?ref_src=twsrc%5Etfw\">July 30, 2022<\/a><\/blockquote><script async src=\"https:\/\/platform.twitter.com\/widgets.js\" charset=\"utf-8\"><\/script>\n<\/div><\/figure>\n\n\n\n<p class=\"wp-block-paragraph\">Morena eligi\u00f3 ayer s\u00e1bado a las y los titulares de los comit\u00e9s estatales de los estados de Baja California, Baja California Sur, CDMX, Sonora, Sinaloa, Nayarit, Tamaulipas, Zacatecas, Veracruz, Oaxaca, Tabasco, Chiapas, Campeche, Quintana Roo, Guerrero, Hidalgo, Puebla, Tlaxcala, Colima y Michoac\u00e1n. Mientras que hoy domingo se llevar\u00e1n a cabo en el resto de las entidades.<\/p>\n\n\n\n<p class=\"wp-block-paragraph\">Claudia Sheinbaum acudi\u00f3 a la alcald\u00eda Tlalpan para emitir su voto. Marcelo Ebrard, emiti\u00f3 su voto en la colonia Roma Norte. Ricardo Monreal se neg\u00f3 a participar.<\/p>\n\n\n\n<p class=\"wp-block-paragraph\">El presidente nacional de Morena, Mario Delgado, hizo un llamado a los ciudadanos para que se unan a esta \u201cfiesta\u201d para elegir a los consejeros y consejeras del partido.<\/p>\n\n\n\n<p class=\"wp-block-paragraph\">Con informaci\u00f3n de&nbsp;<em>El Universal<\/em>, se report\u00f3 un gran n\u00famero de personas que llegaron en unidades de transporte p\u00fablico y concesionado identificadas con letras, entre otros distintivos para identificar sus colonias y ser anotados posteriormente en una lista.<\/p>\n\n\n\n<p class=\"wp-block-paragraph\">En Tlalpan y en Iztacalco se observ\u00f3 una alta participaci\u00f3n de personas de la tercera edad y con discapacidad.<\/p>\n\n\n\n<p class=\"wp-block-paragraph\">En Tlaxcala se report\u00f3 una mala organizaci\u00f3n. Con informaci\u00f3n de&nbsp;<em>Milenio<\/em>, se report\u00f3 en Apizaco acarreo y compra de votos.<\/p>\n\n\n\n<p class=\"wp-block-paragraph\">En Chiapas, militantes de Morena quemaron urnas y boletas en el municipio de Huehuet\u00e1n, al tiempo que acusaron de acarreos.<\/p>\n\n\n\n<p class=\"wp-block-paragraph\">El viernes 29 de julio, Monreal anunci\u00f3 que no participar\u00eda en la elecci\u00f3n:<\/p>\n\n\n\n<p class=\"wp-block-paragraph\">\u201cPor respeto y solidaridad a los fundadores y a los militantes que fueron excluidos del proceso interno de Morena, o aquellos que dejaron participar pero que est\u00e1 ya muy preconfigurada la resoluci\u00f3n y el resultado de este proceso:&nbsp;<strong>decid\u00ed no participar<\/strong>\u201d, destac\u00f3 Monreal en un video compartido en Twitter.<\/p>\n\n\n\n<p class=\"wp-block-paragraph\">\u201cNo vamos a participar. Y vamos a mantener la prudencia y la ecuanimidad. Soy de los que piensan que necesitamos reconciliaci\u00f3n. Y despu\u00e9s del proceso se va a requerir reconstruir todo lo que el partido necesita\u201d, puntualiz\u00f3 Monreal.<\/p>\n\n\n\n<p class=\"wp-block-paragraph\">Con informaci\u00f3n de&nbsp;<em>Infobae<\/em>,&nbsp;<em>Milenio<\/em>&nbsp;y&nbsp;<em>El Universal<\/em>.<\/p>\n\n\n\n<p class=\"wp-block-paragraph\">#TheB\u00fankerMX<br>#Morena<br>#Votacion<br>#ConsejoNaciona<br>#Corcholatas<br>#TheBunker<\/p>\n","protected":false},"excerpt":{"rendered":"<p>Morena eligi\u00f3 ayer s\u00e1bado a las y los titulares de los comit\u00e9s estatales de los estados de Baja California, Baja California Sur, CDMX, Sonora, Sinaloa, Nayarit, Tamaulipas, Zacatecas, Veracruz, Oaxaca, Tabasco, Chiapas, Campeche, Quintana Roo, Guerrero, Hidalgo, Puebla, Tlaxcala, Colima y Michoac\u00e1n.<\/p>\n","protected":false},"author":3,"featured_media":53975,"comment_status":"open","ping_status":"open","sticky":false,"template":"","format":"standard","meta":{"_monsterinsights_skip_tracking":false,"footnotes":""},"categories":[693,141],"tags":[],"class_list":["post-53974","post","type-post","status-publish","format-standard","has-post-thumbnail","category-693","category-elecciones-2020-2021"],"_links":{"self":[{"href":"https:\/\/redsemlac.com\/semmexico\/wp-json\/wp\/v2\/posts\/53974","targetHints":{"allow":["GET"]}}],"collection":[{"href":"https:\/\/redsemlac.com\/semmexico\/wp-json\/wp\/v2\/posts"}],"about":[{"href":"https:\/\/redsemlac.com\/semmexico\/wp-json\/wp\/v2\/types\/post"}],"author":[{"embeddable":true,"href":"https:\/\/redsemlac.com\/semmexico\/wp-json\/wp\/v2\/users\/3"}],"replies":[{"embeddable":true,"href":"https:\/\/redsemlac.com\/semmexico\/wp-json\/wp\/v2\/comments?post=53974"}],"version-history":[{"count":0,"href":"https:\/\/redsemlac.com\/semmexico\/wp-json\/wp\/v2\/posts\/53974\/revisions"}],"wp:featuredmedia":[{"embeddable":true,"href":"https:\/\/redsemlac.com\/semmexico\/wp-json\/wp\/v2\/media\/53975"}],"wp:attachment":[{"href":"https:\/\/redsemlac.com\/semmexico\/wp-json\/wp\/v2\/media?parent=53974"}],"wp:term":[{"taxonomy":"category","embeddable":true,"href":"https:\/\/redsemlac.com\/semmexico\/wp-json\/wp\/v2\/categories?post=53974"},{"taxonomy":"post_tag","embeddable":true,"href":"https:\/\/redsemlac.com\/semmexico\/wp-json\/wp\/v2\/tags?post=53974"}],"curies":[{"name":"wp","href":"https:\/\/api.w.org\/{rel}","templated":true}]}}