{"id":53964,"date":"2022-07-31T11:50:56","date_gmt":"2022-07-31T17:50:56","guid":{"rendered":"https:\/\/redsemlac.com\/semmexico\/?p=53964"},"modified":"2023-07-21T19:10:49","modified_gmt":"2023-07-22T00:10:49","slug":"se-hermanan-pueblos-amuzgos-de-guerrero-y-oaxaca-por-un-devenir-de-justicia-y-bienestar","status":"publish","type":"post","link":"https:\/\/redsemlac.com\/semmexico\/se-hermanan-pueblos-amuzgos-de-guerrero-y-oaxaca-por-un-devenir-de-justicia-y-bienestar\/","title":{"rendered":"Durante el Primer Congreso de la Naci\u00f3n Amuzga, rindieron homenaje a la defensora de los derechos de las mujeres y los pueblos ind\u00edgenas, Martha S\u00e1nchez N\u00e9stor.&nbsp;"},"content":{"rendered":"\n<p class=\"wp-block-paragraph\"><strong>Se hermanan pueblos Amuzgos de Guerrero y Oaxaca por un devenir de Justicia y Bienestar&nbsp;<\/strong><\/p>\n\n\n\n<p class=\"wp-block-paragraph\">Fuimos compa\u00f1eras, tej\u00edamos sue\u00f1os, quer\u00edamos que la voz de las mujeres ind\u00edgenas se escuchara y no para dividir a los pueblos: Margarita Guti\u00e9rrez Guerrero&nbsp;<\/p>\n\n\n\n<p class=\"wp-block-paragraph\">Libertad L\u00f3pez<\/p>\n\n\n\n<p class=\"wp-block-paragraph\">SemM\u00e9xico, Xochistlahuaca, Gro., 31 de julio, 2022.- El pueblo amuzgo asentado en diversos municipios de la costa chica de Guerrero y Oaxaca, refrend\u00f3 sus lazos de hermandad para construir, mediante el di\u00e1logo y la unidad, un devenir de bienestar para sus comunidades que trascienda a las fronteras artificiales que le fueron impuestas, por factores ajenos a su historia y su cultura.&nbsp;&nbsp;<\/p>\n\n\n\n<p class=\"wp-block-paragraph\">Durante el Primer Congreso \u00abTodas las Voces, Todas Las Miradas\u00bb, Rumbo al Plan de Justicia de la Naci\u00f3n Amuzga, autoridades federales, estatales, municipales, comunitarias, eclesi\u00e1sticas y agrarias de ambas entidades, rindieron un emotivo homenaje a la incesante defensora de los derechos de las mujeres y los pueblos ind\u00edgenas, Martha S\u00e1nchez N\u00e9stor, a un a\u00f1o de su&nbsp; fallecimiento por COVID &#8211; 19.&nbsp;<\/p>\n\n\n\n<p class=\"wp-block-paragraph\"><strong>Vive la voz y la ense\u00f1anza de Martha S\u00e1nchez&nbsp;<\/strong><\/p>\n\n\n\n<p class=\"wp-block-paragraph\">\u00abCreamos procesos que no mueren, siguen vivos\u2026\u00bb&nbsp;<\/p>\n\n\n\n<p class=\"wp-block-paragraph\">Con esta frase que acu\u00f1\u00f3 Martha S\u00e1nchez N\u00e9stor, en el primer aniversario de su fallecimiento, este viernes 29 de julio, se record\u00f3 a la activista de los movimientos de las mujeres y f\u00e9rrea defensora de los derechos de los pueblos ind\u00edgenas.&nbsp;&nbsp;<\/p>\n\n\n\n<p class=\"wp-block-paragraph\">Su amiga y hermana de vida, compa\u00f1era de lucha y cofundadora de la Coordinadora Nacional de Mujeres Ind\u00edgenas (CNMI), Margarita Guti\u00e9rrez Guerrero, record\u00f3 emotiva su caminar por diversos pa\u00edses del mundo y por supuesto en M\u00e9xico.&nbsp;<\/p>\n\n\n\n<p class=\"wp-block-paragraph\">\u00abFuimos compa\u00f1eras, tej\u00edamos sue\u00f1os, quer\u00edamos que la voz de las mujeres ind\u00edgenas se escuchara y no para dividir a los pueblos; nuestro claro ejemplo a encaminar fue lograr la unidad, pero hacer que la mujer, con su tiempo, con su ritmo, tambi\u00e9n apoyara a las comunidades\u00bb.&nbsp;<\/p>\n\n\n\n<p class=\"wp-block-paragraph\">Ante compa\u00f1eras y compa\u00f1eros de lucha de Martha, conocida como \u00abMujer Colibr\u00ed\u00bb, que viajaron desde diversos puntos del estado y el pa\u00eds, record\u00f3 que siempre las convoc\u00f3 la lucha por la vida.&nbsp;<\/p>\n\n\n\n<p class=\"wp-block-paragraph\">As\u00ed pues, dieron la batalla en los Acuerdos de San Andr\u00e9s, en la construcci\u00f3n de la Declaraci\u00f3n de los Derechos de los Pueblos Ind\u00edgenas y en las declaraciones que arrancaron a Naciones Unidas con el trabajo organizado y coordinado, entre muchos otros.&nbsp;<\/p>\n\n\n\n<p class=\"wp-block-paragraph\">Cit\u00f3 cuando en 1999 se encontraron en una asamblea de la CNMI con la Alta Comisionada de la ONU para los Derechos Humanos, Mary Robinson, donde insistieron en que el Gobierno de M\u00e9xico estaba detr\u00e1s de ellas para amedrentarlas.&nbsp;<\/p>\n\n\n\n<p class=\"wp-block-paragraph\">\u00abSufrimos ese acoso institucional que tambi\u00e9n lacera, el acoso de la sociedad que tambi\u00e9n discrimina y hoy vemos que la discriminaci\u00f3n sigue; por eso hoy extra\u00f1amos a Martha&#8230;\u00bb&nbsp;<\/p>\n\n\n\n<p class=\"wp-block-paragraph\">En tanto Adelfo Regino sostuvo que la voz de Martha es fundamental, esencial y necesaria.&nbsp;<\/p>\n\n\n\n<p class=\"wp-block-paragraph\">\u00abElla reivindic\u00f3, de una manera muy elocuente, los derechos de los pueblos ind\u00edgenas, en particular, el derecho a la autonom\u00eda que se vive a lo largo y ancho del territorio nacional\u00bb, subray\u00f3 en presencia de la Presidenta Municipal de Copala, Guadalupe Garc\u00eda Villalva.&nbsp;<\/p>\n\n\n\n<p class=\"wp-block-paragraph\">Remembr\u00f3 adem\u00e1s que Martha luch\u00f3 por una participaci\u00f3n real y efectiva de las mujeres ind\u00edgenas y afromexicanas en todos los espacios de toma de decisiones, desde el nivel comunitario, municipal, regional, estatal y nacional, hasta el internacional.&nbsp;<\/p>\n\n\n\n<p class=\"wp-block-paragraph\">La voz de Martha ha sido pionera en muchos sentidos, porque en la d\u00e9cada de los 80 poco se hablaba de los temas de la igualdad, la equidad y la paridad, que ahora son parte consustancial de las normas nacionales e internacionales.&nbsp;<\/p>\n\n\n\n<p class=\"wp-block-paragraph\">\u00abEn la memoria colectiva del movimiento ind\u00edgena de Guerrero, de M\u00e9xico y en el movimiento internacional, sin duda alguna Martha es gu\u00eda, luz y horizonte\u00bb, asever\u00f3 Regino Montes.&nbsp;<\/p>\n\n\n\n<p class=\"wp-block-paragraph\">A su vez el Subsecretario de Asuntos Ind\u00edgenas del Gobierno del Estado de Guerrero y representante de la Gobernadora Evelyn Salgado Pineda, P\u00e1nfilo S\u00e1nchez Almaz\u00e1n, reiter\u00f3 que Martha siempre acompa\u00f1\u00f3 los procesos de lucha para reivindicar los derechos de los pueblos ind\u00edgenas, en especial, de las mujeres.&nbsp;<\/p>\n\n\n\n<p class=\"wp-block-paragraph\">\u00abNos ense\u00f1\u00f3 c\u00f3mo luchar m\u00e1s all\u00e1 de las adversidades que enfrentamos desde la ni\u00f1ez, para luchar por nuestros pueblos ind\u00edgenas y afromexicano\u00bb, detall\u00f3.<\/p>\n\n\n\n<p class=\"wp-block-paragraph\">Esperanza en el gobierno de la 4T&nbsp;&nbsp;<\/p>\n\n\n\n<p class=\"wp-block-paragraph\">Adem\u00e1s de lo informado antes por Adelfo Regino, manifest\u00f3 que el Presidente L\u00f3pez Obrador cumple con el compromiso de la construcci\u00f3n del camino de Tlapa de Comonfort a Marquelia, con una inversi\u00f3n de 300 millones de pesos.&nbsp;<\/p>\n\n\n\n<p class=\"wp-block-paragraph\">Despu\u00e9s del homenaje a Martha S\u00e1nchez, las autoridades del pueblo amuzgo instalaron 10 mesas de trabajo para abordar los temas involucrados en el Plan de Justicia de la Naci\u00f3n Amuzga, que pretenden construir de manera conjunta, para establecer acuerdos y consolidar propuestas que le sean presentadas posteriormente al Presidente de M\u00e9xico.&nbsp;&nbsp;<\/p>\n\n\n\n<p class=\"wp-block-paragraph\">Previo a la ceremonia en honor a la activista feminista, el Director General del INPI, Adelfo Regino Montes, destac\u00f3 los avances en los compromisos del Presidente Andr\u00e9s Manuel L\u00f3pez Obrador con los pueblos ind\u00edgenas de esta regi\u00f3n.&nbsp;&nbsp;<\/p>\n\n\n\n<p class=\"wp-block-paragraph\">Se avanza, dijo, en la construcci\u00f3n de la carretera que va a unir a los estados de Guerrero y Oaxaca desde Xochistlahuaca hasta San Pedro Amuzgos, pero principalmente va a unir a la naci\u00f3n amuzga, que es uno de los prop\u00f3sitos de este primer congreso.&nbsp;<\/p>\n\n\n\n<p class=\"wp-block-paragraph\">Del mismo modo, cit\u00f3 las obras de ampliaci\u00f3n que se est\u00e1n llevando a cabo en diversos tramos de la Carretera Federal Panamericana 200, desde Acapulco y San Marcos, Guerrero, hasta Pinotepa Nacional, Oaxaca.&nbsp;&nbsp;<\/p>\n\n\n\n<p class=\"wp-block-paragraph\">La idea es que esta carretera sirva para unir a los pueblos afromexicanos, mixtecos, amuzgos y otros de esta maravillosa tierra de la costa chica y la monta\u00f1a baja de Guerrero, precis\u00f3.&nbsp;<\/p>\n\n\n\n<p class=\"wp-block-paragraph\">Adelfo Regino record\u00f3 tambi\u00e9n el anunci\u00f3 hist\u00f3rico del Presidente para llevar a cabo el programa de construcci\u00f3n de caminos artesanales de concreto hidr\u00e1ulico, en los 23 municipios de la monta\u00f1a de Guerrero.&nbsp;&nbsp;<\/p>\n\n\n\n<p class=\"wp-block-paragraph\">Se han entregado los recursos p\u00fablicos de manera directa a las autoridades municipales y las obras se est\u00e1n realizando con la mano de obra y la participaci\u00f3n de las mujeres y los hombres de las comunidades, destac\u00f3.&nbsp;<\/p>\n\n\n\n<p class=\"wp-block-paragraph\">Ante los Presidentes Municipales de San Pedro Amuzgos y Santa Mar\u00eda Ipalapa, Oaxaca, Ra\u00fal Morales Garc\u00eda y Camerino Emiliano Garc\u00eda Bernab\u00e9, respectivamente; de Tlacoachistlahuaca Guerrero, Yareth Sara\u00ed Pineda Arce y; autoridades comunitarias de Ometepec, as\u00ed como integrantes del cabildo de Xochistlahuaca, que preside Aceadeth Rocha Ram\u00edrez, el titular del INPI afirm\u00f3:&nbsp;<\/p>\n\n\n\n<p class=\"wp-block-paragraph\">\u00abEl Presidente ha hecho una convocatoria a la unidad de nuestros pueblos y comunidades ind\u00edgenas y afromexicanas, por eso, coincidimos con los prop\u00f3sitos del Primer Congreso de la Naci\u00f3n Amuzga, porque se trata de unificar, de que nos pongamos de acuerdo sobre los planteamientos para que haya justicia, bienestar y desarrollo\u00bb.&nbsp;<\/p>\n\n\n\n<figure class=\"wp-block-gallery has-nested-images columns-default is-cropped wp-block-gallery-1 is-layout-flex wp-block-gallery-is-layout-flex\">\n<figure class=\"wp-block-image size-large\"><a href=\"https:\/\/redsemlac.com\/semmexico\/wp-content\/uploads\/2022\/07\/WhatsApp-Image-2022-07-30-at-1.18.21-PM.jpeg\"><img loading=\"lazy\" decoding=\"async\" width=\"1024\" height=\"683\" data-id=\"53967\" src=\"https:\/\/redsemlac.com\/semmexico\/wp-content\/uploads\/2022\/07\/WhatsApp-Image-2022-07-30-at-1.18.21-PM.jpeg\" alt=\"\" class=\"wp-image-53967\"\/><\/a><\/figure>\n\n\n\n<figure class=\"wp-block-image size-large\"><a href=\"https:\/\/redsemlac.com\/semmexico\/wp-content\/uploads\/2022\/07\/WhatsApp-Image-2022-07-30-at-1.18.51-PM.jpeg\"><img loading=\"lazy\" decoding=\"async\" width=\"891\" height=\"550\" data-id=\"53969\" src=\"https:\/\/redsemlac.com\/semmexico\/wp-content\/uploads\/2022\/07\/WhatsApp-Image-2022-07-30-at-1.18.51-PM.jpeg\" alt=\"\" class=\"wp-image-53969\"\/><\/a><\/figure>\n\n\n\n<figure class=\"wp-block-image size-large\"><a href=\"https:\/\/redsemlac.com\/semmexico\/wp-content\/uploads\/2022\/07\/WhatsApp-Image-2022-07-30-at-1.18.52-PM-1.jpeg\"><img loading=\"lazy\" decoding=\"async\" width=\"1024\" height=\"683\" data-id=\"53966\" src=\"https:\/\/redsemlac.com\/semmexico\/wp-content\/uploads\/2022\/07\/WhatsApp-Image-2022-07-30-at-1.18.52-PM-1.jpeg\" alt=\"\" class=\"wp-image-53966\"\/><\/a><\/figure>\n\n\n\n<figure class=\"wp-block-image size-large\"><a href=\"https:\/\/redsemlac.com\/semmexico\/wp-content\/uploads\/2022\/07\/WhatsApp-Image-2022-07-30-at-1.18.52-PM.jpeg\"><img loading=\"lazy\" decoding=\"async\" width=\"1024\" height=\"683\" data-id=\"53968\" src=\"https:\/\/redsemlac.com\/semmexico\/wp-content\/uploads\/2022\/07\/WhatsApp-Image-2022-07-30-at-1.18.52-PM.jpeg\" alt=\"\" class=\"wp-image-53968\"\/><\/a><\/figure>\n\n\n\n<figure class=\"wp-block-image size-large\"><a href=\"https:\/\/redsemlac.com\/semmexico\/wp-content\/uploads\/2022\/07\/WhatsApp-Image-2022-07-30-at-1.19.22-PM.jpeg\"><img loading=\"lazy\" decoding=\"async\" width=\"1024\" height=\"683\" data-id=\"53970\" src=\"https:\/\/redsemlac.com\/semmexico\/wp-content\/uploads\/2022\/07\/WhatsApp-Image-2022-07-30-at-1.19.22-PM.jpeg\" alt=\"\" class=\"wp-image-53970\"\/><\/a><\/figure>\n<\/figure>\n","protected":false},"excerpt":{"rendered":"<p>Durante el Primer Congreso de la Naci\u00f3n Amuzga, rindieron homenaje a la defensora de los derechos de las mujeres y los pueblos ind\u00edgenas, Martha S\u00e1nchez N\u00e9stor.<\/p>\n","protected":false},"author":3,"featured_media":53965,"comment_status":"open","ping_status":"open","sticky":false,"template":"","format":"standard","meta":{"_monsterinsights_skip_tracking":false,"footnotes":""},"categories":[693,54],"tags":[],"class_list":["post-53964","post","type-post","status-publish","format-standard","has-post-thumbnail","category-693","category-mujeres"],"_links":{"self":[{"href":"https:\/\/redsemlac.com\/semmexico\/wp-json\/wp\/v2\/posts\/53964","targetHints":{"allow":["GET"]}}],"collection":[{"href":"https:\/\/redsemlac.com\/semmexico\/wp-json\/wp\/v2\/posts"}],"about":[{"href":"https:\/\/redsemlac.com\/semmexico\/wp-json\/wp\/v2\/types\/post"}],"author":[{"embeddable":true,"href":"https:\/\/redsemlac.com\/semmexico\/wp-json\/wp\/v2\/users\/3"}],"replies":[{"embeddable":true,"href":"https:\/\/redsemlac.com\/semmexico\/wp-json\/wp\/v2\/comments?post=53964"}],"version-history":[{"count":0,"href":"https:\/\/redsemlac.com\/semmexico\/wp-json\/wp\/v2\/posts\/53964\/revisions"}],"wp:featuredmedia":[{"embeddable":true,"href":"https:\/\/redsemlac.com\/semmexico\/wp-json\/wp\/v2\/media\/53965"}],"wp:attachment":[{"href":"https:\/\/redsemlac.com\/semmexico\/wp-json\/wp\/v2\/media?parent=53964"}],"wp:term":[{"taxonomy":"category","embeddable":true,"href":"https:\/\/redsemlac.com\/semmexico\/wp-json\/wp\/v2\/categories?post=53964"},{"taxonomy":"post_tag","embeddable":true,"href":"https:\/\/redsemlac.com\/semmexico\/wp-json\/wp\/v2\/tags?post=53964"}],"curies":[{"name":"wp","href":"https:\/\/api.w.org\/{rel}","templated":true}]}}