{"id":53946,"date":"2022-07-31T09:49:45","date_gmt":"2022-07-31T15:49:45","guid":{"rendered":"https:\/\/redsemlac.com\/semmexico\/?p=53946"},"modified":"2023-07-21T19:10:49","modified_gmt":"2023-07-22T00:10:49","slug":"del-cuidado-de-otros-al-autociudado","status":"publish","type":"post","link":"https:\/\/redsemlac.com\/semmexico\/del-cuidado-de-otros-al-autociudado\/","title":{"rendered":"<strong>Del cuidado de otros al autociudado<\/strong>"},"content":{"rendered":"\n<p class=\"wp-block-paragraph\">La importancia del autocuidado desde una perspectiva feminista y de derechos humanos, intenta poner a las mujeres en un primer plano y como sujetas de derechos<\/p>\n\n\n\n<p class=\"wp-block-paragraph\">Norma G. Escamilla Barrientos<\/p>\n\n\n\n<p class=\"wp-block-paragraph\">SemM\u00e9xico, Ciudad de M\u00e9xico, 31 de julio, 2022.- El pasado 24 de julio fue el d\u00eda internacional del&nbsp;<strong>autocuidado<\/strong>, lo cual nos invita indudablemente a no quitar el ojo de la importancia que el tema tiene en nuestro d\u00eda&nbsp; a d\u00eda cotidiano, durante los 365 d\u00edas del a\u00f1o, ya que m\u00e1s all\u00e1 de un tema anexo a nuestra vida, es literalmente una forma de vida, que en el aqu\u00ed y ahora nos brinda&nbsp;<strong>salud<\/strong>&nbsp;y&nbsp;<strong>bienestar<\/strong>, y a largo plazo nos permitir\u00e1 llegar a ser Personas Mayores con dignidad y en un mejor estado de&nbsp;<strong>salud<\/strong>, f\u00edsica, emocional y espiritual, dentro de un entorno &nbsp;social garante.<\/p>\n\n\n\n<p class=\"wp-block-paragraph\">El tema del&nbsp;<strong>autocuidado<\/strong>&nbsp;sin duda ha tenido una mayor relevancia, valor y visibilidad durante los \u00faltimos dos a\u00f1os, siete meses de pandemia por covid-19, dentro de este marco, se ha visibilizado m\u00e1s en la atenci\u00f3n del personal de primera l\u00ednea, m\u00e9dicos, enfermeras, trabajadores sociales, terapeutas y en general todo el \u00e1mbito de atenci\u00f3n m\u00e9dica y que contiene emocionalmente a otros, mirando as\u00ed la importancia que tiene el prestar mayor atenci\u00f3n a nuestra&nbsp;<strong>salud<\/strong>&nbsp;de manera integral, como un ant\u00eddoto que previene enfermedades y s\u00edntomas.&nbsp;<\/p>\n\n\n\n<p class=\"wp-block-paragraph\">Hasta antes de la pandemia diversas organizaciones feministas y organismos de Derechos Humanos comenzaron hace 20 a\u00f1os a posicionar el tema y el desarrollo de estrategias encaminadas al&nbsp;<strong>autocuidado<\/strong>&nbsp;de las mujeres en espec\u00edfico, en ocasiones nombr\u00e1ndola as\u00ed y en el trabajo con mujeres ind\u00edgenas como&nbsp;<strong>autocuidado<\/strong>&nbsp;y sanaci\u00f3n, desde donde se ha encontrado una integraci\u00f3n sociocultural del&nbsp;<strong>autocuidado<\/strong>&nbsp;con y para mujeres en general y desde la especificidad de las mujeres ind\u00edgenas. Algunas de estas organizaciones que comenzaron a posicionar estas pr\u00e1cticas fueron Comaletzin, el Centro de Asesor\u00eda y Desarrollo entre Mujeres, A.C. (Cadem), el grupo de Graciela Hierro en 1992, el programa de Mujeres del SEDEPAC en 1990 a cargo de Gloria Tello, la Red Latinoamericana de Educaci\u00f3n Popular entre Mujeres (REPEM) en 1981 a cargo de Leonor A\u00edda Concha, Kinal Antzetik a cargo de Nellys Palomo, Fundaci\u00f3n para la Equidad A.C. (APIS), La Red de Promotoras Ind\u00edgenas, Asesor\u00eda, Capacitaci\u00f3n y Asistencia en&nbsp;<strong>Salud<\/strong>, A.C.(ACASAC), Grupo de Mujeres de San Crist\u00f3bal de las Casas, A.C., Asociaci\u00f3n de Mujeres Sobrevivientes de Abuso Sexual (MUSAS, A.C) y el Closet de Sor Juana, entre otras.<\/p>\n\n\n\n<p class=\"wp-block-paragraph\">*Texto originalmente publicado en La Cadera de Eva<\/p>\n","protected":false},"excerpt":{"rendered":"<p>La importancia del autocuidado desde una perspectiva feminista y de derechos humanos, intenta poner a las mujeres en un primer plano y como sujetas de derechos<\/p>\n","protected":false},"author":3,"featured_media":53947,"comment_status":"open","ping_status":"open","sticky":false,"template":"","format":"standard","meta":{"_monsterinsights_skip_tracking":false,"footnotes":""},"categories":[693,82,110,35],"tags":[],"class_list":["post-53946","post","type-post","status-publish","format-standard","has-post-thumbnail","category-693","category-la-opinion","category-la-opinion-columnas","category-opinion"],"_links":{"self":[{"href":"https:\/\/redsemlac.com\/semmexico\/wp-json\/wp\/v2\/posts\/53946","targetHints":{"allow":["GET"]}}],"collection":[{"href":"https:\/\/redsemlac.com\/semmexico\/wp-json\/wp\/v2\/posts"}],"about":[{"href":"https:\/\/redsemlac.com\/semmexico\/wp-json\/wp\/v2\/types\/post"}],"author":[{"embeddable":true,"href":"https:\/\/redsemlac.com\/semmexico\/wp-json\/wp\/v2\/users\/3"}],"replies":[{"embeddable":true,"href":"https:\/\/redsemlac.com\/semmexico\/wp-json\/wp\/v2\/comments?post=53946"}],"version-history":[{"count":0,"href":"https:\/\/redsemlac.com\/semmexico\/wp-json\/wp\/v2\/posts\/53946\/revisions"}],"wp:featuredmedia":[{"embeddable":true,"href":"https:\/\/redsemlac.com\/semmexico\/wp-json\/wp\/v2\/media\/53947"}],"wp:attachment":[{"href":"https:\/\/redsemlac.com\/semmexico\/wp-json\/wp\/v2\/media?parent=53946"}],"wp:term":[{"taxonomy":"category","embeddable":true,"href":"https:\/\/redsemlac.com\/semmexico\/wp-json\/wp\/v2\/categories?post=53946"},{"taxonomy":"post_tag","embeddable":true,"href":"https:\/\/redsemlac.com\/semmexico\/wp-json\/wp\/v2\/tags?post=53946"}],"curies":[{"name":"wp","href":"https:\/\/api.w.org\/{rel}","templated":true}]}}