{"id":53941,"date":"2022-07-31T09:42:31","date_gmt":"2022-07-31T15:42:31","guid":{"rendered":"https:\/\/redsemlac.com\/semmexico\/?p=53941"},"modified":"2023-07-21T19:10:50","modified_gmt":"2023-07-22T00:10:50","slug":"fiscalias-borran-avances-de-la-lucha-de-las-mujeres-en-mexico","status":"publish","type":"post","link":"https:\/\/redsemlac.com\/semmexico\/fiscalias-borran-avances-de-la-lucha-de-las-mujeres-en-mexico\/","title":{"rendered":"<strong>Fiscal\u00edas borran avances de la lucha de las mujeres en M\u00e9xico<\/strong>"},"content":{"rendered":"\n<p class=\"has-small-font-size wp-block-paragraph\" style=\"font-style:normal;font-weight:100\">El 21 de julio se realiz\u00f3 la misa de cuerpo presente de Luz Raquel Padilla, quien fue v\u00edctima de feminicidio. Sus agresores la rociaron con alcohol y le prendieron fuego. Foto: Fernando Carranza \/ Cuarto Oscuro<\/p>\n\n\n\n<p class=\"wp-block-paragraph\"><strong>Es ineficacia, recorte presupuestas y cero evaluaciones<\/strong><\/p>\n\n\n\n<p class=\"wp-block-paragraph\"><strong>Expertas analizan c\u00f3mo se revictimiza a las mujeres violentadas&nbsp;<\/strong><\/p>\n\n\n\n<p class=\"wp-block-paragraph\">Mar\u00eda Fernanda Ruiz y Daniela Rea<\/p>\n\n\n\n<p class=\"wp-block-paragraph\">SemM\u00e9xico, Ciudad de M\u00e9xico, 31 de julio, 2022.- La hip\u00f3tesis sobre el feminicidio de Luz Raquel Padilla, que la Fiscal\u00eda del estado occidental de Jalisco lleg\u00f3 a presentar como una \u00abautolesi\u00f3n\u00bb, es una muestra de la ineficacia y falta de perspectiva de g\u00e9nero que las fiscal\u00edas en M\u00e9xico siguen ejerciendo, pero sobre todo es una muestra de criminalizaci\u00f3n hacia las v\u00edctimas.<\/p>\n\n\n\n<p class=\"wp-block-paragraph\">Representa, adem\u00e1s, un borrado de los avances conseguidos por las mujeres en su lucha por la justicia. As\u00ed lo advierten en entrevista las expertas en g\u00e9nero y justicia Rita Canto Vergara, Karla Micheel Salas Ram\u00edrez y Emanuela Borzacchiello.<\/p>\n\n\n\n<p class=\"wp-block-paragraph\">Padilla, de 35 a\u00f1os, muri\u00f3 el 20 de julio, tras ser quemada viva el d\u00eda 16 por un grupo de personas que la rociaron con alcohol cerca de su vivienda y despu\u00e9s de haber denunciado pintadas y otras amenazas previas contra ella, aparentemente de vecinos molestos por los ruidos de su hijo, del espectro autista, cuando sufr\u00eda una crisis.<\/p>\n\n\n\n<p class=\"wp-block-paragraph\">En M\u00e9xico se utiliza el t\u00e9rmino \u201ccriminalizaci\u00f3n\u201d para denunciar cuando servidores p\u00fablicos responsabilizan a las v\u00edctimas de sus propias muertes o del delito que cometieron contra ellas en lugar de realizar una investigaci\u00f3n adecuada y digna. La abogada Salas Ram\u00edrez identifica tres formas existentes de criminalizaci\u00f3n:<\/p>\n\n\n\n<p class=\"wp-block-paragraph\">\u201cLa primera forma de criminalizaci\u00f3n es cuando se habla de que la v\u00edctima se puso en riesgo, que alguna actividad o su forma de vestir provocaron volverlas v\u00edctimas de un delito. La otra forma de criminalizaci\u00f3n es cuando se\u00f1alan que fueron suicidios. Y hay otro tipo: donde se les relaciona con drogas, prostituci\u00f3n, cosas que&nbsp;evilen (del adjetivo evil en ingl\u00e9s: malvado) a las v\u00edctimas\u201d, afirma.<\/p>\n\n\n\n<p class=\"wp-block-paragraph\">En M\u00e9xico, seg\u00fan datos extraoficiales, cada d\u00eda caen v\u00edctimas de feminicidio 11 mujeres y 97 por ciento de estos casos quedan impunes. Jalisco es el tercero estado de los 31 del pa\u00eds con mayor impunidad.<\/p>\n\n\n\n<p class=\"wp-block-paragraph\">Para la defensora Canto Vergara, la criminalizaci\u00f3n de las v\u00edctimas directas en las fiscal\u00edas se ejerce de distintas formas, como cuestionar el simple hecho de ser mujer, su modo de vida, su estado emocional, su estado econ\u00f3mico o su condici\u00f3n de pobreza, su gusto o su oficio, indagar en sus c\u00edrculos cercanos elementos que justifiquen el crimen, o encontrar la vulnerabilidad de las familias de la v\u00edctima para tender hip\u00f3tesis falsas.<\/p>\n\n\n\n<p class=\"wp-block-paragraph\">Adem\u00e1s, agrega, hay otras pr\u00e1cticas que revictimizan y criminalizan: peritajes hechos a modo, necropsias y autopsias sin fundamentos cient\u00edficos de manera sistem\u00e1tica, no reconocimiento de la palabra de las familias y v\u00edctimas, las filtraciones a la prensa, el establecimiento de hip\u00f3tesis como verdaderas por parte de altas autoridades sin haber hecho investigaci\u00f3n, los prejuicios de g\u00e9nero en contra de las mujeres.<\/p>\n\n\n\n<p class=\"wp-block-paragraph\">Pero a juicio de Canto Vergara \u201cse ha avanzado, se ha intentado avanzar, las organizaciones y familias fortalecen su voz ante las fiscal\u00edas, que han permitido pr\u00e1cticas y medidas muy simb\u00f3licas de reparaci\u00f3n, aunque no est\u00e1n dentro de marcos y referencias internacionales de reparaci\u00f3n\u201d.<\/p>\n\n\n\n<p class=\"wp-block-paragraph\">En ese sentido una verdadera reparaci\u00f3n tendr\u00eda que ver con el acceso a la verdad y para acceder a la verdad se tendr\u00edan que erradicar estas pr\u00e1cticas de criminalizaci\u00f3n y revictimizaci\u00f3n.<\/p>\n\n\n\n<p class=\"wp-block-paragraph\"><strong>Digna, Lesvy, Debanhi, Luz Raquel, el caso Narvarte\u2026<\/strong><\/p>\n\n\n\n<p class=\"wp-block-paragraph\">Existen varios ejemplos de criminalizaci\u00f3n de las v\u00edctimas en la historia de la justicia mexicana. Sucedi\u00f3 con el feminicidio de Lesvy Berl\u00edn Rivera Osorio, declarado suicidio sin siquiera realizar un peritaje adecuado; el caso Narvarte, en donde se estigmatiz\u00f3 a las mujeres asesinadas a partir de prejuicios y estereotipos; o en el m\u00e1s reciente de Debanhi Escobar, en el que una de las l\u00edneas de investigaci\u00f3n era que Debanhi cay\u00f3 en la cisterna donde fue encontrado su cuerpo.<\/p>\n\n\n\n<p class=\"wp-block-paragraph\">La abogada Salas Ram\u00edrez observa en la criminalizaci\u00f3n de Luz Raquel Padilla similitudes con el caso de la defensora Digna Ochoa. En ambos casos los servidores p\u00fablicos plantearon hip\u00f3tesis en las que argumentan que hubo una preparaci\u00f3n previa del crimen, que las v\u00edctimas realizaron auto amenazas\u2026 que pr\u00e1cticamente planearon sus asesinatos. En ambos destaca la omisi\u00f3n de investigar debidamente sus muertes violentas.<\/p>\n\n\n\n<p class=\"wp-block-paragraph\">\u201cTeniendo tantas l\u00edneas de investigaci\u00f3n como lo son los conflictos vecinales, las amenazas en redes o que sea un crimen de odio por su orientaci\u00f3n sexual, que su principal hip\u00f3tesis se desprenda de la compra de un encendedor, que eso pueda devenir en una inmolaci\u00f3n\u2026 Me parece que es sumamente preocupante que la fiscal\u00eda est\u00e9 actuando de esa manera. Est\u00e1n sosteniendo una l\u00ednea de investigaci\u00f3n a partir de una serie de prejuicios y no de datos claros\u201d, explica.<\/p>\n\n\n\n<p class=\"wp-block-paragraph\"><strong>Hay normas, falta evaluar a funcionarios<\/strong><\/p>\n\n\n\n<p class=\"wp-block-paragraph\">Para Borzacchiello, investigadora especializada en feminicidio, estos casos son ejemplos que nos muestran una enorme necesidad: evaluar a los funcionarios constantemente.<\/p>\n\n\n\n<p class=\"wp-block-paragraph\">\u201cHoy en d\u00eda no es verdad que vivimos en la ausencia o en la falta de marcos normativos con perspectiva de g\u00e9nero y de derechos humanos. Los hemos ganado con a\u00f1os intensos de duras luchas feministas. Adem\u00e1s, tenemos marcos nacionales e internacionales, normativas que obligan a las fiscal\u00edas a tener personal profesionalizado y sensible\u201d, indica.<\/p>\n\n\n\n<p class=\"wp-block-paragraph\">Destaca la experta que \u201clos estados donde hay alerta de g\u00e9nero tienen dinero y est\u00e1n obligados a capacitar al personal en perspectiva de g\u00e9nero y derechos humanos. Pero no queremos solo una capacitaci\u00f3n, tambi\u00e9n queremos una evaluaci\u00f3n para entender si determinadas capacitaciones funcionan o no y despu\u00e9s de la evaluaci\u00f3n, tenemos que tener sanciones para los funcionarios que no cumplen\u201d.<\/p>\n\n\n\n<p class=\"wp-block-paragraph\"><strong>\u00bfPor qu\u00e9 las fiscal\u00edas siguen cometiendo los mismos errores?<\/strong><\/p>\n\n\n\n<p class=\"wp-block-paragraph\">Como explica Borzacchiello, M\u00e9xico cuenta con marcos normativos con perspectiva de g\u00e9nero que son parte de una larga lucha de las mujeres por exigir y proteger la vida, pero la falla en las investigaciones y las malas pr\u00e1cticas de las fiscal\u00edas diluyen estos avances.<\/p>\n\n\n\n<p class=\"wp-block-paragraph\">\u201cAl revictimizar y criminalizar el cuerpo de Luz Raquel se est\u00e1 intentando borrar todos los instrumentos de luchas que, desde Campo Algodonero hasta hoy en d\u00eda, no s\u00f3lo en M\u00e9xico sino en todo Latinoam\u00e9rica, se han conseguido\u201d, denuncia.<\/p>\n\n\n\n<p class=\"wp-block-paragraph\">Y a\u00f1ade: \u00abquieren reproducir un sistema de justicia antiguo donde la violencia de g\u00e9nero y la violencia contra determinados tipos de cuerpos femeninos o feminizados era cotidiana o permanente, borrando as\u00ed todas nuestras luchas\u201d.<\/p>\n\n\n\n<p class=\"wp-block-paragraph\">Salas Ram\u00edrez ve dos elementos que permiten que las autoridades contin\u00faen actuando de esta manera:<\/p>\n\n\n\n<p class=\"wp-block-paragraph\">\u201cLa primera es la justificaci\u00f3n hist\u00f3rica, no solo desde el derecho sino desde la cultura. Se ha justificado hist\u00f3ricamente el asesinato de las mujeres en la forma en c\u00f3mo son vistas las mujeres. Siempre las mujeres que asesinaban eran las mujeres \u2018malas\u2019. A nivel social siempre se responsabiliza a las v\u00edctimas y se aminora la responsabilidad de los agresores\u00bb.<\/p>\n\n\n\n<p class=\"wp-block-paragraph\">La otra raz\u00f3n, argumenta, \u201ces la resistencia o misoginia arraigada de los funcionarios p\u00fablicos que trabajan en las fiscal\u00edas\u201d.<\/p>\n\n\n\n<p class=\"wp-block-paragraph\">Estas resistencias han instaurado conceptos viej\u00edsimos como el de \u201ccrimen pasional\u201d, el cual ni siquiera es un concepto jur\u00eddico, sino de uso y costumbre.<\/p>\n\n\n\n<p class=\"wp-block-paragraph\">Este se basa en la premisa de que la v\u00edctima hizo algo para darle razones a su agresor de asesinarla. Por muchos a\u00f1os no se ha dado la importancia en ocupar recursos institucionales para hacerse cargo de una investigaci\u00f3n y se han dado carpetazos buscando resolver de manera f\u00e1cil los casos con este tipo de justificaciones.<\/p>\n\n\n\n<p class=\"wp-block-paragraph\">\u201cPor eso cuando se construye el concepto de feminicidio se obliga a las autoridades a investigar cualquier muerte violenta de mujer lo que le devuelve la importancia que hist\u00f3ricamente se ha negado a la vida de las mujeres. Y le dice a las autoridades: \u2018tienes que investigar y agotar los antecedentes de violencia\u2019\u201d, recuerda Salas Ram\u00edrez.<\/p>\n\n\n\n<p class=\"wp-block-paragraph\"><strong>Los feminicidios se pueden evitar<\/strong><\/p>\n\n\n\n<p class=\"wp-block-paragraph\">Borzacchiello observa que el caso de Luz Raquel muestra tambi\u00e9n que los feminicidios son evitables, pero es imposible lograrlo si la protecci\u00f3n a las mujeres no es la adecuada.<\/p>\n\n\n\n<p class=\"wp-block-paragraph\">\u201c\u00bfPor qu\u00e9 si Luz Raquel hab\u00eda denunciado no fue atendida? El Poder Judicial no emite suficientes \u00f3rdenes de protecci\u00f3n. Es importante saber que los Ministerios P\u00fablicos deben tener una tabla de medici\u00f3n de riesgos. Las \u00f3rdenes de protecci\u00f3n est\u00e1n emitidas solo por el poder discrecional del ministerio p\u00fablico, es necesario que a nivel federal tengamos homologadas tablas de medici\u00f3n de riesgos para que se puedan emitir \u00f3rdenes de protecci\u00f3n seg\u00fan criterios emitidos de forma eficaz\u201d, se\u00f1ala la investigadora.<\/p>\n\n\n\n<p class=\"wp-block-paragraph\">La especialista cuenta que apenas en Ciudad de M\u00e9xico, y gracias a la Alerta de Violencia de G\u00e9nero contra las Mujeres (AVGM), se est\u00e1 construyendo una tabla como la que menciona que ser\u00e1 utilizada por agentes, Ministerios P\u00fablicos y operadores que atienden a mujeres sobrevivientes de violencias. Sin este tipo de herramientas, se posibilita la desprotecci\u00f3n de las mujeres y la toma de decisiones a partir de los prejuicios e ignorancias de los servidores p\u00fablicos.<\/p>\n\n\n\n<p class=\"wp-block-paragraph\">Otro aspecto importante es destinar recursos econ\u00f3micos a la prevenci\u00f3n y protecci\u00f3n de las mujeres. Seg\u00fan informaci\u00f3n de Fundar, a pesar de que aument\u00f3 el presupuesto federal destinado a la igualdad entre mujeres y hombres se redujo la cantidad destinada a refugios y programas para la atenci\u00f3n y prevenci\u00f3n de violencia hacia las mujeres.<\/p>\n\n\n\n<p class=\"wp-block-paragraph\">\u201cEste programa tendr\u00eda una reducci\u00f3n de 0,3 por ciento contra 2021, al pasar de 311 millones de pesos a 310 millones en 2022. Dentro de este programa se incluyen distintas acciones que sufrir\u00e1n disminuciones, entre ellas las acciones de coadyuvancia para las alertas de g\u00e9nero con una reducci\u00f3n de 1,5 por ciento, explica la organizaci\u00f3n no gubernamental.<\/p>\n\n\n\n<p class=\"wp-block-paragraph\">Fundar a\u00f1ade que tambi\u00e9n ha habido reducciones en el presupuesto de 2022, \u00aben la construcci\u00f3n y equipamiento de los Centros de Justicia para las Mujeres y en los Recursos Transferibles para la Implementaci\u00f3n de Medidas que Atiendan los Estados y Municipios que cuenten con la Declaratoria de Alerta de Violencia de G\u00e9nero\u00bb.<\/p>\n\n\n\n<p class=\"wp-block-paragraph\"><strong>Alzar la voz, no dejar pasar estos errores<\/strong><\/p>\n\n\n\n<p class=\"wp-block-paragraph\">\u00bfQu\u00e9 nos toca hacer como sociedad ante la ineficiencia de las instituciones? Salas propone sanciones sociales:<\/p>\n\n\n\n<p class=\"wp-block-paragraph\">\u201cEs fundamental que alcemos la voz en todos los espacios, generando una sanci\u00f3n social frente a este tipo de expresiones que no podemos permitir. Me preocupa todo lo que hay alrededor del caso de Luz Raquel. La afectaci\u00f3n es a Luz, a su hijo y sus seres cercanos, pero tambi\u00e9n hay un mensaje al resto de la sociedad y particularmente a las mujeres\u00bb.<\/p>\n\n\n\n<p class=\"wp-block-paragraph\">A su juicio, \u00abeste mensaje de terror de que no estamos seguras en ning\u00fan espacio, ni en nuestros hogares, ni en la calle y no hay instituci\u00f3n que nos proteja. Y que cuando la autoridad permite la violencia lo que ocurre es que escala la violencia\u201d.<\/p>\n\n\n\n<p class=\"wp-block-paragraph\"><strong><em>Publicado &nbsp;originalmente en&nbsp;<\/em><\/strong><a href=\"https:\/\/piedepagina.mx\/\"><strong><em>Pie de P\u00e1gina<\/em><\/strong><\/a><strong><em>, de la red mexicana de Periodistas de A Pie.<\/em><\/strong><\/p>\n\n\n\n<p class=\"wp-block-paragraph\">Sem\/sl<\/p>\n","protected":false},"excerpt":{"rendered":"<p>La hip\u00f3tesis sobre el feminicidio de Luz Raquel Padilla, que la Fiscal\u00eda del estado occidental de Jalisco lleg\u00f3 a presentar como una \u00abautolesi\u00f3n\u00bb, es una muestra de la ineficacia y falta de perspectiva de g\u00e9nero que las fiscal\u00edas en M\u00e9xico siguen ejerciendo<\/p>\n","protected":false},"author":3,"featured_media":53942,"comment_status":"open","ping_status":"open","sticky":false,"template":"","format":"standard","meta":{"_monsterinsights_skip_tracking":false,"footnotes":""},"categories":[693,47],"tags":[],"class_list":["post-53941","post","type-post","status-publish","format-standard","has-post-thumbnail","category-693","category-no-mas-impunidad"],"_links":{"self":[{"href":"https:\/\/redsemlac.com\/semmexico\/wp-json\/wp\/v2\/posts\/53941","targetHints":{"allow":["GET"]}}],"collection":[{"href":"https:\/\/redsemlac.com\/semmexico\/wp-json\/wp\/v2\/posts"}],"about":[{"href":"https:\/\/redsemlac.com\/semmexico\/wp-json\/wp\/v2\/types\/post"}],"author":[{"embeddable":true,"href":"https:\/\/redsemlac.com\/semmexico\/wp-json\/wp\/v2\/users\/3"}],"replies":[{"embeddable":true,"href":"https:\/\/redsemlac.com\/semmexico\/wp-json\/wp\/v2\/comments?post=53941"}],"version-history":[{"count":0,"href":"https:\/\/redsemlac.com\/semmexico\/wp-json\/wp\/v2\/posts\/53941\/revisions"}],"wp:featuredmedia":[{"embeddable":true,"href":"https:\/\/redsemlac.com\/semmexico\/wp-json\/wp\/v2\/media\/53942"}],"wp:attachment":[{"href":"https:\/\/redsemlac.com\/semmexico\/wp-json\/wp\/v2\/media?parent=53941"}],"wp:term":[{"taxonomy":"category","embeddable":true,"href":"https:\/\/redsemlac.com\/semmexico\/wp-json\/wp\/v2\/categories?post=53941"},{"taxonomy":"post_tag","embeddable":true,"href":"https:\/\/redsemlac.com\/semmexico\/wp-json\/wp\/v2\/tags?post=53941"}],"curies":[{"name":"wp","href":"https:\/\/api.w.org\/{rel}","templated":true}]}}