{"id":53938,"date":"2022-07-31T09:36:29","date_gmt":"2022-07-31T15:36:29","guid":{"rendered":"https:\/\/redsemlac.com\/semmexico\/?p=53938"},"modified":"2023-07-21T19:10:50","modified_gmt":"2023-07-22T00:10:50","slug":"exigen-justicia-para-brenda-beltran-defensora-asesinada-en-sonora","status":"publish","type":"post","link":"https:\/\/redsemlac.com\/semmexico\/exigen-justicia-para-brenda-beltran-defensora-asesinada-en-sonora\/","title":{"rendered":"<strong>Exigen justicia para Brenda Beltr\u00e1n, defensora asesinada en Sonora<\/strong>"},"content":{"rendered":"\n<p class=\"wp-block-paragraph\">Van 44 agresiones a mujeres defensoras: Iniciativa Mesoamericana de Defensoras de Derechos Humanos<\/p>\n\n\n\n<p class=\"wp-block-paragraph\">Reclaman a la Fiscal\u00eda una investigaci\u00f3n expedita, integral y con perspectiva de g\u00e9nero para todos los feminicidios, pendientes de justicia<\/p>\n\n\n\n<p class=\"wp-block-paragraph\">Redacci\u00f3n&nbsp;<\/p>\n\n\n\n<p class=\"wp-block-paragraph\">SemM\u00e9xico, Ciudad de M\u00e9xico, 31 de julio, 2022.-&nbsp;La Red Nacional de Defensoras de en M\u00e9xico (RNDDHM) exigi\u00f3 justicia para Brenda Jazm\u00edn Beltr\u00e1n Jaime, defensora e integrante del colectivo Guerreras Buscadoras de Cajeme, Sonora, asesinada el pasado 17 de julio.<\/p>\n\n\n\n<p class=\"wp-block-paragraph\">Beltr\u00e1n Jaime buscaba a su hermano Luis Heraldo, desaparecido desde el 1 de noviembre de 2018, adem\u00e1s de que colaboraba en el acompa\u00f1amiento de familiares de v\u00edctimas de desaparici\u00f3n.<\/p>\n\n\n\n<p class=\"wp-block-paragraph\">La Red se\u00f1al\u00f3 que no es la primera vez que se atenta contra la vida de defensoras y buscadoras en Sonora, y record\u00f3 los casos de Gladys Aranza Ramos, perteneciente al colectivo Guerreras Buscadoras de Sonora, quien en julio de 2021 fue privada de su libertad y posteriormente asesinada; y de Leticia \u00c1lvarez, tambi\u00e9n integrante de este \u00faltimo colectivo, que fue&nbsp;secuestrada&nbsp;por un comando durante varias horas en Hermosillo, Sonora, el 31 de octubre de 2021.<\/p>\n\n\n\n<p class=\"wp-block-paragraph\">A\u00f1adi\u00f3 que integrantes del colectivo de Madres Buscadoras de Sonora tambi\u00e9n sufrieron un atentado el pasado 22 de enero de 2022 en el municipio de Santa Ana, al norte de Sonora, cuando se dirig\u00edan al lugar donde les hab\u00edan informado que se encontraba el hijo de una de ellas.<\/p>\n\n\n\n<p class=\"wp-block-paragraph\">Las defensoras de la Red condenaron el asesinato de Beltr\u00e1n Jaime y exigieron a la Fiscal\u00eda General del Estado de Sonora una investigaci\u00f3n expedita, integral y con perspectiva de g\u00e9nero que considere el contexto generalizado de violencia en la entidad, as\u00ed como las graves agresiones en contra de defensoras de derechos humanos y buscadoras de familiares desaparecidos.<\/p>\n\n\n\n<figure class=\"wp-block-embed is-type-rich is-provider-twitter wp-block-embed-twitter\"><div class=\"wp-block-embed__wrapper\">\n<blockquote class=\"twitter-tweet\" data-width=\"550\" data-dnt=\"true\"><p lang=\"es\" dir=\"ltr\">\ud83d\udce2 \u26a0\ufe0f\ud83d\udea8 <a href=\"https:\/\/twitter.com\/hashtag\/AlertaDefensoras?src=hash&amp;ref_src=twsrc%5Etfw\">#AlertaDefensoras<\/a> M\u00c9XICO \/ Asesinan a la defensora Brenda Jazm\u00edn Beltr\u00e1n, del colectivo Guerreras Buscadoras de Cajeme, Sonora.<br>\ud83d\udccc M\u00e1s informaci\u00f3n \u27a1\ufe0f <a href=\"https:\/\/t.co\/gdsyKjAf8Y\">https:\/\/t.co\/gdsyKjAf8Y<\/a> <a href=\"https:\/\/t.co\/bZbLQfW21g\">pic.twitter.com\/bZbLQfW21g<\/a><\/p>&mdash; IM-Defensoras (@IM_Defensoras) <a href=\"https:\/\/twitter.com\/IM_Defensoras\/status\/1551578234990366721?ref_src=twsrc%5Etfw\">July 25, 2022<\/a><\/blockquote><script async src=\"https:\/\/platform.twitter.com\/widgets.js\" charset=\"utf-8\"><\/script>\n<\/div><\/figure>\n\n\n\n<p class=\"wp-block-paragraph\"><strong>A continuaci\u00f3n, el comunicado completo:<\/strong><\/p>\n\n\n\n<p class=\"wp-block-paragraph\">De acuerdo con informaci\u00f3n de la Fiscal\u00eda General del Estado de Sonora, la defensora Brenda Jazm\u00edn Beltr\u00e1n Jaime fue localizada el pasado domingo 17 de julio con claros indicios de haber sido asesinada.<\/p>\n\n\n\n<p class=\"wp-block-paragraph\">Brenda Jazm\u00edn Beltr\u00e1n Jaime, quien buscaba a su hermano Luis Heraldo Beltr\u00e1n Jaime, desaparecido desde el 1 de noviembre de 2018, era integrante del colectivo Guerreras Buscadoras de Cajeme, Sonora, y colaboraba acompa\u00f1ando a familiares de personas desaparecidas.<\/p>\n\n\n\n<p class=\"wp-block-paragraph\">La Fiscal\u00eda del Estado&nbsp;de Sonora inform\u00f3 que la autopsia revel\u00f3 asfixia como causa de muerte, as\u00ed como que fincar\u00e1 la principal l\u00ednea de investigaci\u00f3n en el entorno personal de la defensora, descartando as\u00ed que el m\u00f3vil de su feminicidio est\u00e9 relacionado con su labor como buscadora. No obstante, cabe se\u00f1alar que la Red Nacional de Defensoras de Derechos Humanos en M\u00e9xico (RNDDHM) ha venido documentando una serie de agresiones en contra de integrantes de los colectivos de familiares de personas desaparecidas de la entidad.<\/p>\n\n\n\n<p class=\"wp-block-paragraph\">En julio de 2021,&nbsp;Gladys Aranza Ramos, perteneciente al colectivo Guerreras Buscadoras de Sonora fue privada de su libertad y posteriormente asesinada.&nbsp;Despu\u00e9s de este grave hecho, la l\u00edder del colectivo Madres Buscadoras de Sonora, Ceci Patricia Flores recibi\u00f3&nbsp;amenazas de muerte; y Leticia \u00c1lvarez, tambi\u00e9n integrante de este \u00faltimo colectivo, fue&nbsp;secuestrada&nbsp;por un comando durante varias horas en Hermosillo, Sonora, el 31 de octubre de 2021.<\/p>\n\n\n\n<p class=\"wp-block-paragraph\">M\u00e1s recientemente, seg\u00fan informaci\u00f3n de la agencia CIMAC Noticias, integrantes del colectivo de Madres Buscadoras de Sonora sufrieron un atentado el pasado 22 de enero de 2022 en el municipio de Santa Ana, al norte de Sonora, cuando se dirig\u00edan al lugar donde les hab\u00edan informado que se encontraba el hijo de una de ellas.<\/p>\n\n\n\n<p class=\"wp-block-paragraph\">Los colectivos de buscadoras en el Estado de Sonora visibilizan un patr\u00f3n de violencia hacia las defensoras que se encuentran en procesos de b\u00fasqueda de verdad, justicia, reparaci\u00f3n y no repetici\u00f3n en contextos de enorme complejidad y ruptura del tejido social.<\/p>\n\n\n\n<p class=\"wp-block-paragraph\">En el estado de Sonora tambi\u00e9n se registraron los asesinatos de las defensoras Mar\u00eda de Jes\u00fas G\u00f3mez Vega y Marisol Cuadras, ocurridos en mayo y noviembre de 2021, respectivamente.<\/p>\n\n\n\n<p class=\"wp-block-paragraph\">Por otra parte, en 2020, seg\u00fan informaci\u00f3n del Registro de la Iniciativa Mesoamericana de Defensoras de Derechos Humanos se documentaron 44 agresiones a mujeres defensoras, en Sonora.<\/p>\n\n\n\n<p class=\"wp-block-paragraph\">Desde la Red Nacional de Defensoras de Derechos Humanos en M\u00e9xico y la IM-Defensoras repudiamos y condenamos el feminicidio de la defensora de derechos humanos Brenda Jazm\u00edn Beltr\u00e1n Jaime.<\/p>\n\n\n\n<p class=\"wp-block-paragraph\">Hacemos tambi\u00e9n un llamado para que se garanticen las medidas necesarias de reparaci\u00f3n y protecci\u00f3n para la familia de la defensora y sus compa\u00f1eras de colectivo.<\/p>\n\n\n\n<p class=\"wp-block-paragraph\">Exigimos a la Fiscal\u00eda General del Estado de Sonora una investigaci\u00f3n expedita, integral y con perspectiva de g\u00e9nero que considere el contexto generalizado de violencia en la entidad, as\u00ed como las graves agresiones en contra de defensoras de derechos humanos y buscadoras de familiares desaparecidos.<\/p>\n\n\n\n<p class=\"wp-block-paragraph\">Igualmente demandamos a las autoridades correspondientes que tome las medidas necesarias para garantizar la protecci\u00f3n de todas las personas y colectivos que trabajan por el derecho a la verdad, la justicia y la reparaci\u00f3n en el Estado de Sonora y en el pa\u00eds; atendiendo y escuchando sus demandas y facilitando las condiciones para que la desarrollen de manera segura.<\/p>\n\n\n\n<p class=\"wp-block-paragraph\">Finalmente hacemos un llamado a la comunidad internacional a solidarizarse con la familia y compa\u00f1eras de lucha de Brenda Jazm\u00edn Beltr\u00e1n Jaime, pronunci\u00e1ndose de inmediato ante este hecho, denunciando y exigiendo justicia<em>.<\/em><\/p>\n\n\n\n<p class=\"wp-block-paragraph\"><em>Sem\/SL<\/em><\/p>\n","protected":false},"excerpt":{"rendered":"<p>La Red Nacional de Defensoras de en M\u00e9xico (RNDDHM) exigi\u00f3 justicia para Brenda Jazm\u00edn Beltr\u00e1n Jaime, defensora e integrante del colectivo Guerreras Buscadoras de Cajeme, Sonora, asesinada el pasado 17 de julio.<\/p>\n","protected":false},"author":3,"featured_media":53939,"comment_status":"open","ping_status":"open","sticky":false,"template":"","format":"standard","meta":{"_monsterinsights_skip_tracking":false,"footnotes":""},"categories":[693,47],"tags":[],"class_list":["post-53938","post","type-post","status-publish","format-standard","has-post-thumbnail","category-693","category-no-mas-impunidad"],"_links":{"self":[{"href":"https:\/\/redsemlac.com\/semmexico\/wp-json\/wp\/v2\/posts\/53938","targetHints":{"allow":["GET"]}}],"collection":[{"href":"https:\/\/redsemlac.com\/semmexico\/wp-json\/wp\/v2\/posts"}],"about":[{"href":"https:\/\/redsemlac.com\/semmexico\/wp-json\/wp\/v2\/types\/post"}],"author":[{"embeddable":true,"href":"https:\/\/redsemlac.com\/semmexico\/wp-json\/wp\/v2\/users\/3"}],"replies":[{"embeddable":true,"href":"https:\/\/redsemlac.com\/semmexico\/wp-json\/wp\/v2\/comments?post=53938"}],"version-history":[{"count":0,"href":"https:\/\/redsemlac.com\/semmexico\/wp-json\/wp\/v2\/posts\/53938\/revisions"}],"wp:featuredmedia":[{"embeddable":true,"href":"https:\/\/redsemlac.com\/semmexico\/wp-json\/wp\/v2\/media\/53939"}],"wp:attachment":[{"href":"https:\/\/redsemlac.com\/semmexico\/wp-json\/wp\/v2\/media?parent=53938"}],"wp:term":[{"taxonomy":"category","embeddable":true,"href":"https:\/\/redsemlac.com\/semmexico\/wp-json\/wp\/v2\/categories?post=53938"},{"taxonomy":"post_tag","embeddable":true,"href":"https:\/\/redsemlac.com\/semmexico\/wp-json\/wp\/v2\/tags?post=53938"}],"curies":[{"name":"wp","href":"https:\/\/api.w.org\/{rel}","templated":true}]}}