{"id":53927,"date":"2022-07-31T09:24:39","date_gmt":"2022-07-31T15:24:39","guid":{"rendered":"https:\/\/redsemlac.com\/semmexico\/?p=53927"},"modified":"2023-07-21T19:10:50","modified_gmt":"2023-07-22T00:10:50","slug":"america-latina-pierde-anos-de-esperanza-de-vida-por-la-covid","status":"publish","type":"post","link":"https:\/\/redsemlac.com\/semmexico\/america-latina-pierde-anos-de-esperanza-de-vida-por-la-covid\/","title":{"rendered":"<strong>Am\u00e9rica Latina pierde a\u00f1os de esperanza de vida por la Covid<\/strong>"},"content":{"rendered":"\n<p class=\"has-small-font-size wp-block-paragraph\" style=\"font-style:normal;font-weight:100\"><a href=\"https:\/\/ipsnoticias.net\/wp-content\/uploads\/2022\/07\/poblacion-cepal.jpg\"><\/a>A partir de este a\u00f1o se espera una recuperaci\u00f3n de la esperanza de vida en Am\u00e9rica Latina y el Caribe, debida a la vacunaci\u00f3n masiva contra la covid-19 y otras medidas de salud. Mientras, se desacelera el crecimiento de la poblaci\u00f3n y en cambio avanza su envejecimiento. Foto: Cepal<\/p>\n\n\n\n<p class=\"wp-block-paragraph\"><strong>Baja la fecundidad a menos de la de reemplazo<\/strong><\/p>\n\n\n\n<p class=\"wp-block-paragraph\"><strong>Se necesitan 34 a\u00f1os para lograr equilibrio poblacional<\/strong><\/p>\n\n\n\n<p class=\"wp-block-paragraph\">Redacci\u00f3n<\/p>\n\n\n\n<p class=\"wp-block-paragraph\">SemM\u00e9xico, Santiago de Chile, 31 de julio, 2022.- Am\u00e9rica Latina y el Caribe es la regi\u00f3n del mundo que perdi\u00f3 m\u00e1s a\u00f1os de esperanza de vida debido a la covid-19, pasando de 75,1 a\u00f1os en 2019 a 72,1 en 2021, seg\u00fan un an\u00e1lisis de la Cepal sobre tendencias recientes de la poblaci\u00f3n.<\/p>\n\n\n\n<p class=\"wp-block-paragraph\">La Cepal (Comisi\u00f3n Econ\u00f3mica para Am\u00e9rica Latina y el Caribe) resalt\u00f3 que esa p\u00e9rdida de tres a\u00f1os en la esperanza de vida promedia cifras desiguales entre pa\u00edses y subregiones, pues por ejemplo el&nbsp;retroceso fue de 3,6 a\u00f1os en Am\u00e9rica Central, medio punto m\u00e1s que en el resto de la regi\u00f3n.<\/p>\n\n\n\n<p class=\"wp-block-paragraph\">Las proyecciones de la Cepal suponen que ya en 2022 comenzar\u00e1 la recuperaci\u00f3n de los a\u00f1os perdidos de esperanza de vida, debido al proceso de vacunaci\u00f3n y a las medidas tomadas por los pa\u00edses para combatir la pandemia.<\/p>\n\n\n\n<p class=\"wp-block-paragraph\">Los estimados y proyecciones tambi\u00e9n confirman un crecimiento cada vez menor de la poblaci\u00f3n de la regi\u00f3n, resultante sobre todo de la disminuci\u00f3n de la fecundidad.<\/p>\n\n\n\n<p class=\"wp-block-paragraph\">Seg\u00fan el an\u00e1lisis, la poblaci\u00f3n de la regi\u00f3n pas\u00f3 de 168,3 millones de personas en 1950 a poco m\u00e1s de 660 millones en 2022 y se espera que comience a decrecer dentro de aproximadamente 34 a\u00f1os.<\/p>\n\n\n\n<p class=\"wp-block-paragraph\">La regi\u00f3n pas\u00f3 de un crecimiento medio anual de 4,5 millones de personas entre 1950 y 1951 a un m\u00e1ximo de cerca de 8,3 millones a inicios de los a\u00f1os 90.<\/p>\n\n\n\n<p class=\"wp-block-paragraph\">A partir de 1991 el crecimiento poblacional empez\u00f3 a desacelerarse y, actualmente, la poblaci\u00f3n crece a un ritmo de menos de cinco millones de personas al a\u00f1o.<\/p>\n\n\n\n<p class=\"wp-block-paragraph\">El crecimiento cada vez menor de la poblaci\u00f3n, resultante principalmente de la disminuci\u00f3n de la fecundidad, llevar\u00e1 a la regi\u00f3n a alcanzar su poblaci\u00f3n m\u00e1xima en el a\u00f1o 2056, con un total de 751,9 millones de personas, se\u00f1ala el an\u00e1lisis.<\/p>\n\n\n\n<p class=\"wp-block-paragraph\">Tambi\u00e9n se evidencia un envejecimiento poblacional y la aproximaci\u00f3n del fin del bono demogr\u00e1fico, como se conoce al periodo de transici\u00f3n demogr\u00e1fica de un pa\u00eds en el que cada vez m\u00e1s j\u00f3venes se incorporan al mercado laboral, la tasa de natalidad baja y la pir\u00e1mide poblacional del pa\u00eds se expande en el medio.<\/p>\n\n\n\n<p class=\"wp-block-paragraph\">El texto de la Cepal dice que la regi\u00f3n se encuentra en una etapa de envejecimiento relativamente acelerada, y se proyecta que ya en 2047 la poblaci\u00f3n de personas con 60 a\u00f1os y m\u00e1s supere a la de menos de 15 a\u00f1os.<\/p>\n\n\n\n<p class=\"wp-block-paragraph\">Se calcula que en 1967 la relaci\u00f3n de dependencia de la regi\u00f3n empez\u00f3 a decrecer, marcando el inicio del bono demogr\u00e1fico, mientras que, para 2029, se proyecta que la poblaci\u00f3n dependiente (menores de 15 a\u00f1os y mayores de 65) crecer\u00e1 m\u00e1s que la poblaci\u00f3n en edad de trabajar (de 15 a 64 a\u00f1os).<\/p>\n\n\n\n<p class=\"wp-block-paragraph\">Existe sin embargo la heterogeneidad regional, con distintos ritmos de envejecimiento en los pa\u00edses de la regi\u00f3n.<\/p>\n\n\n\n<p class=\"wp-block-paragraph\">La fecundidad cay\u00f3 por debajo del nivel de reemplazo y sigui\u00f3 aumentando la edad media de la fecundidad. La tasa global de fecundidad de Am\u00e9rica Latina y el Caribe en 2022 es estimada en 1,85 nacidos vivos por mujer, cifra que est\u00e1 por debajo del nivel de reemplazo desde 2015, y bajar\u00e1 a 1,68 para el a\u00f1o dos mil cien.<\/p>\n\n\n\n<p class=\"wp-block-paragraph\">Asimismo, la edad media de la fecundidad mantuvo una tendencia decreciente entre 1950 y 2000 debido a la disminuci\u00f3n del n\u00famero de hijos por mujer, y registr\u00f3 su valor m\u00ednimo en 2000 con 26,9 a\u00f1os.<\/p>\n\n\n\n<p class=\"wp-block-paragraph\">A partir de 2013 comenz\u00f3 a aumentar y actualmente se observa un valor de 27,6 a\u00f1os, lo que se\u00f1ala que la baja fecundidad viene acompa\u00f1ada por un n\u00famero mayor de mujeres teniendo hijos en edades m\u00e1s avanzadas, y se espera que esa tendencia contin\u00fae y que la edad media alcance 30,4 a\u00f1os en 2100.<\/p>\n\n\n\n<p class=\"wp-block-paragraph\">Finalmente, el an\u00e1lisis aborda la creciente importancia de la migraci\u00f3n intrarregional y advierte que uno de los principales desaf\u00edos para el estudio de la migraci\u00f3n es la disponibilidad de fuentes de datos que den cuenta de los patrones migratorios, flujos, y caracter\u00edsticas de la poblaci\u00f3n migrante.<\/p>\n\n\n\n<p class=\"wp-block-paragraph\"><em>Sem\/SL<\/em><\/p>\n","protected":false},"excerpt":{"rendered":"<p>Am\u00e9rica Latina y el Caribe es la regi\u00f3n del mundo que perdi\u00f3 m\u00e1s a\u00f1os de esperanza de vida debido a la covid-19, pasando de 75,1 a\u00f1os en 2019 a 72,1 en 2021, seg\u00fan un an\u00e1lisis de la Cepal sobre tendencias recientes de la poblaci\u00f3n.<\/p>\n","protected":false},"author":3,"featured_media":53932,"comment_status":"open","ping_status":"open","sticky":false,"template":"","format":"standard","meta":{"_monsterinsights_skip_tracking":false,"footnotes":""},"categories":[693,53],"tags":[],"class_list":["post-53927","post","type-post","status-publish","format-standard","has-post-thumbnail","category-693","category-internacional"],"_links":{"self":[{"href":"https:\/\/redsemlac.com\/semmexico\/wp-json\/wp\/v2\/posts\/53927","targetHints":{"allow":["GET"]}}],"collection":[{"href":"https:\/\/redsemlac.com\/semmexico\/wp-json\/wp\/v2\/posts"}],"about":[{"href":"https:\/\/redsemlac.com\/semmexico\/wp-json\/wp\/v2\/types\/post"}],"author":[{"embeddable":true,"href":"https:\/\/redsemlac.com\/semmexico\/wp-json\/wp\/v2\/users\/3"}],"replies":[{"embeddable":true,"href":"https:\/\/redsemlac.com\/semmexico\/wp-json\/wp\/v2\/comments?post=53927"}],"version-history":[{"count":0,"href":"https:\/\/redsemlac.com\/semmexico\/wp-json\/wp\/v2\/posts\/53927\/revisions"}],"wp:featuredmedia":[{"embeddable":true,"href":"https:\/\/redsemlac.com\/semmexico\/wp-json\/wp\/v2\/media\/53932"}],"wp:attachment":[{"href":"https:\/\/redsemlac.com\/semmexico\/wp-json\/wp\/v2\/media?parent=53927"}],"wp:term":[{"taxonomy":"category","embeddable":true,"href":"https:\/\/redsemlac.com\/semmexico\/wp-json\/wp\/v2\/categories?post=53927"},{"taxonomy":"post_tag","embeddable":true,"href":"https:\/\/redsemlac.com\/semmexico\/wp-json\/wp\/v2\/tags?post=53927"}],"curies":[{"name":"wp","href":"https:\/\/api.w.org\/{rel}","templated":true}]}}