{"id":53920,"date":"2022-07-31T09:13:51","date_gmt":"2022-07-31T15:13:51","guid":{"rendered":"https:\/\/redsemlac.com\/semmexico\/?p=53920"},"modified":"2023-07-21T19:10:50","modified_gmt":"2023-07-22T00:10:50","slug":"agrio-sabor-dejaron-feministas-al-gobernador-murat-en-el-ultimo-convite-que-preside","status":"publish","type":"post","link":"https:\/\/redsemlac.com\/semmexico\/agrio-sabor-dejaron-feministas-al-gobernador-murat-en-el-ultimo-convite-que-preside\/","title":{"rendered":"Agrio sabor, dejaron feministas al gobernador Murat en el \u00faltimo convite que preside"},"content":{"rendered":"\n<p class=\"wp-block-paragraph\">* Oaxaca Feminicida, le volvieron a recordar al mandatario ante cientos de turistas<\/p>\n\n\n\n<p class=\"wp-block-paragraph\">* Una feminista logr\u00f3 la foto con el mandatario, mientras exhib\u00eda un cartel con el n\u00famero de feminicidios ocurridos en su mandato<\/p>\n\n\n\n<p class=\"wp-block-paragraph\">Soledad Jarqu\u00edn Edgar<\/p>\n\n\n\n<p class=\"wp-block-paragraph\">SemM\u00e9xico, Oaxaca, 31 de julio, 2022.- Una manta de 25 metros de largo con la leyenda \u201cOaxaca Feminicida\u201d fue desplegada la tarde del s\u00e1bado en el atrio del emblem\u00e1tico templo de Santo Domingo de Guzm\u00e1n, lo que sorprendi\u00f3 a cientos de turistas que pasaban por ah\u00ed, pero el m\u00e1s sorprendido fue Alejandro Murat, cuando una feminista logr\u00f3 la foto con \u00e9l, mientras portaba un cartel con la cifra macabra de los feminicidios ocurridos en lo que va de su mandato, y logr\u00f3 agriarle el \u00faltimo convite que presidir\u00e1 como gobernador en las fiestas de la Guelaguetza.<\/p>\n\n\n\n<p class=\"wp-block-paragraph\">La tarde de protesta empez\u00f3 cuando en el atrio, Oaxaperras, una colectiva art\u00edstica, vestidas con coloridos huipiles y faldas amplias de distintas regiones de la entidad y con m\u00e1scaras en la cara, interpretaron el performance \u201cMujer Oaxaque\u00f1a\u201d, una versi\u00f3n feminista de la composici\u00f3n que Rodolfo Villegas Bola\u00f1os produjo en los a\u00f1os ochenta.<\/p>\n\n\n\n<p class=\"wp-block-paragraph\">Mujer Oaxaque\u00f1a no hablaba de los lindos trajes regionales, sus listones de colores, ni exaltaba la belleza f\u00edsica de las mujeres, no, esta vez, cantaban la rabia de las mujeres que viven en un estado feminicida y cuestionaba la Guelaguetza un pretexto para \u201clucrar\u201d y \u201cvender nuestra identidad\u201d.<\/p>\n\n\n\n<p class=\"wp-block-paragraph\">La reinterpretaci\u00f3n en versos de la colectiva art\u00edstica Oaxaperras hizo alusi\u00f3n al feminicidio, a las madres que lloran por sus muertas, al \u201cOaxaca la tierra del encanto donde habita la impunidad\u201d, \u201cdonde con orgullo hablan siempre de la mujer hermosa, siempre y cuando se encuentre callada, sin incomodar\u201d.&nbsp; Esto a prop\u00f3sito de la reacci\u00f3n desmedida mostrada por m\u00e1s de una veintena de polic\u00edas que sacaron a Mar\u00eda Elena R\u00edos, una v\u00edctima de la violencia feminicida, del auditorio Guelaguetza el pasado lunes durante la edici\u00f3n vespertina de llamada \u201cm\u00e1xima fiesta de los oaxaque\u00f1os\u201d, luego de que ella desplegara una manta con la leyenda Oaxaca Feminicida.<\/p>\n\n\n\n<p class=\"wp-block-paragraph\">As\u00ed, mientras a unas cuadras se preparaba el convite, el tradicional desfile de las delegaciones que participar\u00e1n este lunes en la octava del Lunes del Cerro, la Guelaguetza, misma que encabez\u00f3 el gobernador Alejandro Murat, en el atrio del emblem\u00e1tico templo dominico, medio centenar de mujeres de diversas colectivas, vestidas con camisetas negras, recordaron el Oaxaca Feminicida y exigieron Justicia para Todas.<\/p>\n\n\n\n<p class=\"wp-block-paragraph\">Varias fueron las oradoras que explicaron a cientos de visitantes, en espa\u00f1ol y en ingl\u00e9s, que se deten\u00edan para observar y escuchar o que pasaban sin detenerse, que en el actual gobierno que concluir\u00e1 el pr\u00f3ximo 30 de noviembre, han sido asesinadas 667 mujeres y que la gran mayor\u00eda siguen sin tener justicia, la reina es la impunidad, dec\u00edan al tiempo de hacer ver que detr\u00e1s de la fiesta de la Guelaguetza para las habitantes de esta entidad hay violencia machista.<\/p>\n\n\n\n<p class=\"wp-block-paragraph\">Como parte de la Guelaguetza entregaron paletas de dulce, cada uno portaba el nombre de una de las mil 844 mujeres que en estos cinco a\u00f1os ocho meses, el tiempo del gobierno de Murat Hinojosa, salieron de su casa para no volver, est\u00e1n desaparecidas.<\/p>\n\n\n\n<p class=\"wp-block-paragraph\">Cantos y proclamas se escucharon por m\u00e1s de dos horas en esa esquina, como los nombres de algunas de las v\u00edctimas del feminicidio.<\/p>\n\n\n\n<p class=\"wp-block-paragraph\"><strong>La tarde que una feminista le agri\u00f3 la fiesta a Murat<\/strong><\/p>\n\n\n\n<p class=\"wp-block-paragraph\">Se dispersaron las feministas, inici\u00f3 el convite. En la calle de Abasolo, el gobernador acompa\u00f1ado de un grupo de los funcionarios de primer nivel caminaba sonriente, saludando a la gente, mientras la banda tocaba m\u00fasica local. Alegr\u00eda que coronaban cientos de cohetones que estallaban en el cielo.<\/p>\n\n\n\n<p class=\"wp-block-paragraph\">Una joven vestida a la usanza istme\u00f1a, se acerc\u00f3 a \u00e9l, Alejandro Murat sosten\u00eda de la mano a Ivette Moran, la presidenta honoraria del DIF Oaxaca. La joven se acerc\u00f3 con un colorido cartel, el mandatario acept\u00f3 tomarse la foto, pero la feminista volte\u00f3 el cartel con la leyenda 666 feminicidios. Dos de sus escoltas presuroso pretendieron arrebatar la cartulina, ella levant\u00f3 el letrero. Murat Hinojosa al darse cuenta, solt\u00f3 de inmediato a la joven y molesto, con la cara descompuesta, sigui\u00f3 su camino. Mientras un grupo de mujeres grit\u00f3 \u00a1Eso!<\/p>\n\n\n\n<figure class=\"wp-block-gallery has-nested-images columns-default is-cropped wp-block-gallery-1 is-layout-flex wp-block-gallery-is-layout-flex\">\n<figure class=\"wp-block-image size-large\"><a href=\"https:\/\/redsemlac.com\/semmexico\/wp-content\/uploads\/2022\/07\/WhatsApp-Image-2022-07-30-at-10.13.28-PM.jpeg\"><img decoding=\"async\" data-id=\"53954\" src=\"https:\/\/redsemlac.com\/semmexico\/wp-content\/uploads\/2022\/07\/WhatsApp-Image-2022-07-30-at-10.13.28-PM-1024x768.jpeg\" alt=\"\" class=\"wp-image-53954\"\/><\/a><\/figure>\n\n\n\n<figure class=\"wp-block-image size-large\"><a href=\"https:\/\/redsemlac.com\/semmexico\/wp-content\/uploads\/2022\/07\/WhatsApp-Image-2022-07-30-at-10.13.29-PM-1.jpeg\"><img decoding=\"async\" data-id=\"53949\" src=\"https:\/\/redsemlac.com\/semmexico\/wp-content\/uploads\/2022\/07\/WhatsApp-Image-2022-07-30-at-10.13.29-PM-1-768x1024.jpeg\" alt=\"\" class=\"wp-image-53949\"\/><\/a><\/figure>\n\n\n\n<figure class=\"wp-block-image size-large\"><a href=\"https:\/\/redsemlac.com\/semmexico\/wp-content\/uploads\/2022\/07\/WhatsApp-Image-2022-07-30-at-10.13.29-PM.jpeg\"><img decoding=\"async\" data-id=\"53952\" src=\"https:\/\/redsemlac.com\/semmexico\/wp-content\/uploads\/2022\/07\/WhatsApp-Image-2022-07-30-at-10.13.29-PM-1024x768.jpeg\" alt=\"\" class=\"wp-image-53952\"\/><\/a><\/figure>\n\n\n\n<figure class=\"wp-block-image size-large\"><a href=\"https:\/\/redsemlac.com\/semmexico\/wp-content\/uploads\/2022\/07\/WhatsApp-Image-2022-07-30-at-10.13.30-PM-1.jpeg\"><img decoding=\"async\" data-id=\"53950\" src=\"https:\/\/redsemlac.com\/semmexico\/wp-content\/uploads\/2022\/07\/WhatsApp-Image-2022-07-30-at-10.13.30-PM-1-768x1024.jpeg\" alt=\"\" class=\"wp-image-53950\"\/><\/a><\/figure>\n\n\n\n<figure class=\"wp-block-image size-large\"><a href=\"https:\/\/redsemlac.com\/semmexico\/wp-content\/uploads\/2022\/07\/WhatsApp-Image-2022-07-30-at-10.13.30-PM-2.jpeg\"><img decoding=\"async\" data-id=\"53951\" src=\"https:\/\/redsemlac.com\/semmexico\/wp-content\/uploads\/2022\/07\/WhatsApp-Image-2022-07-30-at-10.13.30-PM-2-768x1024.jpeg\" alt=\"\" class=\"wp-image-53951\"\/><\/a><\/figure>\n\n\n\n<figure class=\"wp-block-image size-large\"><a href=\"https:\/\/redsemlac.com\/semmexico\/wp-content\/uploads\/2022\/07\/WhatsApp-Image-2022-07-30-at-10.13.30-PM-3.jpeg\"><img decoding=\"async\" data-id=\"53953\" src=\"https:\/\/redsemlac.com\/semmexico\/wp-content\/uploads\/2022\/07\/WhatsApp-Image-2022-07-30-at-10.13.30-PM-3-768x1024.jpeg\" alt=\"\" class=\"wp-image-53953\"\/><\/a><\/figure>\n\n\n\n<figure class=\"wp-block-image size-large\"><a href=\"https:\/\/redsemlac.com\/semmexico\/wp-content\/uploads\/2022\/07\/WhatsApp-Image-2022-07-30-at-10.13.30-PM.jpeg\"><img decoding=\"async\" data-id=\"53955\" src=\"https:\/\/redsemlac.com\/semmexico\/wp-content\/uploads\/2022\/07\/WhatsApp-Image-2022-07-30-at-10.13.30-PM-1024x768.jpeg\" alt=\"\" class=\"wp-image-53955\"\/><\/a><\/figure>\n\n\n\n<figure class=\"wp-block-image size-large\"><a href=\"https:\/\/redsemlac.com\/semmexico\/wp-content\/uploads\/2022\/07\/WhatsApp-Image-2022-07-30-at-10.14.13-PM-1.jpeg\"><img decoding=\"async\" data-id=\"53956\" src=\"https:\/\/redsemlac.com\/semmexico\/wp-content\/uploads\/2022\/07\/WhatsApp-Image-2022-07-30-at-10.14.13-PM-1-1024x768.jpeg\" alt=\"\" class=\"wp-image-53956\"\/><\/a><\/figure>\n\n\n\n<figure class=\"wp-block-image size-large\"><a href=\"https:\/\/redsemlac.com\/semmexico\/wp-content\/uploads\/2022\/07\/WhatsApp-Image-2022-07-30-at-10.14.13-PM.jpeg\"><img decoding=\"async\" data-id=\"53957\" src=\"https:\/\/redsemlac.com\/semmexico\/wp-content\/uploads\/2022\/07\/WhatsApp-Image-2022-07-30-at-10.14.13-PM-1024x768.jpeg\" alt=\"\" class=\"wp-image-53957\"\/><\/a><\/figure>\n<\/figure>\n\n\n\n<figure class=\"wp-block-video\"><video height=\"368\" style=\"aspect-ratio: 640 \/ 368;\" width=\"640\" controls src=\"https:\/\/redsemlac.com\/semmexico\/wp-content\/uploads\/2022\/07\/WhatsApp-Video-2022-07-30-at-8.37.55-PM.mp4\"><\/video><\/figure>\n\n\n\n<p class=\"wp-block-paragraph\">En redes sociales se destac\u00f3 la acci\u00f3n de esta joven que se tom\u00f3 la foto con el gobernador y un cartel denunciando el feminicidio, pero que adem\u00e1s hizo enojar al se\u00f1or de la fiesta.<\/p>\n\n\n<div class=\"wp-block-image\">\n<figure class=\"alignleft size-full is-resized\"><a href=\"https:\/\/redsemlac.com\/semmexico\/wp-content\/uploads\/2022\/07\/fotos-para-el-final-de-la-nota.png\"><img loading=\"lazy\" decoding=\"async\" src=\"https:\/\/redsemlac.com\/semmexico\/wp-content\/uploads\/2022\/07\/fotos-para-el-final-de-la-nota.png\" alt=\"\" class=\"wp-image-53958\" width=\"379\" height=\"374\"\/><\/a><\/figure>\n<\/div>\n\n\n<p class=\"wp-block-paragraph\">\u00a0<\/p>\n\n\n\n<p class=\"wp-block-paragraph\"><\/p>\n\n\n<div class=\"wp-block-image\">\n<figure class=\"alignright size-full is-resized\"><a href=\"https:\/\/redsemlac.com\/semmexico\/wp-content\/uploads\/2022\/07\/murat-02.png\"><img loading=\"lazy\" decoding=\"async\" src=\"https:\/\/redsemlac.com\/semmexico\/wp-content\/uploads\/2022\/07\/murat-02.png\" alt=\"\" class=\"wp-image-53926\" width=\"423\" height=\"100\"\/><\/a><\/figure>\n<\/div>\n\n\n<p class=\"wp-block-paragraph\"><\/p>\n\n\n\n<p class=\"wp-block-paragraph\"><\/p>\n\n\n\n<p class=\"wp-block-paragraph\"><\/p>\n\n\n\n<p class=\"wp-block-paragraph\"><\/p>\n\n\n\n<p class=\"wp-block-paragraph\">SEM\/sje<\/p>\n","protected":false},"excerpt":{"rendered":"<p>Oaxaca Feminicida, le volvieron a recordar al mandatario ante cientos de turistas<\/p>\n","protected":false},"author":3,"featured_media":53921,"comment_status":"open","ping_status":"open","sticky":false,"template":"","format":"standard","meta":{"_monsterinsights_skip_tracking":false,"footnotes":""},"categories":[693,54],"tags":[],"class_list":["post-53920","post","type-post","status-publish","format-standard","has-post-thumbnail","category-693","category-mujeres"],"_links":{"self":[{"href":"https:\/\/redsemlac.com\/semmexico\/wp-json\/wp\/v2\/posts\/53920","targetHints":{"allow":["GET"]}}],"collection":[{"href":"https:\/\/redsemlac.com\/semmexico\/wp-json\/wp\/v2\/posts"}],"about":[{"href":"https:\/\/redsemlac.com\/semmexico\/wp-json\/wp\/v2\/types\/post"}],"author":[{"embeddable":true,"href":"https:\/\/redsemlac.com\/semmexico\/wp-json\/wp\/v2\/users\/3"}],"replies":[{"embeddable":true,"href":"https:\/\/redsemlac.com\/semmexico\/wp-json\/wp\/v2\/comments?post=53920"}],"version-history":[{"count":0,"href":"https:\/\/redsemlac.com\/semmexico\/wp-json\/wp\/v2\/posts\/53920\/revisions"}],"wp:featuredmedia":[{"embeddable":true,"href":"https:\/\/redsemlac.com\/semmexico\/wp-json\/wp\/v2\/media\/53921"}],"wp:attachment":[{"href":"https:\/\/redsemlac.com\/semmexico\/wp-json\/wp\/v2\/media?parent=53920"}],"wp:term":[{"taxonomy":"category","embeddable":true,"href":"https:\/\/redsemlac.com\/semmexico\/wp-json\/wp\/v2\/categories?post=53920"},{"taxonomy":"post_tag","embeddable":true,"href":"https:\/\/redsemlac.com\/semmexico\/wp-json\/wp\/v2\/tags?post=53920"}],"curies":[{"name":"wp","href":"https:\/\/api.w.org\/{rel}","templated":true}]}}