{"id":53910,"date":"2022-07-30T13:30:27","date_gmt":"2022-07-30T19:30:27","guid":{"rendered":"https:\/\/redsemlac.com\/semmexico\/?p=53910"},"modified":"2023-07-21T19:10:50","modified_gmt":"2023-07-22T00:10:50","slug":"unodc-presenta-la-campana-corazon-azul-2022-en-el-dia-mundial-contra-la-trata-de-personas","status":"publish","type":"post","link":"https:\/\/redsemlac.com\/semmexico\/unodc-presenta-la-campana-corazon-azul-2022-en-el-dia-mundial-contra-la-trata-de-personas\/","title":{"rendered":"UNODC presenta la campa\u00f1a Coraz\u00f3n Azul 2022 en el D\u00eda Mundial contra la Trata de Personas"},"content":{"rendered":"\n<p class=\"has-small-font-size wp-block-paragraph\" style=\"font-style:normal;font-weight:200\">Foto: \u00a9 UNODC M\u00e9xico<\/p>\n\n\n\n<p class=\"wp-block-paragraph\">Se desarrollar\u00e1 en M\u00e9xico para identificar el delito de trata de personas en sus m\u00faltiples modalidades y sensibilizar a la poblaci\u00f3n<\/p>\n\n\n\n<p class=\"wp-block-paragraph\">Redacci\u00f3n<\/p>\n\n\n\n<p class=\"wp-block-paragraph\">SemM\u00e9xico\/ONUNoticias, Ciudad de M\u00e9xico, 30 de julio 2022 &#8211; En conmemoraci\u00f3n del D\u00eda Mundial contra la Trata de Personas, la Oficina de las Naciones Unidas contra la Droga y el Delito (UNODC) en M\u00e9xico present\u00f3 la campa\u00f1a Coraz\u00f3n Azul 2022, que busca visibilizar el delito de trata de personas en sus m\u00faltiples modalidades y sensibilizar a la poblaci\u00f3n para identificar y denunciar posibles casos de este delito.<\/p>\n\n\n\n<p class=\"wp-block-paragraph\">Durante el evento se cont\u00f3 con la participaci\u00f3n del Secretario T\u00e9cnico de la Comisi\u00f3n Intersecretarial en materia de Trata de Personas de la Secretar\u00eda de Gobernaci\u00f3n (SEGOB), el Sr. F\u00e9lix Santana, quien afirm\u00f3 que \u201cnuestro compromiso como pa\u00eds no debe reducirse a cierto tipo de v\u00edctimas de trata; debe volcarse a la prevenci\u00f3n, no solo del delito, sino de sus causas estructurales\u201d.<\/p>\n\n\n\n<p class=\"wp-block-paragraph\">A prop\u00f3sito del lanzamiento de la campa\u00f1a, el Director para Prevenci\u00f3n del Delito y Combate a la Corrupci\u00f3n de la Secretar\u00eda de Relaciones Exteriores, el Sr. Mauricio Zapata, mencion\u00f3 que \u201cla prevenci\u00f3n es el \u00e1mbito desde el que podemos trabajar juntos para erradicar la trata antes de que ocurra. Tenemos que generar una mayor conciencia en las personas y las campa\u00f1as como Coraz\u00f3n Azul nos ayudan en ese prop\u00f3sito\u00bb.<\/p>\n\n\n\n<p class=\"wp-block-paragraph\">En la reuni\u00f3n se anunci\u00f3 que el Gobierno de la Ciudad de M\u00e9xico formar\u00e1 parte de la campa\u00f1a Coraz\u00f3n Azul iluminando de azul monumentos y edificios hist\u00f3ricos de la Ciudad de M\u00e9xico del 30 de julio al 6 de agosto en solidaridad con las v\u00edctimas y sobrevivientes. Algunos de los edificios que se iluminar\u00e1n son: edificios de Gobierno de la Ciudad de M\u00e9xico, los Monumentos a la Independencia, Revoluci\u00f3n, Fuente de la Diana Cazadora, Camellones de la Av. Paseo de la Reforma, entre otros.<\/p>\n\n\n\n<p class=\"wp-block-paragraph\">Tambi\u00e9n se anunci\u00f3 una alianza entre UNODC y Aerom\u00e9xico que consiste en la distribuci\u00f3n de materiales de prevenci\u00f3n en todas las aeronaves de la aerol\u00ednea para sumar esfuerzos y contribuir a que las y los pasajeros sepan identificar se\u00f1ales de posibles casos. \u201cComo aerol\u00ednea somos conscientes del papel de nuestra industria en el combate contra el delito de la trata de personas; es por ello que para Aerom\u00e9xico es un orgullo reafirmar su compromiso con UNODC en M\u00e9xico y participar nuevamente en la campa\u00f1a Coraz\u00f3n Azul\u201d, se\u00f1al\u00f3 la Vicepresidente de Mercadotecnia y Sostenibilidad de Aerom\u00e9xico, la Sra. Xiomara Martin Matos.<\/p>\n\n\n\n<p class=\"wp-block-paragraph\">Durante el lanzamiento de la campa\u00f1a se presentaron tres videos de prevenci\u00f3n: un video animado que explica los tres elementos que ayudan a identificar el delito de trata de personas y otros dos sobre la explotaci\u00f3n laboral y la explotaci\u00f3n de menores en actividades il\u00edcitas.<\/p>\n\n\n\n<p class=\"wp-block-paragraph\">El objetivo de estos videos es ayudar a la poblaci\u00f3n a identificar posibles casos de trata de personas, prevenir y reportar a la L\u00ednea y Chat Nacional contra la Trata de personas del Consejo Ciudadano (800 5533 000) y a la l\u00ednea de denuncia an\u00f3nima 089 y 911 de la Secretar\u00eda de Seguridad y Protecci\u00f3n Ciudadana.<\/p>\n\n\n\n<p class=\"wp-block-paragraph\">La campa\u00f1a se presenta en el marco del Proyecto Nacional para el fortalecimiento de los albergues, refugios y casas de medio camino que brindan asistencia a v\u00edctimas de trata de personas en M\u00e9xico, que se implementa de la mano de la Comisi\u00f3n Intersecretarial contra la Trata de Personas y gracias al financiamiento de la Oficina Internacional de Antinarc\u00f3ticos y Procuraci\u00f3n de Justicia del gobierno de Estados Unidos.<\/p>\n\n\n\n<p class=\"wp-block-paragraph\">Posterior al lanzamiento de la campa\u00f1a, especialistas en atenci\u00f3n a sobrevivientes del delito de trata de personas sostuvieron un conversatorio sobre los diversos retos que enfrentan los centros de asistencia y la necesidad de atenci\u00f3n especializada. Despu\u00e9s del conversatorio, la cantante Flor Amargo dedic\u00f3 un set musical a las v\u00edctimas de trata en el D\u00eda Mundial.<\/p>\n\n\n\n<p class=\"wp-block-paragraph\">Finalmente, la Titular del \u00c1rea de Programas de UNODC M\u00e9xico, la Sra. Stacy de la Torre, hizo \u201cun llamado a las autoridades, a los sistemas de justicia penal, a las empresas tecnol\u00f3gicas, a las y los expertos en la materia y a la sociedad civil en general a unirse para poner fin a este delito\u201d.<\/p>\n\n\n\n<p class=\"wp-block-paragraph\">***<\/p>\n\n\n\n<p class=\"wp-block-paragraph\">Para m\u00e1s informaci\u00f3n, favor de contactar a: Mario Cordero: mario.cordero@un.org<\/p>\n","protected":false},"excerpt":{"rendered":"<p>En conmemoraci\u00f3n del D\u00eda Mundial contra la Trata de Personas, la Oficina de las Naciones Unidas contra la Droga y el Delito (UNODC) en M\u00e9xico present\u00f3 la campa\u00f1a Coraz\u00f3n Azul 2022<\/p>\n","protected":false},"author":3,"featured_media":53911,"comment_status":"open","ping_status":"open","sticky":false,"template":"","format":"standard","meta":{"_monsterinsights_skip_tracking":false,"footnotes":""},"categories":[693,51],"tags":[],"class_list":["post-53910","post","type-post","status-publish","format-standard","has-post-thumbnail","category-693","category-ejecutivo"],"_links":{"self":[{"href":"https:\/\/redsemlac.com\/semmexico\/wp-json\/wp\/v2\/posts\/53910","targetHints":{"allow":["GET"]}}],"collection":[{"href":"https:\/\/redsemlac.com\/semmexico\/wp-json\/wp\/v2\/posts"}],"about":[{"href":"https:\/\/redsemlac.com\/semmexico\/wp-json\/wp\/v2\/types\/post"}],"author":[{"embeddable":true,"href":"https:\/\/redsemlac.com\/semmexico\/wp-json\/wp\/v2\/users\/3"}],"replies":[{"embeddable":true,"href":"https:\/\/redsemlac.com\/semmexico\/wp-json\/wp\/v2\/comments?post=53910"}],"version-history":[{"count":0,"href":"https:\/\/redsemlac.com\/semmexico\/wp-json\/wp\/v2\/posts\/53910\/revisions"}],"wp:featuredmedia":[{"embeddable":true,"href":"https:\/\/redsemlac.com\/semmexico\/wp-json\/wp\/v2\/media\/53911"}],"wp:attachment":[{"href":"https:\/\/redsemlac.com\/semmexico\/wp-json\/wp\/v2\/media?parent=53910"}],"wp:term":[{"taxonomy":"category","embeddable":true,"href":"https:\/\/redsemlac.com\/semmexico\/wp-json\/wp\/v2\/categories?post=53910"},{"taxonomy":"post_tag","embeddable":true,"href":"https:\/\/redsemlac.com\/semmexico\/wp-json\/wp\/v2\/tags?post=53910"}],"curies":[{"name":"wp","href":"https:\/\/api.w.org\/{rel}","templated":true}]}}