{"id":53907,"date":"2022-07-30T12:45:04","date_gmt":"2022-07-30T18:45:04","guid":{"rendered":"https:\/\/redsemlac.com\/semmexico\/?p=53907"},"modified":"2023-07-21T19:10:50","modified_gmt":"2023-07-22T00:10:50","slug":"desde-la-mano-izquierda-aplicacion-de-la-ley-a-favor-de-las-mujeres-2","status":"publish","type":"post","link":"https:\/\/redsemlac.com\/semmexico\/desde-la-mano-izquierda-aplicacion-de-la-ley-a-favor-de-las-mujeres-2\/","title":{"rendered":"Desde la Mano Izquierda| Aplicaci\u00f3n de la ley a favor de las mujeres"},"content":{"rendered":"\n<p class=\"has-medium-font-size wp-block-paragraph\"><strong>Parte II. \u00bfC\u00f3mo se hizo el Protocolo de San Luis Potos\u00ed?<\/strong><\/p>\n\n\n\n<p class=\"wp-block-paragraph\">Claudia Espinosa Almaguer<\/p>\n\n\n\n<p class=\"wp-block-paragraph\">En la semana anterior comenzamos a hacernos preguntas, \u00bfCon el estado de la legislaci\u00f3n de M\u00e9xico en cuanto al derecho a vivir libre de violencia, es posible dar fundamento y motivaci\u00f3n para crear instrumentos que establezcan la actuaci\u00f3n de las autoridades? a lo cual se propuso de ejemplo el <strong>Protocolo de Atenci\u00f3n a Mujeres, Ni\u00f1as, Ni\u00f1os y Adolescentes V\u00edctimas de Violencia<\/strong> de la Fiscal\u00eda General del Estado de San Luis Potos\u00ed que fue publicado en el Peri\u00f3dico Oficial en octubre de 2021.<\/p>\n\n\n\n<p class=\"wp-block-paragraph\">Dec\u00edamos que esta herramienta se produjo a ra\u00edz de la <strong>garant\u00eda de no repetici\u00f3n establecida en el punto tercero de la Recomendaci\u00f3n 49\/2018 de la Comisi\u00f3n Nacional de los Derechos Humanos,<\/strong> por violaciones a la seguridad jur\u00eddica, protecci\u00f3n de la salud, acceso a la justicia en su modalidad de procuraci\u00f3n y al inter\u00e9s superior de la ni\u00f1ez.<\/p>\n\n\n\n<p class=\"wp-block-paragraph\">Cabe decir, en los \u00faltimos a\u00f1os la creaci\u00f3n de protocolos para atender o investigar con enfoques especializados se han promovido como una buena pr\u00e1ctica, tanto que actualmente existen diversas opciones de consultor\u00eda que ofrecen contratos para crear estos instrumentos que cuestan en torno al medio mill\u00f3n de pesos, sin embargo, <strong>se ha dado mayor valor a la construcci\u00f3n de est\u00e1ndares nacionales que no toman en cuenta las circunstancias particulares de las entidades federativas, la ley con la que act\u00faan, ni la cobertura territorial que tienen las autoridades.<\/strong><\/p>\n\n\n\n<p class=\"wp-block-paragraph\">En este caso, el <strong>Protocolo de Atenci\u00f3n se hizo en San Luis Potos\u00ed en lo que fue el \u00c1rea de Investigaci\u00f3n y Diagn\u00f3stico de la Fiscal\u00eda de la Mujer<\/strong>, y no tuvo ning\u00fan costo, pero si abarc\u00f3 un proceso de elaboraci\u00f3n de dieciocho meses para lo cual se revis\u00f3 la legislaci\u00f3n penal, las facultades espec\u00edficas del Ministerio P\u00fablico, del procedimiento mismo y las atribuciones se\u00f1aladas en su Reglamento.<\/p>\n\n\n\n<p class=\"wp-block-paragraph\">Otra acci\u00f3n previ\u00f3 investigar acerca de la situaci\u00f3n de la violencia contra las mujeres en San Luis Potos\u00ed y sumar el seguimiento que desde 2006 se hab\u00eda iniciado acerca de su perfil victimal, as\u00ed como el de ni\u00f1os, ni\u00f1as y adolescentes. Considerando que la aplicaci\u00f3n del derecho penal es taxativo y de estricta legalidad, se dio prioridad a la creaci\u00f3n de marcos conceptuales claros para que el protocolo no fuese un copiar y pegar de leyes, ni un n\u00famero de reglas a seguir, sino una herramienta de consulta para la argumentaci\u00f3n jur\u00eddica. As\u00ed tambi\u00e9n, se analizaron las fuentes bibliogr\u00e1ficas a nivel internacional sobre la atenci\u00f3n a v\u00edctimas y se realiz\u00f3 una traducci\u00f3n de gu\u00edas de atenci\u00f3n a cr\u00edmenes sexuales publicados por la Organizaci\u00f3n Mundial de la Salud, entre otras cosas.<\/p>\n\n\n\n<p class=\"wp-block-paragraph\">Y mire, <strong>para hacer un protocolo no hace falta hacer una tesis<\/strong>, pero dado que se significa como una secuencia detallada de un proceso de actuaci\u00f3n cient\u00edfica, t\u00e9cnica, m\u00e9dica o como aqu\u00ed lo es, jur\u00eddica, s\u00ed <strong>debe ser demostrable la experiencia de quien lo elabora<\/strong>, es decir, la pr\u00e1ctica prolongada que proporciona conocimiento y la adquisici\u00f3n de saberes estudiados a fin de poder defender el potencial de estos instrumentos para evitar futuras violaciones a derechos.<\/p>\n\n\n\n<p class=\"wp-block-paragraph\">En este caso, <strong>el objeto del Protocolo de Atenci\u00f3n<\/strong> es establecer una forma unificada para realizar las diversas actuaciones que son conducidas por el Ministerio P\u00fablico y que van desde la orientaci\u00f3n a la toma de denuncia, a la ponderaci\u00f3n de la vida y la integridad de estos grupos a quienes les corresponde una atenci\u00f3n con perspectiva de g\u00e9nero y de infancia para que al encontrarse en una posici\u00f3n de v\u00edctimas se minimicen las afectaciones a consecuencia del hecho delictivo, es decir que se les brinde un trato digno, con calidad y calidez desde un enfoque diferencial y especializado.<\/p>\n\n\n\n<p class=\"wp-block-paragraph\">Tomando en cuenta que <strong>el origen de este instrumento es una queja, se hizo un reconocimiento p\u00fablico y pol\u00edtico con fines resarcitorios de que el acceso a la justicia es un derecho humano<\/strong> que en este caso se vigila mediante el alcance de sus objetivos espec\u00edficos: proveer un marco jur\u00eddico y conceptual, principios de actuaci\u00f3n para el servidor p\u00fablico, asentar el proceso de atenci\u00f3n y de criterios destinados a ser parte de la disciplina de servicio, dictar medidas y \u00f3rdenes de protecci\u00f3n coherentes con el estado de riesgo y evitar la victimizaci\u00f3n secundaria, la violencia institucional y la violencia feminicida. La semana pr\u00f3xima veremos algunas de sus caracter\u00edsticas principales. A m\u00e1s ver.<\/p>\n\n\n\n<div data-wp-interactive=\"core\/file\" class=\"wp-block-file\"><object data-wp-bind--hidden=\"!state.hasPdfPreview\" hidden class=\"wp-block-file__embed\" data=\"https:\/\/redsemlac.com\/semmexico\/wp-content\/uploads\/2022\/07\/SLP-PROTOCOLO-ATENCION-MUJERES-NINAS-NINOS-Y-ADOLESCENTES-VICTIMAS-VIOLENCIA-FGE-07-OCT-2021.pdf\" type=\"application\/pdf\" style=\"width:100%;height:600px\" aria-label=\"Incrustado de Incrustado de SLP-PROTOCOLO-ATENCION-MUJERES-NINAS-NINOS-Y-ADOLESCENTES-VICTIMAS-VIOLENCIA-FGE-07-OCT-2021..\"><\/object><a id=\"wp-block-file--media-784da3d4-3f84-4c0d-a584-2909f2742733\" href=\"https:\/\/redsemlac.com\/semmexico\/wp-content\/uploads\/2022\/07\/SLP-PROTOCOLO-ATENCION-MUJERES-NINAS-NINOS-Y-ADOLESCENTES-VICTIMAS-VIOLENCIA-FGE-07-OCT-2021.pdf\">SLP-PROTOCOLO-ATENCION-MUJERES-NINAS-NINOS-Y-ADOLESCENTES-VICTIMAS-VIOLENCIA-FGE-07-OCT-2021<\/a><a href=\"https:\/\/redsemlac.com\/semmexico\/wp-content\/uploads\/2022\/07\/SLP-PROTOCOLO-ATENCION-MUJERES-NINAS-NINOS-Y-ADOLESCENTES-VICTIMAS-VIOLENCIA-FGE-07-OCT-2021.pdf\" class=\"wp-block-file__button\" download aria-describedby=\"wp-block-file--media-784da3d4-3f84-4c0d-a584-2909f2742733\">Descarga<\/a><\/div>\n","protected":false},"excerpt":{"rendered":"<p>Parte II. \u00bfC\u00f3mo se hizo el Protocolo de San Luis Potos\u00ed?<\/p>\n","protected":false},"author":3,"featured_media":36870,"comment_status":"open","ping_status":"open","sticky":false,"template":"","format":"standard","meta":{"_monsterinsights_skip_tracking":false,"footnotes":""},"categories":[693,131,35],"tags":[],"class_list":["post-53907","post","type-post","status-publish","format-standard","has-post-thumbnail","category-693","category-claudia-almaguer","category-opinion"],"_links":{"self":[{"href":"https:\/\/redsemlac.com\/semmexico\/wp-json\/wp\/v2\/posts\/53907","targetHints":{"allow":["GET"]}}],"collection":[{"href":"https:\/\/redsemlac.com\/semmexico\/wp-json\/wp\/v2\/posts"}],"about":[{"href":"https:\/\/redsemlac.com\/semmexico\/wp-json\/wp\/v2\/types\/post"}],"author":[{"embeddable":true,"href":"https:\/\/redsemlac.com\/semmexico\/wp-json\/wp\/v2\/users\/3"}],"replies":[{"embeddable":true,"href":"https:\/\/redsemlac.com\/semmexico\/wp-json\/wp\/v2\/comments?post=53907"}],"version-history":[{"count":0,"href":"https:\/\/redsemlac.com\/semmexico\/wp-json\/wp\/v2\/posts\/53907\/revisions"}],"wp:featuredmedia":[{"embeddable":true,"href":"https:\/\/redsemlac.com\/semmexico\/wp-json\/wp\/v2\/media\/36870"}],"wp:attachment":[{"href":"https:\/\/redsemlac.com\/semmexico\/wp-json\/wp\/v2\/media?parent=53907"}],"wp:term":[{"taxonomy":"category","embeddable":true,"href":"https:\/\/redsemlac.com\/semmexico\/wp-json\/wp\/v2\/categories?post=53907"},{"taxonomy":"post_tag","embeddable":true,"href":"https:\/\/redsemlac.com\/semmexico\/wp-json\/wp\/v2\/tags?post=53907"}],"curies":[{"name":"wp","href":"https:\/\/api.w.org\/{rel}","templated":true}]}}