{"id":53903,"date":"2022-07-30T12:40:15","date_gmt":"2022-07-30T18:40:15","guid":{"rendered":"https:\/\/redsemlac.com\/semmexico\/?p=53903"},"modified":"2023-07-21T19:10:50","modified_gmt":"2023-07-22T00:10:50","slug":"denuncia-el-cierre-arbitrario-de-organizaciones-de-la-sociedad-civil-en-nicaragua-golpe-a-derechos-y-a-democracia","status":"publish","type":"post","link":"https:\/\/redsemlac.com\/semmexico\/denuncia-el-cierre-arbitrario-de-organizaciones-de-la-sociedad-civil-en-nicaragua-golpe-a-derechos-y-a-democracia\/","title":{"rendered":"Denuncia el cierre arbitrario de organizaciones de la sociedad civil en Nicaragua: golpe a derechos y a democracia"},"content":{"rendered":"\n<p class=\"has-small-font-size wp-block-paragraph\" style=\"font-style:normal;font-weight:200\">ARCHIVO: Miles de nicarag\u00fcenses protestaron en 2018 pidiendo reformas sociales.<\/p>\n\n\n\n<p class=\"wp-block-paragraph\">15 relatores y relatoras de procedimientos especiales de derechos humanos de la ONU advierten que es una tendencia mundial populista, autoritaria y machista<\/p>\n\n\n\n<p class=\"wp-block-paragraph\">El Comit\u00e9 contra la Tortura pide a Ortega investigar sobre el uso de la fuerza, las desapariciones y los actos tortura practicados durante las protestas sociales que tuvieron lugar en el pa\u00eds en 2018 y durante el proceso electoral en 2021.<\/p>\n\n\n\n<p class=\"wp-block-paragraph\">&nbsp;&nbsp;&nbsp;\u00c1lvaro Navarro<\/p>\n\n\n\n<p class=\"wp-block-paragraph\">SemM\u00e9xico\/Noticias ONU, ciudad de M\u00e9xico, 29 Julio, 2022.- El cierre arbitrario de cientos de organizaciones de la sociedad civil en Nicaragua es muy preocupante y tendr\u00eda un efecto amedrentador en los activistas y las personas defensoras de derechos humanos en todo el pa\u00eds, alertaron este fin de semana un grupo de expertos y expertas* de la ONU integrantes de los procedimientos especiales del sistema de Derechos Humanos, todas y todos voluntarios.<\/p>\n\n\n\n<p class=\"wp-block-paragraph\">En una carta** dirigida al Gobierno nicarag\u00fcense este grupo, de la ONU aseguraron que la cancelaci\u00f3n de la personalidad jur\u00eddica de cientos de asociaciones \u201crepresenta un claro patr\u00f3n de represi\u00f3n del espacio c\u00edvico.\u201d<\/p>\n\n\n\n<p class=\"wp-block-paragraph\">En la carta, se hicieron eco de una declaraci\u00f3n&nbsp;de la Alta Comisionada de la ONU para los Derechos Humanos de principios de a\u00f1o, respecto a la represi\u00f3n de la sociedad civil en Nicaragua.&nbsp;<\/p>\n\n\n\n<p class=\"wp-block-paragraph\">Adem\u00e1s, expresaron conmoci\u00f3n sobre el alcance de las clausuras por parte de la Asamblea Nacional a petici\u00f3n del Gobierno.&nbsp;Contabilizaron el cierre de m\u00e1s de 700 organizaciones, 487 de ellas solo en el mes pasado.&nbsp;<\/p>\n\n\n\n<p class=\"wp-block-paragraph\">Si bien el cierre del espacio c\u00edvico se ha observado desde la crisis de 2018, el cierre de organizaciones se ha acelerado como consecuencia de la Ley sobre Regulaci\u00f3n de Agentes Extranjeros (2020) y la Ley General de Regulaci\u00f3n y Control de Organismos sin Fines de Lucro que entr\u00f3 en vigor recientemente.<\/p>\n\n\n\n<p class=\"wp-block-paragraph\">En anticipaci\u00f3n a la entrada en vigor de dicha ley, este grupo especializado hicieron un &nbsp;an\u00e1lisis legal&nbsp;y expresaron sus preocupaciones por mujeres, ind\u00edgenas y periodistas. El grupo abarca un amplio espectro, desde los derechos de las ni\u00f1as y mujeres, hasta los de la cultura.<\/p>\n\n\n\n<p class=\"wp-block-paragraph\">Explicaron que estas organizaciones y su trabajo, impone amplios procedimientos administrativos y de registro, como la divulgaci\u00f3n de los datos de beneficiarios, y limita significativamente el financiamiento externo. Hasta ahora, los expertos no han recibido una respuesta a sus observaciones.&nbsp;<\/p>\n\n\n\n<figure class=\"wp-block-image size-full\"><a href=\"https:\/\/redsemlac.com\/semmexico\/wp-content\/uploads\/2022\/07\/denuncias-cierre-02.jpg\"><img loading=\"lazy\" decoding=\"async\" width=\"1024\" height=\"680\" src=\"https:\/\/redsemlac.com\/semmexico\/wp-content\/uploads\/2022\/07\/denuncias-cierre-02.jpg\" alt=\"\" class=\"wp-image-53905\"\/><\/a><figcaption>Foto Sa\u00fal Palma: Vista de Managua, la capital de Nicaragua<br>Uso Indebido de las leyes antiterroristas<\/figcaption><\/figure>\n\n\n\n<p class=\"wp-block-paragraph\">&nbsp;\u201cLamentamos observar, nuevamente, el uso indebido de leyes antiterroristas y antilavado de dinero&nbsp;para restringir innecesaria y desproporcionadamente las actividades de la sociedad civil y las libertades fundamentales\u201d, dijo el grupo de 15 personas voluntarias, que incluye al &nbsp;<a href=\"https:\/\/www.ohchr.org\/es\/special-procedures\/sr-health\"><\/a>Grupo de Trabajo sobre la discriminaci\u00f3n contra las mujeres y las ni\u00f1as. Advirtieron que la conducta del r\u00e9gimen de Ortega, parece una tendencia mundial.&nbsp;<\/p>\n\n\n\n<p class=\"wp-block-paragraph\">Detallaron que las clausuras no solo afectaron organizaciones de derechos humanos, incluyendo aquellas que trabajan para los derechos de las mujeres y de los pueblos ind\u00edgenas, sino tambi\u00e9n aquellas que promueven valores democr\u00e1ticos y que luchan contra los efectos negativos del cambio clim\u00e1tico.<\/p>\n\n\n\n<p class=\"wp-block-paragraph\">Las clausuras tambi\u00e9n afectan asociaciones que proveen ayuda humanitaria y servicios m\u00e9dicos, as\u00ed como instituciones educativas, culturales y art\u00edsticas, y fundaciones religiosas.&nbsp;<\/p>\n\n\n\n<p class=\"wp-block-paragraph\">\u201cEsta situaci\u00f3n tendr\u00e1 consecuencias a\u00fan m\u00e1s devastadoras sobre personas y grupos en situaci\u00f3n de marginalizaci\u00f3n que dependen de estos servicios para su supervivencia, por ejemplo, comunidades rurales e ind\u00edgenas, ni\u00f1os, ni\u00f1as, j\u00f3venes, mujeres y solicitantes de asilo,\u201d dijeron los expertos.&nbsp;<\/p>\n\n\n\n<p class=\"wp-block-paragraph\">Tambi\u00e9n expresaron su preocupaci\u00f3n sobre el efecto disuasivo que estas clausuras tienen sobre actores de la sociedad civil. Cientos de activistas ya han huido el pa\u00eds para buscar refugio en Estados vecinos&nbsp;dado el riesgo de represalias, agregaron.&nbsp;<\/p>\n\n\n\n<p class=\"wp-block-paragraph\">\u201cInstamos al Estado a abstenerse de decretar m\u00e1s cierres y de revocar inmediatamente estas restricciones sobre las asociaciones. Un espacio c\u00edvico y pol\u00edtico funcional, s\u00f3lido y diverso es crucial para cualquier pa\u00eds democr\u00e1tico,\u201d dijeron los expertos.<\/p>\n\n\n\n<p class=\"wp-block-paragraph\">Falta de investigaciones &nbsp;<\/p>\n\n\n\n<p class=\"wp-block-paragraph\">Por su parte, el Comit\u00e9 de la ONU contra la Tortura se mostr\u00f3 preocupado por la falta de investigaciones por el uso de la fuerza letal, las detenciones arbitrarias, los actos de tortura y los malos tratos, as\u00ed como las desapariciones forzadas por parte de la Polic\u00eda Nacional, agentes de paisano y otros actores durante las protestas de 2018 y durante el proceso electoral de 2021.&nbsp;<\/p>\n\n\n\n<p class=\"wp-block-paragraph\">El Comit\u00e9 inst\u00f3 a Nicaragua a llevar a cabo investigaciones r\u00e1pidas e independientes sobre estos actos y a proporcionar una reparaci\u00f3n adecuada a las v\u00edctimas.&nbsp;&nbsp;<\/p>\n\n\n\n<p class=\"wp-block-paragraph\">Tambi\u00e9n pidi\u00f3 que Nicaragua&nbsp;respete las garant\u00edas legales de todos los detenidos, tome las medidas necesarias para evitar la represi\u00f3n y la violencia contra los y las defensoras de los derechos humanos, periodistas y l\u00edderes de la oposici\u00f3n pol\u00edtica, y libere a las personas detenidas arbitrariamente.&nbsp;<\/p>\n\n\n\n<p class=\"wp-block-paragraph\">Con respecto a las graves condiciones de detenci\u00f3n en los centros penitenciarios y complejos judiciales, incluida la situaci\u00f3n de las mujeres, el Comit\u00e9 pidi\u00f3 a Nicaragua que garantizara que las condiciones de detenci\u00f3n cumplieran plenamente con las normas de las Naciones Unidas, especialmente las Reglas Nelson Mandela y las Reglas de Bangkok,&nbsp;asegurando una atenci\u00f3n m\u00e9dica adecuada para las personas privadas de libertad.&nbsp;<\/p>\n\n\n\n<p class=\"wp-block-paragraph\">*Las y los expertos: 1&nbsp;Cl\u00e9ment Nyaletsossi Voule, Relator Especial sobre los derechos a la libertad de reuni\u00f3n pac\u00edfica y asociaci\u00f3n; 2&nbsp;Mary Lawlor,&nbsp;Relatora Especial sobre la situaci\u00f3n de las personas defensoras de los derechos humanos; 3 Irene Khan, Relatora Especial sobre la promoci\u00f3n y protecci\u00f3n del derecho a la libertad de opini\u00f3n y de expresi\u00f3n; 4&nbsp;Francisco Cali Tzay, Relator Especial sobre los derechos de los pueblos ind\u00edgenas; 5&nbsp;David R. Boyd, Relator Especial sobre los derechos humanos y el medio ambiente;&nbsp;6 Saad Alfarargi, Relator Especial sobre el derecho al desarrollo;&nbsp;7 Michael Fakhri, Relator Especial sobre el derecho a la alimentaci\u00f3n;&nbsp;8 Tlaleng Mofokeng, Relatora Especial sobre el derecho de toda persona al disfrute del m\u00e1s alto nivel posible de la salud f\u00edsica y mental; 9+ &nbsp;<a href=\"https:\/\/www.ohchr.org\/es\/special-procedures\/sr-health\"><\/a>Grupo de Trabajo sobre la discriminaci\u00f3n contra las mujeres y las ni\u00f1as:&nbsp;Melissa Upreti&nbsp;(Presidenta),&nbsp;Dorothy Estrada Tanck&nbsp;(Vicepresidenta),&nbsp;Elizabeth Broderick,&nbsp;Ivana Rada\u010di\u0107&nbsp;y&nbsp;Meskerem Geset Techane;10 &nbsp;Fionnuala N\u00ed Aol\u00e1in,&nbsp;Relatora especial sobre la promoci\u00f3n y la protecci\u00f3n d los derechos humanos y las libertades fundamentales en la lucha contra el terrorismo; 11&nbsp;Alexandra Xanthaki; Relatora Especial sobre los derechos culturales.<\/p>\n\n\n\n<p class=\"wp-block-paragraph\">Los Relatores Especiales forman parte de los Procedimientos Especiales del Consejo de Derechos Humanos. Los Procedimientos Especiales, el mayor \u00f3rgano de expertos independientes del sistema de derechos humanos de la ONU, es el nombre general de los mecanismos independientes de investigaci\u00f3n y supervisi\u00f3n establecidos por el Consejo para abordar situaciones espec\u00edficas de pa\u00edses o cuestiones tem\u00e1ticas en todo el mundo. Los expertos de los Procedimientos Especiales trabajan de forma voluntaria; no son personal de la ONU y no reciben un salario por su trabajo. Son independientes de cualquier gobierno y organizaci\u00f3n y act\u00faan a t\u00edtulo individual.<\/p>\n\n\n\n<p class=\"wp-block-paragraph\">** Las cartas de alegaci\u00f3n de titulares de los mandatos de Procedimientos Especiales est\u00e1n disponibles para el p\u00fablico 60 d\u00edas despu\u00e9s de ser enviada al Estado, en la siguiente base de datos: &nbsp;<a href=\"https:\/\/spcommreports.ohchr.org\/\">https:\/\/spcommreports.ohchr.org\/<\/a><\/p>\n","protected":false},"excerpt":{"rendered":"<p>El Comit\u00e9 contra la Tortura pide a Ortega investigar sobre el uso de la fuerza, las desapariciones y los actos tortura practicados durante las protestas sociales que tuvieron lugar en Nicaragua en 2018 y durante el proceso electoral en 2021.<\/p>\n","protected":false},"author":3,"featured_media":53904,"comment_status":"open","ping_status":"open","sticky":false,"template":"","format":"standard","meta":{"_monsterinsights_skip_tracking":false,"footnotes":""},"categories":[693,53],"tags":[],"class_list":["post-53903","post","type-post","status-publish","format-standard","has-post-thumbnail","category-693","category-internacional"],"_links":{"self":[{"href":"https:\/\/redsemlac.com\/semmexico\/wp-json\/wp\/v2\/posts\/53903","targetHints":{"allow":["GET"]}}],"collection":[{"href":"https:\/\/redsemlac.com\/semmexico\/wp-json\/wp\/v2\/posts"}],"about":[{"href":"https:\/\/redsemlac.com\/semmexico\/wp-json\/wp\/v2\/types\/post"}],"author":[{"embeddable":true,"href":"https:\/\/redsemlac.com\/semmexico\/wp-json\/wp\/v2\/users\/3"}],"replies":[{"embeddable":true,"href":"https:\/\/redsemlac.com\/semmexico\/wp-json\/wp\/v2\/comments?post=53903"}],"version-history":[{"count":0,"href":"https:\/\/redsemlac.com\/semmexico\/wp-json\/wp\/v2\/posts\/53903\/revisions"}],"wp:featuredmedia":[{"embeddable":true,"href":"https:\/\/redsemlac.com\/semmexico\/wp-json\/wp\/v2\/media\/53904"}],"wp:attachment":[{"href":"https:\/\/redsemlac.com\/semmexico\/wp-json\/wp\/v2\/media?parent=53903"}],"wp:term":[{"taxonomy":"category","embeddable":true,"href":"https:\/\/redsemlac.com\/semmexico\/wp-json\/wp\/v2\/categories?post=53903"},{"taxonomy":"post_tag","embeddable":true,"href":"https:\/\/redsemlac.com\/semmexico\/wp-json\/wp\/v2\/tags?post=53903"}],"curies":[{"name":"wp","href":"https:\/\/api.w.org\/{rel}","templated":true}]}}