{"id":53900,"date":"2022-07-30T12:28:18","date_gmt":"2022-07-30T18:28:18","guid":{"rendered":"https:\/\/redsemlac.com\/semmexico\/?p=53900"},"modified":"2023-07-21T19:10:03","modified_gmt":"2023-07-22T00:10:03","slug":"el-instituto-de-las-mujeres-aumenta-la-dotacion-del-premio-celia-amoros","status":"publish","type":"post","link":"https:\/\/redsemlac.com\/semmexico\/el-instituto-de-las-mujeres-aumenta-la-dotacion-del-premio-celia-amoros\/","title":{"rendered":"El Instituto de las Mujeres aumenta la dotaci\u00f3n del Premio Celia Amor\u00f3s"},"content":{"rendered":"\n<p class=\"wp-block-paragraph\"><strong>La cuant\u00eda del Premio se incrementa en un 75 por ciento hasta alcanzar los 20 mil euros<\/strong><\/p>\n\n\n\n<p class=\"wp-block-paragraph\">Redacci\u00f3n<\/p>\n\n\n\n<p class=\"wp-block-paragraph\">SemM\u00e9xico\/AmecoPress, Madrid, 30 de julio, 2022.- \u00a0-El Instituto de las Mujeres acaba de publicar en el BOE las bases de la convocatoria de la segunda edici\u00f3n de los Premios Celia Amor\u00f3s de Ensayo Feminista con un aumento en la dotaci\u00f3n econ\u00f3mica de un 75\u00a0%. La primera edici\u00f3n del Premio, cuya publicaci\u00f3n se realiz\u00f3 en diciembre de 2020, alcanz\u00f3 la cifra de 5.000 euros. En la actual convocatoria se produce un notable aumento de esta cantidad hasta los 20.000 euros y el t\u00edtulo ganador se incorporar\u00e1 al cat\u00e1logo de publicaciones del Instituto de las Mujeres. Por otra parte, se conceder\u00e1 un acc\u00e9sit, de car\u00e1cter honor\u00edfico y sin dotaci\u00f3n econ\u00f3mica, que tambi\u00e9n ser\u00e1 publicado e incorporado en el mismo cat\u00e1logo.<\/p>\n\n\n\n<p class=\"wp-block-paragraph\"><strong>Requisitos<\/strong><\/p>\n\n\n\n<p class=\"wp-block-paragraph\">El objetivo de este premio es el de fomentar y premiar la investigaci\u00f3n relacionada con los estudios feministas desde cualquier disciplina acad\u00e9mica. Se admitir\u00e1n ensayos de autor\u00eda femenina escritos en cualquiera de las lenguas del estado, realizados a nivel individual o por un equipo de investigaci\u00f3n integrado por al menos un 75&nbsp;% de mujeres. Los trabajos deber\u00e1n ser in\u00e9ditos y originales y no podr\u00e1n estar sujetos a compromiso de edici\u00f3n por parte de entidad alguna. Tampoco deben haber sido seleccionados ni premiados en otros<br>concursos.<\/p>\n\n\n\n<p class=\"wp-block-paragraph\">El fallo del Premio corresponder\u00e1 a un jurado presidido por la titular del Instituto de las Mujeres, Antonia Morillas, y un conjunto de vocales expertas en la investigaci\u00f3n relacionada con estudios feministas.<\/p>\n\n\n\n<p class=\"wp-block-paragraph\">Para su valoraci\u00f3n se tendr\u00e1n en cuenta la originalidad del tema, la innovaci\u00f3n, el rigor cient\u00edfico y el an\u00e1lisis fundamentado de la documentaci\u00f3n utilizada en el trabajo presentado.<\/p>\n\n\n\n<p class=\"wp-block-paragraph\">El plazo de presentaci\u00f3n de candidaturas ser\u00e1 de tres meses a partir de la publicaci\u00f3n de esta convocatoria en el BOE. (15 horas del d\u00eda de finalizaci\u00f3n del plazo)<\/p>\n\n\n\n<p class=\"wp-block-paragraph\"><strong>La figura de Celia Amor\u00f3s.<\/strong><\/p>\n\n\n\n<p class=\"wp-block-paragraph\">Con el nombre de este premio se quiere honrar a una de las principales intelectuales feministas de Espa\u00f1a: la fil\u00f3sofa Celia Amor\u00f3s, que lleva d\u00e9cadas formando a generaciones enteras de feministas y contribuyendo con su actividad militante, docente e investigadora, al avance del movimiento feminista en Espa\u00f1a y Europa.<\/p>\n\n\n\n<p class=\"wp-block-paragraph\"><strong>Primera convocatoria<\/strong><\/p>\n\n\n\n<p class=\"wp-block-paragraph\">La obra ganadora de la 1\u00aa. edici\u00f3n de los Premios Celia Amor\u00f3s llevaba por t\u00edtulo \u201cArchivo y memoria del feminismo espa\u00f1ol del \u00faltimo tercio del siglo XX. Fuentes para su estudio\u201d, un ensayo de la investigadora y doctora en Documentaci\u00f3n, Mar\u00eda Adelina Codina Canet, que pone de manifiesto en su obra la exclusi\u00f3n del movimiento feminista durante el \u00faltimo tercio del siglo XX. Para subsanar esa ausencia, Canet propone claves para afrontar futuras investigaciones sobre esta tem\u00e1tica, con el objeto de reconstruir la memoria colectiva de las mujeres en Espa\u00f1a.<\/p>\n\n\n\n<p class=\"wp-block-paragraph\">El acc\u00e9sit de los Premios en esta 1a convocatoria fue para la obra \u201cR\u00e9gimen disciplinario y mujeres presas. Un an\u00e1lisis criminol\u00f3gico con perspectiva de g\u00e9nero\u201d de Ares Batlle Manonelles, M\u00e1ster en Criminolog\u00eda y Doctora en Derecho que examina, en esta obra, el r\u00e9gimen disciplinario penitenciario en<br>prisiones catalanas desde un punto de vista de g\u00e9nero.<\/p>\n\n\n\n<p class=\"wp-block-paragraph\"><strong>Convocatoria subvenciones de apoyo a la investigaci\u00f3n feminista y de g\u00e9nero<\/strong><\/p>\n\n\n\n<p class=\"wp-block-paragraph\">Junto a la convocatoria de los Premios Celia Amor\u00f3s, se encuentra en curso la de \u201cSubvenciones a la investigaci\u00f3n feminista y de g\u00e9nero\u201d, que, con una dotaci\u00f3n econ\u00f3mica de 500.000 euros, son una \u201cbuena muestra de la apuesta del Instituto de las Mujeres por la generaci\u00f3n de conocimiento feminista que contribuya a la transformaci\u00f3n social en clave de igualdad\u201d, seg\u00fan palabras de la directora del organismo, Antonia Morillas.<\/p>\n\n\n\n<p class=\"wp-block-paragraph\"><strong>Foto: archivo AmecoPress.&nbsp;<\/strong><\/p>\n","protected":false},"excerpt":{"rendered":"<p>La cuant\u00eda del Premio Celia Amor\u00f3s se incrementa en un 75 por ciento hasta alcanzar los 20 mil euros<\/p>\n","protected":false},"author":3,"featured_media":53901,"comment_status":"open","ping_status":"open","sticky":false,"template":"","format":"standard","meta":{"_monsterinsights_skip_tracking":false,"footnotes":""},"categories":[693,45,46],"tags":[],"class_list":["post-53900","post","type-post","status-publish","format-standard","has-post-thumbnail","category-693","category-cultura","category-cultura-cultura"],"_links":{"self":[{"href":"https:\/\/redsemlac.com\/semmexico\/wp-json\/wp\/v2\/posts\/53900","targetHints":{"allow":["GET"]}}],"collection":[{"href":"https:\/\/redsemlac.com\/semmexico\/wp-json\/wp\/v2\/posts"}],"about":[{"href":"https:\/\/redsemlac.com\/semmexico\/wp-json\/wp\/v2\/types\/post"}],"author":[{"embeddable":true,"href":"https:\/\/redsemlac.com\/semmexico\/wp-json\/wp\/v2\/users\/3"}],"replies":[{"embeddable":true,"href":"https:\/\/redsemlac.com\/semmexico\/wp-json\/wp\/v2\/comments?post=53900"}],"version-history":[{"count":0,"href":"https:\/\/redsemlac.com\/semmexico\/wp-json\/wp\/v2\/posts\/53900\/revisions"}],"wp:featuredmedia":[{"embeddable":true,"href":"https:\/\/redsemlac.com\/semmexico\/wp-json\/wp\/v2\/media\/53901"}],"wp:attachment":[{"href":"https:\/\/redsemlac.com\/semmexico\/wp-json\/wp\/v2\/media?parent=53900"}],"wp:term":[{"taxonomy":"category","embeddable":true,"href":"https:\/\/redsemlac.com\/semmexico\/wp-json\/wp\/v2\/categories?post=53900"},{"taxonomy":"post_tag","embeddable":true,"href":"https:\/\/redsemlac.com\/semmexico\/wp-json\/wp\/v2\/tags?post=53900"}],"curies":[{"name":"wp","href":"https:\/\/api.w.org\/{rel}","templated":true}]}}