{"id":5389,"date":"2017-11-14T18:37:02","date_gmt":"2017-11-14T18:37:02","guid":{"rendered":"https:\/\/redsemlac.com\/semmexico\/?p=5389"},"modified":"2023-07-21T14:27:36","modified_gmt":"2023-07-21T19:27:36","slug":"este-padecimiento-aumenta-el-riesgo-de-cardiopatias-y-accidentes-cerebrovasculares","status":"publish","type":"post","link":"https:\/\/redsemlac.com\/semmexico\/este-padecimiento-aumenta-el-riesgo-de-cardiopatias-y-accidentes-cerebrovasculares\/","title":{"rendered":"Este padecimiento aumenta el riesgo de cardiopat\u00edas y accidentes cerebrovasculares"},"content":{"rendered":"\n<p class=\"wp-block-paragraph\"><a href=\"https:\/\/www.semmexico.com\/gallery-post.php?id=3418#\">Redacci\u00f3n<\/a><\/p>\n\n\n\n<p class=\"wp-block-paragraph\">SemM\u00e9xico, Cd. de M\u00e9xico, 14 noviembre 2017.- En el marco del D\u00eda Mundial de la Diabetes, la diputada Mar\u00eda Eugenia Ocampo Bedolla, secretaria de la Mesa Directiva de la C\u00e1mara de Diputados, afirm\u00f3 que en el pa\u00eds uno de los desaf\u00edos que requieren mayor atenci\u00f3n en materia de salud es el combate a los altos \u00edndices de diabetes.<br><br>En M\u00e9xico, esta enfermedad que es la principal causa de muerte entre las mujeres y la segunda entre los hombres, seg\u00fan el Instituto Nacional de Salud P\u00fablica, adem\u00e1s es uno de los padecimientos cr\u00f3nicos m\u00e1s graves que enfrenta el pa\u00eds.<br><br>De acuerdo con del Instituto Nacional de Estad\u00edstica y Geograf\u00eda (INEGI), de los 665 mil 688 fallecimientos ocurridos en 2015, 98 mil 521, es decir, el 15 por ciento, derivaron del padecimiento de diabetes mellitus, lo cual coloca a esta enfermedad como la principal causa de muerte en M\u00e9xico.<br><br>\u201cTan s\u00f3lo de 2015 a 2016 se registraron en nuestro pa\u00eds siete mil defunciones m\u00e1s por esta causa, raz\u00f3n por la cual la Secretar\u00eda de Salud federal (SSA) emiti\u00f3 en 2016 la Declaratoria de Emergencia Epidemiol\u00f3gica por diabetes\u201d, agreg\u00f3 la diputada de NA.<br><br>Por ello, la diputada plante\u00f3 intensificar la estrategia de prevenci\u00f3n y atenci\u00f3n oportuna de diabetes, enfermedad a la que calific\u00f3 como \u201cla patolog\u00eda que m\u00e1s incrementa el n\u00famero de muertes y causa la p\u00e9rdida de a\u00f1os y calidad de vida\u201d, indic\u00f3 en un comunicado.<br><br>Adem\u00e1s, apunt\u00f3 que la Encuesta Nacional de Salud y Nutrici\u00f3n de Medio Camino 2016 arroj\u00f3 que la prevalencia de diabetes en M\u00e9xico pas\u00f3 de 9.2 por ciento en 2012 a 9.4 en 2016, esto significa que actualmente m\u00e1s de seis millones 400 mil personas est\u00e1n diagnosticadas con esta enfermedad.<br><br>Extern\u00f3 su preocupaci\u00f3n por el alza en la tasa de diabetes tipo 2 entre mujeres de 15 a 19 a\u00f1os, la cual, seg\u00fan la Direcci\u00f3n General de Epidemiolog\u00eda, se posicion\u00f3 en 7.73 casos por cada 100 mil habitantes en 2016.<br><br>Destac\u00f3 que entidades como Aguascalientes y Morelos, \u201csuperan por mucho la incidencia nacional, con 24.18 y 21.33 casos, respectivamente, por cada 100 mil habitantes\u201d.<br><br>Ocampo Bedolla lament\u00f3 que las estrategias de salud y aquellas asociadas al combate de esta enfermedad \u201cno est\u00e9n dando los resultados esperados, \u00e9sta es sin duda la patolog\u00eda que m\u00e1s incrementa el n\u00famero de muertes y causa la p\u00e9rdida de a\u00f1os y calidad de vida\u201d.<br><br>Explic\u00f3 que la diabetes mellitus, de acuerdo con la Organizaci\u00f3n Mundial de la Salud (OMS), aumenta el riesgo de cardiopat\u00edas y accidentes cerebrovasculares, a largo plazo puede ocasionar ceguera, insuficiencia renal, amputaciones en extremidades, impotencia sexual, y finalmente la muerte, por el da\u00f1o degenerativo que ocasiona.<br><br>As\u00ed, reiter\u00f3 el llamado a las diversas instancias de salud y a la poblaci\u00f3n general, para que hagan conciencia sobre el papel fundamental de las acciones de prevenci\u00f3n, mediante la promoci\u00f3n de una vida saludable y de invitar a las familias a que acudan peri\u00f3dicamente al m\u00e9dico, para realizarse pruebas de glucosa en sangre.<br><br>Algunas de las acciones para evitar o disminuir muchas de estas complicaciones son tener una alimentaci\u00f3n alta en fibra, moderar el consumo de los alimentos con alto contenido cal\u00f3rico, grasas, az\u00facares y de carbohidratos; realizar alguna actividad f\u00edsica con regularidad, mantener un peso saludable y reducir el consumo de alcohol y tabaco, finaliz\u00f3.<br><br>SEM\/am\/lr<br><br><\/p>\n","protected":false},"excerpt":{"rendered":"<p>Redacci\u00f3n SemM\u00e9xico, Cd. de M\u00e9xico, 14 noviembre 2017.- En el marco del D\u00eda Mundial de la Diabetes, la diputada Mar\u00eda Eugenia Ocampo Bedolla, secretaria de la Mesa Directiva de la C\u00e1mara de Diputados, afirm\u00f3 que en el pa\u00eds uno de los desaf\u00edos que requieren mayor atenci\u00f3n en materia de salud es el combate a los [&hellip;]<\/p>\n","protected":false},"author":3,"featured_media":5390,"comment_status":"open","ping_status":"open","sticky":false,"template":"","format":"standard","meta":{"_monsterinsights_skip_tracking":false,"footnotes":""},"categories":[687,50],"tags":[],"class_list":["post-5389","post","type-post","status-publish","format-standard","has-post-thumbnail","category-687","category-congreso"],"_links":{"self":[{"href":"https:\/\/redsemlac.com\/semmexico\/wp-json\/wp\/v2\/posts\/5389","targetHints":{"allow":["GET"]}}],"collection":[{"href":"https:\/\/redsemlac.com\/semmexico\/wp-json\/wp\/v2\/posts"}],"about":[{"href":"https:\/\/redsemlac.com\/semmexico\/wp-json\/wp\/v2\/types\/post"}],"author":[{"embeddable":true,"href":"https:\/\/redsemlac.com\/semmexico\/wp-json\/wp\/v2\/users\/3"}],"replies":[{"embeddable":true,"href":"https:\/\/redsemlac.com\/semmexico\/wp-json\/wp\/v2\/comments?post=5389"}],"version-history":[{"count":0,"href":"https:\/\/redsemlac.com\/semmexico\/wp-json\/wp\/v2\/posts\/5389\/revisions"}],"wp:featuredmedia":[{"embeddable":true,"href":"https:\/\/redsemlac.com\/semmexico\/wp-json\/wp\/v2\/media\/5390"}],"wp:attachment":[{"href":"https:\/\/redsemlac.com\/semmexico\/wp-json\/wp\/v2\/media?parent=5389"}],"wp:term":[{"taxonomy":"category","embeddable":true,"href":"https:\/\/redsemlac.com\/semmexico\/wp-json\/wp\/v2\/categories?post=5389"},{"taxonomy":"post_tag","embeddable":true,"href":"https:\/\/redsemlac.com\/semmexico\/wp-json\/wp\/v2\/tags?post=5389"}],"curies":[{"name":"wp","href":"https:\/\/api.w.org\/{rel}","templated":true}]}}