{"id":53886,"date":"2022-07-30T12:09:51","date_gmt":"2022-07-30T18:09:51","guid":{"rendered":"https:\/\/redsemlac.com\/semmexico\/?p=53886"},"modified":"2023-07-21T19:10:03","modified_gmt":"2023-07-22T00:10:03","slug":"el-caso-de-debanhi-escobar-desde-la-mirada-feminista","status":"publish","type":"post","link":"https:\/\/redsemlac.com\/semmexico\/el-caso-de-debanhi-escobar-desde-la-mirada-feminista\/","title":{"rendered":"El caso de Debanhi Escobar desde la mirada feminista"},"content":{"rendered":"\n<p class=\"wp-block-paragraph\">Misoginia, omisiones, falta de transparencia y de respeto por la v\u00edctima<\/p>\n\n\n\n<p class=\"wp-block-paragraph\">Hablan 4 expertas de primer nivel y reflexionan sobre la persistencia del pacto patriarcal<\/p>\n\n\n\n<figure class=\"wp-block-image size-full is-resized\"><a href=\"https:\/\/redsemlac.com\/semmexico\/wp-content\/uploads\/2022\/07\/79ed17ed-eaeb-44ba-9ef3-4845e620c5a1.jpg\"><img loading=\"lazy\" decoding=\"async\" src=\"https:\/\/redsemlac.com\/semmexico\/wp-content\/uploads\/2022\/07\/79ed17ed-eaeb-44ba-9ef3-4845e620c5a1.jpg\" alt=\"\" class=\"wp-image-53922\" width=\"184\" height=\"359\"\/><\/a><\/figure>\n\n\n\n<p class=\"wp-block-paragraph\">Juana Mar\u00eda Nava Castillo, corresponsal*<\/p>\n\n\n\n<p class=\"wp-block-paragraph\">SemM\u00e9xico, Monterrey, NL, 30 de julio 2022.- Hab\u00eda escuchado y le\u00eddo el nombre de Debanhi una infinidad de veces, pero nunca me hab\u00eda tocado escribirlo. Hacerlo ahora implica una enorme responsabilidad, sobre todo por cuidar la no revictimizaci\u00f3n, y no caer en la repetici\u00f3n y estigmatizaci\u00f3n que ha generado el caso de la joven nuevoleonesa desde el pasado mes de abril, y cuyo manejo atraviesa por la vida, las acciones y el cuerpo de la v\u00edctima, a\u00fan despu\u00e9s de su muerte.<\/p>\n\n\n\n<p class=\"wp-block-paragraph\">Debanhi Susana Escobar Bazald\u00faa, fue vista por \u00faltima vez con vida la madrugada del 9 de abril de este a\u00f1o en el municipio de Escobedo, Nuevo Le\u00f3n, situado al norte de la zona metropolitana. La \u00faltima fotograf\u00eda, al menos que conocemos p\u00fablicamente, se ha convertido en un s\u00edmbolo de la lucha por la no violencia, las desapariciones y el feminicidio.<\/p>\n\n\n\n<p class=\"wp-block-paragraph\">Su caso, que sobrepas\u00f3 fronteras locales y nacionales, no es el \u00fanico, pero s\u00ed uno de los m\u00e1s visibles de manera reciente. Se hab\u00eda conocido el caso de Mar\u00eda Fernanda Contreras, desaparecida y encontrada sin vida en el municipio de Apodaca, tambi\u00e9n en la zona norte de la metr\u00f3poli. Luego trascendi\u00f3 la desaparici\u00f3n de Yolanda Mart\u00ednez, quien incluso llevaba m\u00e1s tiempo con reporte de b\u00fasqueda, y que finalmente fue localizada sin vida en el municipio de Ju\u00e1rez. En medio de esos casos surgieron otros en Nuevo Le\u00f3n, como el de Jessica Ram\u00edrez, desaparecida y encontrada sin vida cerca de su casa, en Monterrey, y por los familiares.<\/p>\n\n\n\n<p class=\"wp-block-paragraph\">\u00bfQu\u00e9 sucedi\u00f3 en el caso de Debanhi? \u00bfFueron las redes sociales?, \u00bffue la actuaci\u00f3n de las autoridades, especialmente de la Fiscal\u00eda? \u00bfFue la exigencia de la familia, particularmente de su madre y padre? \u00bfFueron los medios de comunicaci\u00f3n, o las movilizaciones feministas, o una ciudadan\u00eda m\u00e1s informada o sensibilizada?<\/p>\n\n\n\n<p class=\"wp-block-paragraph\">Debanhi fue localizada sin vida el 21 de abril, a 13 d\u00edas de su desaparici\u00f3n. Los &nbsp;resultados que desde entonces han presentado las autoridades sobre la forma en que muri\u00f3 o fue asesinada la joven, han dejado cada vez m\u00e1s preguntas sin respuesta.<\/p>\n\n\n\n<p class=\"wp-block-paragraph\">Omitir\u00e9 la cadena de discursos y dict\u00e1menes emitidos por las autoridades, as\u00ed como la descripci\u00f3n de hechos ultraventilados desde que desaparece, hasta la versi\u00f3n m\u00e1s reciente presentada el pasado 18 de julio. Pero a su vez, es a ra\u00edz de los recientes resultados, dados a conocer por la Fiscal\u00eda General de Justicia del Estado de Nuevo Le\u00f3n, que SemM\u00e9xico, quiso explorar desde la mirada feminista, de mujeres expertas en el tema de no violencia, feminicidio y desaparici\u00f3n de personas, la lectura y el an\u00e1lisis del caso de Debanhi Escobar Bazald\u00faa, partiendo de cuatro aspectos principales: el desempe\u00f1o de las autoridades, el manejo de los medios de comunicaci\u00f3n, la participaci\u00f3n de las colectivas y feministas, y la actuaci\u00f3n de la ciudadan\u00eda en general.<\/p>\n\n\n\n<p class=\"wp-block-paragraph\">Las voces de las mujeres entrevistadas nos se\u00f1alan que los diferentes resultados en las investigaciones por el caso de Debanhi dan cuenta de una falta de coordinaci\u00f3n institucional, omisiones, ausencia de rendici\u00f3n de cuentas, adem\u00e1s de la revictimizaci\u00f3n de que ha sido objeto la joven no s\u00f3lo por las autoridades, sino por los medios de comunicaci\u00f3n y la ciudadan\u00eda.<\/p>\n\n\n\n<p class=\"wp-block-paragraph\"><strong>Narrativa mis\u00f3gina, centrada en el cuerpo de la v\u00edctima<\/strong><\/p>\n\n\n\n<figure class=\"wp-block-image size-large\"><a href=\"https:\/\/redsemlac.com\/semmexico\/wp-content\/uploads\/2022\/07\/caso-debanhi-03.jpg\"><img decoding=\"async\" src=\"https:\/\/redsemlac.com\/semmexico\/wp-content\/uploads\/2022\/07\/caso-debanhi-03-1024x1024.jpg\" alt=\"\" class=\"wp-image-53890\"\/><\/a><\/figure>\n\n\n\n<p class=\"wp-block-paragraph\">Mariana Gabarrot Arenas<strong><\/strong><\/p>\n\n\n\n<p class=\"wp-block-paragraph\">En este sentido, y respondiendo a la pregunta de arriba, de por qu\u00e9 el caso de Debanhi trascendi\u00f3 de esa manera, Mariana Gabarrot Arenas, profesora investigadora de la Escuela de Humanidades y Educaci\u00f3n, del Tecnol\u00f3gico de Monterrey, con especialidad en Geograf\u00eda Humana, nos se\u00f1ala c\u00f3mo a partir de esta tragedia, es que se construye una narrativa escandalosa, creando un personaje con el cual la sociedad se puede identificar, y esto tiene que ver con la interseccionalidad, de un perfil visible socialmente, con caracter\u00edsticas espec\u00edficas, distintas a la de otras poblaciones, por ejemplo las mujeres ind\u00edgenas o las mujeres diversas.<\/p>\n\n\n\n<p class=\"wp-block-paragraph\">La tambi\u00e9n maestra en antropolog\u00eda del cuerpo, sociolog\u00eda y feminismos, refiere que la resonancia de este caso ha estado plagado de misoginia, no solo por el odio a las mujeres, sino por la clasificaci\u00f3n de las mujeres en \u201cbuenas y malas\u201d, cuestion\u00e1ndose c\u00f3mo una joven, buena estudiante, estaba en una fiesta.<\/p>\n\n\n\n<p class=\"wp-block-paragraph\">Respecto de la actuaci\u00f3n de las autoridades, Gabarrot Arenas, comenta que se ha notado una falta de coordinaci\u00f3n de las diferentes instancias, adem\u00e1s de una total falta de transparencia ante las diversas versiones y resultados hechos p\u00fablicos.<\/p>\n\n\n\n<p class=\"wp-block-paragraph\">\u201cNos dan resultados distintos sin explicar por qu\u00e9 son distintos. \u00bfQu\u00e9 pas\u00f3? No explican inconsistencias, no asumen responsabilidades. Hubo un mal manejo desde el principio, y no hay rendici\u00f3n de cuentas; es necesaria una auditor\u00eda del proceso\u201d.<\/p>\n\n\n\n<p class=\"wp-block-paragraph\">Destaca tambi\u00e9n que todo el caso est\u00e1 centrado en el cuerpo de la v\u00edctima, en sus restos, sin tener informaci\u00f3n de qui\u00e9n o qui\u00e9nes la lastimaron y ocasionaron su muerte.<\/p>\n\n\n\n<p class=\"wp-block-paragraph\">Hay una falta de respeto a su cuerpo, hasta en su muerte. Se la sigue revictimizando, pero es m\u00e1s importante saber qui\u00e9n fue y qu\u00e9 le hicieron. Toda la narrativa es mis\u00f3gina, tanto de las autoridades como de los medios de comunicaci\u00f3n, sin que aparezcan agentes masculinos o qui\u00e9nes son los culpables, afirma, \u00bfC\u00f3mo es posible que se trate as\u00ed a las mujeres muertas? Tienen que ser tratadas con dignidad.<\/p>\n\n\n\n<p class=\"wp-block-paragraph\">Lamentablemente, el caso lejos de indignarnos porque la tragedia es m\u00e1s profunda que un solo caso, abona m\u00e1s al esc\u00e1ndalo, que a una conciencia real de lo que pasa en este pa\u00eds, donde diariamente diez mujeres son asesinadas, concluye Mariana Gabarrot.<\/p>\n\n\n\n<p class=\"wp-block-paragraph\"><strong>Falta de coordinaci\u00f3n para acceder a la verdad y la justicia<\/strong><\/p>\n\n\n\n<figure class=\"wp-block-image size-large\"><a href=\"https:\/\/redsemlac.com\/semmexico\/wp-content\/uploads\/2022\/07\/caso-debanhi-04.jpg\"><img decoding=\"async\" src=\"https:\/\/redsemlac.com\/semmexico\/wp-content\/uploads\/2022\/07\/caso-debanhi-04-571x1024.jpg\" alt=\"\" class=\"wp-image-53889\"\/><\/a><\/figure>\n\n\n\n<p class=\"wp-block-paragraph\"><strong>Liz S\u00e1nchez Reyna<\/strong><\/p>\n\n\n\n<p class=\"wp-block-paragraph\">Liz S\u00e1nchez Reyna, defensora de Derechos Humanos, experta en el tema de desapariciones, integrante del Centro Fray Juli\u00e1n Garc\u00e9s, Derechos Humanos y Desarrollo Local AC, coincide en la falta de coordinaci\u00f3n entre las autoridades, aunque considera que el aparato de investigaci\u00f3n demostr\u00f3 que puede movilizarse, como no lo ha hecho en otros casos de mujeres, adolescentes y hombres que llevan hasta m\u00e1s de una d\u00e9cada en condici\u00f3n de desparici\u00f3n.<\/p>\n\n\n\n<p class=\"wp-block-paragraph\">Tambi\u00e9n se\u00f1ala que los resultados de las tres autopsias realizadas al cuerpo de Debanhi, generan m\u00e1s elementos que abonan a la desconfianza y a la incertidumbre frente a la posibilidad de acceder a la verdad y la justicia.<\/p>\n\n\n\n<p class=\"wp-block-paragraph\">Al igual que Mariana Gabarrot, Liz S\u00e1nchez pone el foco en el hecho de que hay aspectos de los que no se habla, como lo es la presencia de sujetos masculinos en los espacios donde estuvo la joven, y la presunta vinculaci\u00f3n con funcionarios de gobierno estatal, incluido el propio gobernador.<\/p>\n\n\n\n<p class=\"wp-block-paragraph\">Respecto de la actuaci\u00f3n de los medios de comunicaci\u00f3n, considera positiva la visibilizaci\u00f3n del tema, pero no propiamente del manejo realizado, porque en general se ha revictimizado a Debanhi, y a otras mujeres desaparecidas, emitiendo juicios sobre su persona, actividades y amistades, &nbsp;mostrando falta de \u00e9tica, visi\u00f3n patriarcal, y ausencia de perspectiva de g\u00e9nero.&nbsp;<\/p>\n\n\n\n<p class=\"wp-block-paragraph\">El movimiento feminista ha levantado la voz, ha exigido investigaciones con perspectiva de g\u00e9nero y ha generado solidaridades de muchas mujeres de todas las edades, conectando con el riesgo que vivimos de violencia feminicida en este pa\u00eds, dijo Liz S\u00e1nchez.<\/p>\n\n\n\n<p class=\"wp-block-paragraph\">Considera que entre la ciudadan\u00eda hay una mayor conciencia del riesgo que estamos viviendo, y de las condiciones de violencia en que nos desenvolvemos las mujeres, en particular las m\u00e1s j\u00f3venes, sin embargo, me parece que a\u00fan no se alcanza a ver el espectro tan amplio y terrible de la cantidad incre\u00edble de desapariciones en el pa\u00eds y en el estado.<\/p>\n\n\n\n<p class=\"wp-block-paragraph\">Es necesario, puntualiz\u00f3, continuar exigiendo de manera conjunta un alto a las desapariciones y ejecuciones de personas, un alto a los feminicidios y una actuaci\u00f3n clara de las autoridades, as\u00ed como la aprobaci\u00f3n de la ley estatal en materia de desaparici\u00f3n que sigue detenida en el Congreso, y que no se ha puesto a revisi\u00f3n de personas expertas en la materia.<\/p>\n\n\n\n<p class=\"wp-block-paragraph\"><strong>Las instituciones no trabajan para las mujeres<\/strong><\/p>\n\n\n\n<figure class=\"wp-block-image size-large\"><a href=\"https:\/\/redsemlac.com\/semmexico\/wp-content\/uploads\/2022\/07\/caso-debanhi-05.jpg\"><img decoding=\"async\" src=\"https:\/\/redsemlac.com\/semmexico\/wp-content\/uploads\/2022\/07\/caso-debanhi-05-572x1024.jpg\" alt=\"\" class=\"wp-image-53888\"\/><\/a><\/figure>\n\n\n\n<p class=\"wp-block-paragraph\">Leal Puerta<strong><\/strong><\/p>\n\n\n\n<p class=\"wp-block-paragraph\">La experta en la atenci\u00f3n de las violencias en contra de las mujeres, y fundadora de Alternativas Pac\u00edficas, AC, Alicia Leal Puerta, comenta a SemM\u00e9xico, que es indispensable dar respuestas claras respecto de una serie de preguntas relacionadas con el caso de Debanhi, espec\u00edficamente en lo que respecta a las personas involucradas en los espacios en los que estuvo la joven.<\/p>\n\n\n\n<p class=\"wp-block-paragraph\">Aun cuando los medios de comunicaci\u00f3n han puesto en la agenda el tema de la violencia, en este caso, considera que no se han &nbsp;hecho las preguntas adecuadas, por ejemplo para saber \u00bfqui\u00e9nes estaban en la fiesta a la que acudi\u00f3 Debanhi? \u00bfqui\u00e9nes operaban el hotel?; los due\u00f1os del hotel \u00bfya fueron interrogados?, \u00bfqu\u00e9 pas\u00f3 en las primeras 72 horas de la desaparici\u00f3n?, y se pregunta si m\u00e1s bien est\u00e1n respondiendo a peticiones del gobierno. \u00bfNegocian con la justicia y la verdad a cambio de otros intereses?<\/p>\n\n\n\n<p class=\"wp-block-paragraph\">Tenemos instituciones, rebasadas, cooptadas por otros intereses, y hablo de instituciones operadas por servidores de gobierno en los tres niveles y los tres poderes, que no est\u00e1n funcionando en favor de las mujeres en este caso que nos ocupa, pero en general ante la fuerte problem\u00e1tica de violencia, desapariciones y feminicidios.<\/p>\n\n\n\n<p class=\"wp-block-paragraph\">M\u00e1s bien est\u00e1n manejadas por personas que siguen trabajando bajo el pacto patriarcal, bajo un sistema de dominaci\u00f3n, se\u00f1ala la tambi\u00e9n extitular de la reci\u00e9n creada Secretar\u00eda de las Mujeres.<\/p>\n\n\n\n<p class=\"wp-block-paragraph\">Hay, dijo, un desconocimiento profundo de qu\u00e9 es lo que necesitamos cambiar para que las cosas sucedan. Tenemos un alto nivel de impunidad, y solo contamos a las que denuncian, pero no a las que est\u00e1n siendo recurrentemente agredidas. &nbsp;Podemos seguir haciendo cambios en las leyes, pero el problema siguen siendo los criterios en los que se aplican las leyes. El sistema de justicia, no trabaja para nosotras, en general.<\/p>\n\n\n\n<p class=\"wp-block-paragraph\">Enfatiza: Nosotras ya cumplimos con la parte de romper el silencio; queremos que los hombres y el Estado, responsable en garantizar nuestros derechos, respondan, y asuman las responsabilidades de sus omisiones.<\/p>\n\n\n\n<p class=\"wp-block-paragraph\"><strong>Llamar a cuentas a la Fiscal\u00eda<\/strong><\/p>\n\n\n\n<figure class=\"wp-block-image size-full\"><a href=\"https:\/\/redsemlac.com\/semmexico\/wp-content\/uploads\/2022\/07\/caso-debanhi-06.jpg\"><img loading=\"lazy\" decoding=\"async\" width=\"720\" height=\"960\" src=\"https:\/\/redsemlac.com\/semmexico\/wp-content\/uploads\/2022\/07\/caso-debanhi-06.jpg\" alt=\"\" class=\"wp-image-53887\"\/><\/a><\/figure>\n\n\n\n<p class=\"wp-block-paragraph\">S\u00e9verine Durin,<\/p>\n\n\n\n<p class=\"wp-block-paragraph\">La antrop\u00f3loga, S\u00e9verine Durin, profesora investigadora del Centro de Investigaciones y Estudios Superiores en Antropolog\u00eda Social, CIESAS, afirma que el caso de Debanhi visibiliz\u00f3 el grave aumento y feminizaci\u00f3n de las desapariciones en Nuevo Le\u00f3n, especialmente de mujeres j\u00f3venes, en lo cual han venido insistiendo desde hace tiempo, enfrent\u00e1ndose a la indolencia de las autoridades, a instituciones patriarcales, con un profundo desprecio hacia lo femenino.<\/p>\n\n\n\n<p class=\"wp-block-paragraph\">Estamos ante una autoridad omisa y negligente en los tres poderes, y con una Fiscal\u00eda que, en este caso, no quiso coordinarse con las Comisiones de B\u00fasqueda local y nacional, y emite tres dict\u00e1menes distintos, lo cual refleja un grave problema en cuesti\u00f3n pericial, se\u00f1ala la tambi\u00e9n experta en temas de migraci\u00f3n, violencia, inseguridad, derechos humanos y desaparici\u00f3n de personas.<\/p>\n\n\n\n<p class=\"wp-block-paragraph\">Y recalca, que, ante tan evidentes fallas, es preocupante que el Congreso del Estado no llame a la Fiscal\u00eda a rendir cuentas: Ser aut\u00f3noma, no quiere decir que no deba ser transparente.<\/p>\n\n\n\n<p class=\"wp-block-paragraph\">Respecto de los medios, la investigadora del CIESAS, destaca que fue esencial visibilizar el tema en el caso de Debanhi y otros como el de Mar\u00eda Fernanda, que mencionamos al inicio, as\u00ed como retomar el de Mayela \u00c1lvarez, colaboradora de esa instituci\u00f3n, y desaparecida y no localizada desde agosto de 2020. Sin embargo, tambi\u00e9n apunta las diferencias que han surgido respecto de la prensa \u201camarillista\u201d, revictimizante y llena de prejuicios, y la cobertura responsable de periodistas de investigaci\u00f3n, aliadas\/os.<\/p>\n\n\n\n<p class=\"wp-block-paragraph\">\u201cNos hace falta una prensa no s\u00f3lo con perspectiva de g\u00e9nero, sino con enfoque de derechos humanos\u201d.<\/p>\n\n\n\n<p class=\"wp-block-paragraph\">Reconoce el gran impacto de las movilizaciones feministas en esta coyuntura; la transgresi\u00f3n y el acuerpamiento de las feministas, particularmente de las colectivas de j\u00f3venes que dif\u00edcilmente son cooptadas y forman una gran esperanza para exigir a las autoridades justicia ante demasiada violencia y demasiada impunidad. \u00bfAnte qu\u00e9 estamos?, se pregunta, y dice: Estamos ante un poder inconmensurable. Preocupante todo.<\/p>\n\n\n\n<p class=\"wp-block-paragraph\"><strong>Las cifras de desaparici\u00f3n y feminicidio<\/strong><\/p>\n\n\n\n<p class=\"wp-block-paragraph\">Para dimensionar la realidad de lo que vivimos las mujeres en M\u00e9xico, pero particularmente las del estado de Nuevo Le\u00f3n, donde las autoridades reiteradamente han mencionado que no se tiene una crisis de desapariciones y feminicidios, y abundar en las ideas y reflexiones de nuestras entrevistadas, presentamos un breve recuento num\u00e9rico.<\/p>\n\n\n\n<p class=\"wp-block-paragraph\">Las estad\u00edsticas nacionales nos muestran un acumulado hist\u00f3rico, al menos de lo que se tiene registro oficial, de 255 mil 174 personas desaparecidas, no localizadas y localizadas, de las cuales 105 mil 887 son mujeres.<\/p>\n\n\n\n<p class=\"wp-block-paragraph\">Lo anterior seg\u00fan los datos del Registro Nacional de Personas Desaparecidas y no Localizadas, de la Secretar\u00eda de Gobernaci\u00f3n, de marzo de 1964 al 28 de julio de 2022.<\/p>\n\n\n\n<p class=\"wp-block-paragraph\">Del total nacional, 13 mil 945 corresponden a Nuevo Le\u00f3n, de las cuales, 5 mil 712 son mujeres.<\/p>\n\n\n\n<p class=\"wp-block-paragraph\">Solo contando a las personas desaparecidas y no localizadas, en general, hombres, mujeres y personas no identificadas, se tiene en esta entidad un registro de 6 mil 226. De \u00e9stas, no se tienen datos precisos desagregados por sexo.<\/p>\n\n\n\n<p class=\"wp-block-paragraph\">Sin embargo, s\u00ed se tienen los datos del a\u00f1o 2020, cuando desaparecieron 779 mujeres, mientras que en 2021 la cifra aument\u00f3 a mil 148.<\/p>\n\n\n\n<p class=\"wp-block-paragraph\">Tambi\u00e9n hay diferencias en las cifras que presentan las instituciones. Por ejemplo, para este a\u00f1o, a mediados del mes de mayo la Fiscal\u00eda General de Justicia report\u00f3 420 desapariciones de mujeres, de las cuales 33 no estaban localizadas, y 8 fueron localizadas sin vida; mientras que el Registro Nacional report\u00f3 379 mujeres desaparecidas, 55 no localizadas y 6 encontradas sin vida.<\/p>\n\n\n\n<p class=\"wp-block-paragraph\">En su m\u00e1s reciente informe, publicado el pasado 2 de julio, la Fiscal\u00eda reporta que de enero a junio de este a\u00f1o hay 44 mujeres sin ser localizadas, y que tan solo en el mes de junio 94 fueron localizadas con vida, y 4 sin vida.<\/p>\n\n\n\n<p class=\"wp-block-paragraph\">Un reporte de Verificado, establece que, de acuerdo a la estad\u00edstica de enero al 10 de mayo de este a\u00f1o, Nuevo Le\u00f3n ocupa el segundo lugar nacional en desaparici\u00f3n de mujeres, con 376 casos, seguido del Estado de M\u00e9xico, con 456.<\/p>\n\n\n\n<p class=\"wp-block-paragraph\">&nbsp;Y se\u00f1ala el repunte de casos comparando los primeros siete meses de la administraci\u00f3n pasada y la actual, de modo que si en la anterior hubo en ese periodo 185 desapariciones, de las cuales 75 fueron mujeres; en la presente se registraron mil 391 casos, 617 mujeres.<\/p>\n\n\n\n<p class=\"wp-block-paragraph\">Por otro lado, los m\u00e1s recientes datos del Secretariado Ejecutivo del Sistema Nacional de Seguridad P\u00fablica, presentados el pasado 25 de julio, nos revelan que de enero a junio de este a\u00f1o se registraron en el pa\u00eds 479 feminicidios, ubicando a Nuevo Le\u00f3n en segundo lugar con 58, otra vez seguido del Estado de M\u00e9xico, con 76.<\/p>\n\n\n\n<p class=\"wp-block-paragraph\">No obstante en la medici\u00f3n de casos por cada 100 mil mujeres, Nuevo Le\u00f3n se ubica en primer lugar con una tasa del 2.01. Le sigue Morelos con 1.96.<\/p>\n\n\n\n<p class=\"wp-block-paragraph\">Once municipios de Nuevo Le\u00f3n se ubican entre los 100 que a nivel nacional tienen las mayores estad\u00edsticas de feminicidio, y destaca que el municipio de Guadalupe se ubica en primer sitio nacional, con 10 casos, mientras que Ju\u00e1rez se enlista en el quinto lugar con 7. Ambos municipios cuentan desde 2016 con Declaratoria de Alerta de Violencia de G\u00e9nero.&nbsp;<\/p>\n\n\n\n<p class=\"wp-block-paragraph\">El municipio de Escobedo, donde desapareci\u00f3 y 13 d\u00edas despu\u00e9s encontraron sin vida a Debanhi Escobar, est\u00e1 ubicado, por las cifras del Secretariado, en el octavo sitio, con seis casos en el periodo mencionado.<\/p>\n\n\n\n<p class=\"wp-block-paragraph\">* Fundo la Revista Nosotras, por una sociedad con equidad (2008-2014);<strong> Periodista independiente <\/strong>(2006 a la fecha) y colaboradora de SemM\u00e9xico\/Semlac hace 15 a\u00f1os.<\/p>\n","protected":false},"excerpt":{"rendered":"<p>Hablan 4 expertas de primer nivel y reflexionan sobre la persistencia del pacto patriarcal<\/p>\n","protected":false},"author":3,"featured_media":53891,"comment_status":"open","ping_status":"open","sticky":false,"template":"","format":"standard","meta":{"_monsterinsights_skip_tracking":false,"footnotes":""},"categories":[693,54],"tags":[],"class_list":["post-53886","post","type-post","status-publish","format-standard","has-post-thumbnail","category-693","category-mujeres"],"_links":{"self":[{"href":"https:\/\/redsemlac.com\/semmexico\/wp-json\/wp\/v2\/posts\/53886","targetHints":{"allow":["GET"]}}],"collection":[{"href":"https:\/\/redsemlac.com\/semmexico\/wp-json\/wp\/v2\/posts"}],"about":[{"href":"https:\/\/redsemlac.com\/semmexico\/wp-json\/wp\/v2\/types\/post"}],"author":[{"embeddable":true,"href":"https:\/\/redsemlac.com\/semmexico\/wp-json\/wp\/v2\/users\/3"}],"replies":[{"embeddable":true,"href":"https:\/\/redsemlac.com\/semmexico\/wp-json\/wp\/v2\/comments?post=53886"}],"version-history":[{"count":0,"href":"https:\/\/redsemlac.com\/semmexico\/wp-json\/wp\/v2\/posts\/53886\/revisions"}],"wp:featuredmedia":[{"embeddable":true,"href":"https:\/\/redsemlac.com\/semmexico\/wp-json\/wp\/v2\/media\/53891"}],"wp:attachment":[{"href":"https:\/\/redsemlac.com\/semmexico\/wp-json\/wp\/v2\/media?parent=53886"}],"wp:term":[{"taxonomy":"category","embeddable":true,"href":"https:\/\/redsemlac.com\/semmexico\/wp-json\/wp\/v2\/categories?post=53886"},{"taxonomy":"post_tag","embeddable":true,"href":"https:\/\/redsemlac.com\/semmexico\/wp-json\/wp\/v2\/tags?post=53886"}],"curies":[{"name":"wp","href":"https:\/\/api.w.org\/{rel}","templated":true}]}}