{"id":53882,"date":"2022-07-30T11:36:37","date_gmt":"2022-07-30T17:36:37","guid":{"rendered":"https:\/\/redsemlac.com\/semmexico\/?p=53882"},"modified":"2023-07-21T19:10:03","modified_gmt":"2023-07-22T00:10:03","slug":"un-informe-de-amnistia-internacional-afirma-que-los-talibanes-estan-devastando-las-vidas-de-las-mujeres-y-ninas-de-afganistan","status":"publish","type":"post","link":"https:\/\/redsemlac.com\/semmexico\/un-informe-de-amnistia-internacional-afirma-que-los-talibanes-estan-devastando-las-vidas-de-las-mujeres-y-ninas-de-afganistan\/","title":{"rendered":"Un informe de Amnist\u00eda Internacional afirma que los talibanes est\u00e1n devastando las vidas de las mujeres y ni\u00f1as de Afganist\u00e1n"},"content":{"rendered":"\n<p class=\"wp-block-paragraph\"><strong>El nuevo informe, titulado Death in Slow Motion: Women and Girls Under Taliban Rule, publicado por \u00a0Amnist\u00eda Internacional, revela que las mujeres que protestan pac\u00edficamente contra estas normas opresivas son amenazadas, detenidas, recluidas, torturadas y sometidas a desaparici\u00f3n forzada<\/strong><\/p>\n\n\n\n<p class=\"wp-block-paragraph\">Redacci\u00f3n<\/p>\n\n\n\n<p class=\"wp-block-paragraph\">SemM\u00e9xico\/AmecoPress,\u00a0 Madrid, 30 de julio, 2022..- \u00a0La organizaci\u00f3n global, Amnist\u00eda Internacional, que trabaja para que sean reconocidos y respetados los derechos, acaba de publicar un nuevo informe titulado\u00a0<a href=\"https:\/\/bit.ly\/3PTiO1o\">Death in Slow Motion: Women and Girls Under Taliban Rule<\/a>, en espa\u00f1ol \u201cMuerte a c\u00e1mara lenta\u201d, que revela c\u00f3mo en menos de un a\u00f1o la toma de poder de los talibanes en Afganist\u00e1n han privado a millones de mujeres y ni\u00f1as de su derecho a una vida segura, libre y plena.<\/p>\n\n\n\n<figure class=\"wp-block-image size-large\"><a href=\"https:\/\/redsemlac.com\/semmexico\/wp-content\/uploads\/2022\/07\/int-amnistia-talibanes-02.jpg\"><img decoding=\"async\" src=\"https:\/\/redsemlac.com\/semmexico\/wp-content\/uploads\/2022\/07\/int-amnistia-talibanes-02-1024x682.jpg\" alt=\"\" class=\"wp-image-53883\"\/><\/a><\/figure>\n\n\n\n<p class=\"wp-block-paragraph\">Desde que tomaron el control del pa\u00eds en agosto de 2021, los talibanes han estado violando los derechos de las mujeres y las ni\u00f1as a la educaci\u00f3n, al trabajo y a la libre circulaci\u00f3n. Diezman el sistema de protecci\u00f3n y apoyo para quienes huyen de la violencia de g\u00e9nero en el \u00e1mbito familiar, detienen a mujeres y ni\u00f1as por infracciones menores de normas discriminatorias y contribuyen al aumento del n\u00famero de matrimonios precoces y forzados en Afganist\u00e1n.<\/p>\n\n\n\n<p class=\"wp-block-paragraph\">En su conjunto, estas pol\u00edticas forman un sistema de represi\u00f3n que discrimina a las mujeres y las ni\u00f1as en casi todos los aspectos de su vida. Cada detalle diario \u2014sea al ir a la escuela, si trabajan y c\u00f3mo trabajan, si salen de la casa y c\u00f3mo salen\u2014 est\u00e1 controlado y sometido a grandes restricciones. Una asfixiante represi\u00f3n contra la poblaci\u00f3n femenina de Afganist\u00e1n que aumenta cada d\u00eda.<\/p>\n\n\n\n<p class=\"wp-block-paragraph\">Y es que desde que tomaron el control de Afganist\u00e1n en agosto de 2021, los talibanes son las autoridades de facto del pa\u00eds. Pese a sus compromisos p\u00fablicos iniciales de respetar los derechos de las mujeres y las ni\u00f1as, introdujeron pol\u00edticas de discriminaci\u00f3n sistem\u00e1tica que violan los derechos de \u00e9stas. Mujeres y ni\u00f1as de todo Afganist\u00e1n reaccionaron a esta represi\u00f3n con una oleada de protestas. En respuesta, los talibanes hostigaron a las manifestantes y las sometieron a abusos, detenciones y reclusiones arbitrarias, desapariciones forzadas, y torturas f\u00edsicas y psicol\u00f3gicas.<\/p>\n\n\n\n<p class=\"wp-block-paragraph\">Amnist\u00eda Internacional ha pedido a los talibanes que implementen cambios pol\u00edticos y medidas de envergadura para respetar los derechos de las mujeres y las ni\u00f1as. Los gobiernos y las organizaciones internacionales, incluidos todos los Estados miembros de la ONU y el Consejo de Seguridad de esta organizaci\u00f3n, deben elaborar e implementar urgentemente una estrategia s\u00f3lida y coordinada para presionar a los talibanes a fin de que introduzcan estos cambios.<br><strong><br>Investigaci\u00f3n y entrevistas a las v\u00edctimas<\/strong><\/p>\n\n\n\n<p class=\"wp-block-paragraph\">Uno de los equipos de investigaci\u00f3n de Amnist\u00eda Internacional visit\u00f3 Afganist\u00e1n en marzo de 2022. La organizaci\u00f3n hizo una exhaustiva labor de investigaci\u00f3n desde septiembre de 2021 hasta junio de 2022 que incluye entrevistas con 90 mujeres y 11 ni\u00f1as afganas de entre 14 y 74 a\u00f1os residentes en 20 de las 34 provincias del pa\u00eds, entre ellas, la manifestante que fue detenida y estuvo varios d\u00edas recluida en 2022.<\/p>\n\n\n\n<p class=\"wp-block-paragraph\">Al describir el trato que recibi\u00f3 mientras estuvo recluida, dijo a Amnist\u00eda Internacional: \u201cLos guardias talibanes segu\u00edan viniendo a mi habitaci\u00f3n y ense\u00f1\u00e1ndome fotos de mi familia. Repet\u00edan una y otra vez \u2018Podemos matarlos, a todos, y t\u00fa no podr\u00e1s hacer nada. No llores, no hagas una escena. Despu\u00e9s de protestar, deber\u00edas haber previsto d\u00edas como \u00e9ste\u2019.\u201d Tambi\u00e9n dijo que la hab\u00edan pegado brutalmente: \u201cCerraron la puerta. Empezaron a gritarme. Un talib\u00e1n me dijo: \u2018Eres asquerosa. Estados Unidos no nos da dinero por vuestra culpa, zorras\u2019. Luego me dio una patada. Fue tan fuerte que me hizo da\u00f1o en la espalda, y tambi\u00e9n me pate\u00f3 la barbilla, todav\u00eda siento el dolor en la boca. Me duele cada vez que quiero hablar\u201d.<\/p>\n\n\n\n<p class=\"wp-block-paragraph\">Dos mujeres dijeron que, despu\u00e9s de que se publicaran en las redes sociales fotos de las lesiones de una manifestante, los talibanes idearon una nueva estrategia para impedir que mostraran sus lesiones p\u00fablicamente. Una de ellas cont\u00f3 a Amnist\u00eda Internacional: \u201cNos pegaban en los pechos y entre las piernas. Lo hac\u00edan para que no pudi\u00e9ramos mostrarlo al mundo. Un soldado que caminaba cerca de m\u00ed me peg\u00f3 en el pecho y dijo: \u2018Puedo matarte ahora mismo y nadie dir\u00e1 nada\u2019. Esto pasaba cada vez que sal\u00edamos: nos insultaban f\u00edsicamente, verbalmente y emocionalmente\u201d.<\/p>\n\n\n\n<p class=\"wp-block-paragraph\">Las manifestantes detenidas no ten\u00edan acceso a comida, agua, ventilaci\u00f3n, productos de higiene y atenci\u00f3n m\u00e9dica adecuados. Para obtener la libertad, obligaban a las mujeres a firmar un acuerdo en el que se compromet\u00edan a no volver a protestar y a no hablar en p\u00fablico de sus experiencias en detenci\u00f3n, ni ellas ni sus familiares.<\/p>\n\n\n\n<p class=\"wp-block-paragraph\">Del mismo modo, una estudiante universitaria que fue detenida en 2022 dijo a Amnist\u00eda Internacional que la amenazaron y golpearon tras ser detenida por cargos relacionados con las restricciones sobre el mahram. Dijo que los talibanes \u201cempezaron a darme descargas el\u00e9ctricas en el hombro, la cara, el cuello, en todos los sitios que pod\u00edan. Me llamaban prostituta y zorra. El que ten\u00eda la pistola dijo: \u2018Voy a matarte y nadie podr\u00e1 encontrar tu cuerpo\u2019.\u201d<\/p>\n\n\n\n<p class=\"wp-block-paragraph\">Las personas que denunciaron irregularidades dijeron que las sobrevivientes de violencia de g\u00e9nero, que antes viv\u00edan en refugios, o quienes trataban de huir de los malos tratos, despu\u00e9s de la toma del poder de los talibanes son encerradas en centros de detenci\u00f3n. Son sometidas a r\u00e9gimen de aislamiento, palizas y otras formas de tortura, y obligadas a soportar condiciones inhumanas, como hacinamiento y acceso insuficiente a comida, agua y calefacci\u00f3n en los meses de invierno.<\/p>\n\n\n\n<p class=\"wp-block-paragraph\"><strong>Matrimonio precoz y forzado<\/strong><\/p>\n\n\n\n<p class=\"wp-block-paragraph\">Seg\u00fan la investigaci\u00f3n que Amnist\u00eda Internacional ha hecho, corroborada por organizaciones nacionales e internacionales que trabajan en Afganist\u00e1n, activistas locales y especialistas, el n\u00famero de matrimonios precoces y forzados en Afganist\u00e1n est\u00e1 aumentando bajo el r\u00e9gimen talib\u00e1n. Los factores causales clave de este aumento incluye la crisis econ\u00f3mica y humanitaria, la falta de perspectivas educativas y profesionales para las mujeres y las ni\u00f1as, familias que obligan a mujeres y ni\u00f1as a casarse con un talib\u00e1n, y talibanes que obligan a mujeres y ni\u00f1as a casarse con ellos.<\/p>\n\n\n\n<p class=\"wp-block-paragraph\">Stephanie Sinclair, directora de Too Young to Wed, organizaci\u00f3n que trabaja sobre el matrimonio precoz y forzado, explic\u00f3: \u201cEn Afganist\u00e1n tenemos una tormenta perfecta para el matrimonio infantil: un gobierno patriarcal, guerra, pobreza, sequ\u00eda, ni\u00f1as sin escuela. Con la suma de todos estos factores, sab\u00edamos que el matrimonio precoz iba a dispararse\u201d.<\/p>\n\n\n\n<p class=\"wp-block-paragraph\">Khorsheed, de 35 a\u00f1os, procedente de una provincia del centro de Afganist\u00e1n, dijo a Amnist\u00eda Internacional que la crisis econ\u00f3mica la hab\u00eda obligado a casar a su hija de 13 a\u00f1os con un vecino de 30 en septiembre de 2021 por el \u201cprecio de la novia\u201d de 60.000 afganis (alrededor de 670 d\u00f3lares estadounidenses). Dijo que, tras casar a su hija, se sinti\u00f3 aliviada, y a\u00f1adi\u00f3: \u201cYa no pasar\u00e1 hambre nunca\u201d.<\/p>\n\n\n\n<p class=\"wp-block-paragraph\">Khorsheed dijo que tambi\u00e9n estaba pensando en casar a su hija de 10 a\u00f1os, aunque se mostraba reacia porque confiaba en que esta hija pudiera mantener a la familia en el futuro. Explic\u00f3: \u201cYo quer\u00eda que estudiase m\u00e1s. Sabr\u00eda leer y escribir, y hablar ingl\u00e9s, y podr\u00eda ganar. Tengo la esperanza de que esta hija llegue a ser algo y que mantenga a la familia. Desde luego, si no abren la escuela, tendr\u00e9 que casarla\u201d.<br><strong><br>Falta de acceso a la educaci\u00f3n<\/strong><\/p>\n\n\n\n<p class=\"wp-block-paragraph\">Los talibanes siguen bloqueando la educaci\u00f3n para la inmensa mayor\u00eda de las ni\u00f1as de secundaria. Su vuelta a las clases, prevista para el 23 de marzo de 2022, fue ef\u00edmera. Ese mismo d\u00eda, los talibanes enviaron a casa a las ni\u00f1as, alegando un \u201cproblema t\u00e9cnico\u201d relativo a sus uniformes. Cuatro meses despu\u00e9s, los talibanes siguen negando el acceso a la educaci\u00f3n a las ni\u00f1as.<\/p>\n\n\n\n<p class=\"wp-block-paragraph\">Amnist\u00eda Internacional pide a la comunidad internacional que imponga a los talibanes medidas como consecuencia de su conducta y sanciones selectivas o prohibiciones de viajar por medio de una resoluci\u00f3n del Consejo de Seguridad de la ONU, o empleen otras formas de presi\u00f3n que puedan hacerles rendir cuentas por el trato que infligen a las mujeres y las ni\u00f1as sin perjudicar a la poblaci\u00f3n afgana.<\/p>\n\n\n\n<p class=\"wp-block-paragraph\">\u201cLos talibanes privan deliberadamente a millones de mujeres y ni\u00f1as de sus derechos humanos, y las someten a una discriminaci\u00f3n sistem\u00e1tica\u201d, concluy\u00f3 Agn\u00e8s Callamard.<br>\u201cSi la comunidad internacional no act\u00faa, estar\u00e1 abandonando a las mujeres y las ni\u00f1as de Afganist\u00e1n y perjudicando los derechos humanos en todo el mundo\u201d.<br><strong><br>Fotos: Archivo Amnist\u00eda Internacional.<\/strong><\/p>\n","protected":false},"excerpt":{"rendered":"<p>La organizaci\u00f3n global, Amnist\u00eda Internacional, que trabaja para que sean reconocidos y respetados los derechos, acaba de publicar un nuevo informe titulado\u00a0Death in Slow Motion: Women and Girls Under Taliban Rule<\/p>\n","protected":false},"author":3,"featured_media":53884,"comment_status":"open","ping_status":"open","sticky":false,"template":"","format":"standard","meta":{"_monsterinsights_skip_tracking":false,"footnotes":""},"categories":[693,53],"tags":[],"class_list":["post-53882","post","type-post","status-publish","format-standard","has-post-thumbnail","category-693","category-internacional"],"_links":{"self":[{"href":"https:\/\/redsemlac.com\/semmexico\/wp-json\/wp\/v2\/posts\/53882","targetHints":{"allow":["GET"]}}],"collection":[{"href":"https:\/\/redsemlac.com\/semmexico\/wp-json\/wp\/v2\/posts"}],"about":[{"href":"https:\/\/redsemlac.com\/semmexico\/wp-json\/wp\/v2\/types\/post"}],"author":[{"embeddable":true,"href":"https:\/\/redsemlac.com\/semmexico\/wp-json\/wp\/v2\/users\/3"}],"replies":[{"embeddable":true,"href":"https:\/\/redsemlac.com\/semmexico\/wp-json\/wp\/v2\/comments?post=53882"}],"version-history":[{"count":0,"href":"https:\/\/redsemlac.com\/semmexico\/wp-json\/wp\/v2\/posts\/53882\/revisions"}],"wp:featuredmedia":[{"embeddable":true,"href":"https:\/\/redsemlac.com\/semmexico\/wp-json\/wp\/v2\/media\/53884"}],"wp:attachment":[{"href":"https:\/\/redsemlac.com\/semmexico\/wp-json\/wp\/v2\/media?parent=53882"}],"wp:term":[{"taxonomy":"category","embeddable":true,"href":"https:\/\/redsemlac.com\/semmexico\/wp-json\/wp\/v2\/categories?post=53882"},{"taxonomy":"post_tag","embeddable":true,"href":"https:\/\/redsemlac.com\/semmexico\/wp-json\/wp\/v2\/tags?post=53882"}],"curies":[{"name":"wp","href":"https:\/\/api.w.org\/{rel}","templated":true}]}}