{"id":53800,"date":"2022-07-28T13:19:34","date_gmt":"2022-07-28T19:19:34","guid":{"rendered":"https:\/\/redsemlac.com\/semmexico\/?p=53800"},"modified":"2023-07-21T19:10:05","modified_gmt":"2023-07-22T00:10:05","slug":"en-la-capital-del-pais-aumenta-la-trata-de-mujeres-y-ninas-ninos-a-traves-de-whatsapp-y-facebook","status":"publish","type":"post","link":"https:\/\/redsemlac.com\/semmexico\/en-la-capital-del-pais-aumenta-la-trata-de-mujeres-y-ninas-ninos-a-traves-de-whatsapp-y-facebook\/","title":{"rendered":"En la capital del pa\u00eds aumenta la trata de mujeres y ni\u00f1as\/ ni\u00f1os a trav\u00e9s de WhatsApp y Facebook"},"content":{"rendered":"\n<p class=\"wp-block-paragraph\">\u201cEl cautiverio de las mujeres en la trata de personas\u201d: Ernestina Godoy Ramos<\/p>\n\n\n\n<p class=\"wp-block-paragraph\">&nbsp;Lizbeth \u00c1lvarez Mart\u00ednez.<\/p>\n\n\n\n<p class=\"wp-block-paragraph\">SemM\u00e9xico, Ciudad de M\u00e9xico, 28 de julio del 2022.- Los tratantes de personas evolucionaron su estrategia de atracci\u00f3n a trav\u00e9s de las plataformas digitales durante el confinamiento de la pandemia del Covid-19.<\/p>\n\n\n\n<p class=\"wp-block-paragraph\">Sus enganches por redes sociales fueron con ofertas de empleo, una relaci\u00f3n de amistad o amorosa, especialmente en Facebook y WhatsApp, informaron hoy autoridades de la Ciudad de M\u00e9xico.<\/p>\n\n\n\n<p class=\"wp-block-paragraph\">De acuerdo con los resultados de la Encuesta Nacional sobre Disponibilidad y Uso de la Tecnolog\u00edas de la Informaci\u00f3n en los Hogares (ENDUTIH), en 2019, el 72.9% de la poblaci\u00f3n mayor de 12 a\u00f1os utiliz\u00f3 Internet. Para el 2021 la cifra subi\u00f3 a 77.9%.<\/p>\n\n\n\n<p class=\"wp-block-paragraph\">Este incremento en el uso de Internet y redes sociales ha detonado un desplazamiento de la explotaci\u00f3n sexual hacia el mundo digital.<\/p>\n\n\n\n<p class=\"wp-block-paragraph\">Tal fue el caso de una joven llamada Leticia, todo inici\u00f3 cuando acept\u00f3 la solicitud de amistad de su tratante por Facebook.<\/p>\n\n\n\n<p class=\"wp-block-paragraph\">Primero hubo comentarios a sus publicaciones y luego se trasladaron a Messenger.<\/p>\n\n\n\n<p class=\"wp-block-paragraph\">Durante las conversaciones, el tratante le prometi\u00f3 protecci\u00f3n, apoyo, cari\u00f1o. Despu\u00e9s de un mes de conversaciones, la v\u00edctima acept\u00f3 verlo y \u00abformalizaron\u00bb una relaci\u00f3n sentimental. Fue entonces cuando comenz\u00f3 la explotaci\u00f3n.<\/p>\n\n\n\n<p class=\"wp-block-paragraph\">Leticia fue obligada bajo amenazas a tener relaciones sexuales, hasta que escap\u00f3 y busc\u00f3 la ayuda con las autoridades del Consejo Ciudadano.<\/p>\n\n\n\n<p class=\"wp-block-paragraph\">De acuerdo con el reporte \u00abTrata de Personas. Riesgos tras la pandemia (enero 2021-junio 2022\u00bb) revel\u00f3 que se registraron 3 mil 338 reportes a la L\u00ednea y Chat Nacional contra la trata de personas.&nbsp;<\/p>\n\n\n\n<p class=\"wp-block-paragraph\">\u2022&nbsp;&nbsp;&nbsp;&nbsp;&nbsp;&nbsp;&nbsp;&nbsp;&nbsp; Trata en la capital de la Rep\u00fablica: dos de cada tres v\u00edctimas son mujeres; el 51% de las v\u00edctimas son menores de edad.<\/p>\n\n\n\n<p class=\"wp-block-paragraph\">\u2022&nbsp;&nbsp;&nbsp;&nbsp;&nbsp;&nbsp;&nbsp;&nbsp;&nbsp; Tras las restricciones de la pandemia, la explotaci\u00f3n sexual volvi\u00f3 a ser la modalidad de trata m\u00e1s reportada.<\/p>\n\n\n\n<p class=\"wp-block-paragraph\">\u2022&nbsp;&nbsp;&nbsp;&nbsp;&nbsp;&nbsp;&nbsp;&nbsp;&nbsp; Se registran casos de enganche por medio de redes sociales o videojuegos, como Free-Fire o Call of Duty.<\/p>\n\n\n\n<p class=\"wp-block-paragraph\">\u2022&nbsp;&nbsp;&nbsp;&nbsp;&nbsp;&nbsp;&nbsp;&nbsp;&nbsp; Hay un aumento de 118 por ciento en los reportes de pornograf\u00eda infantil, un delito que concluye con la trata de personas.<\/p>\n\n\n\n<p class=\"wp-block-paragraph\">Seg\u00fan datos de 2021, M\u00e9xico pas\u00f3 de 415 casos de Trata en 2015 a 550 en 2020; acumulando un total de 2, 583 v\u00edctimas de este delito en cinco a\u00f1os.<\/p>\n\n\n\n<p class=\"wp-block-paragraph\">Hablaron del fen\u00f3meno en la capital del pa\u00eds, el presidente del el Consejo Ciudadano de Seguridad y Justicia de Ciudad de M\u00e9xico (CCSJ), Salvador Guerrero Chipr\u00e9s, y fiscal general de Justicia de la Ciudad de M\u00e9xico Ernestina Godoy Ramos.<\/p>\n\n\n\n<p class=\"wp-block-paragraph\">Guerrero Chipr\u00e9s inform\u00f3 que de m\u00e1s de mil denuncias que recibi\u00f3 el Consejo, s\u00f3lo 60 llegaron a Carpeta de Investigaci\u00f3n.<\/p>\n\n\n\n<p class=\"wp-block-paragraph\">Tambi\u00e9n dijo que el 51 por ciento de las v\u00edctimas de trata son ni\u00f1as, ni\u00f1os y adolescentes; el 67.4 por ciento son mujeres; 8 de cada 10 menores de edad captados por las redes de trata son de origen mexicano.<\/p>\n\n\n\n<p class=\"wp-block-paragraph\">Por su parte, la fiscal general de Justicia Godoy Ramos, asegur\u00f3 que hay que generar campa\u00f1as de difusi\u00f3n para informar a la ciudadan\u00eda sobre lo qu\u00e9 es la trata de personas.<\/p>\n\n\n\n<p class=\"wp-block-paragraph\">\u201cLo que tenemos que hacer es informar a la ciudadan\u00eda, sobre todo a las mujeres, \u00bfQu\u00e9 es la trata?, porque muchas veces las mujeres est\u00e1n viviendo trata y no lo saben. La m\u00e1s fuerte es la de trata sexual. \u00bfC\u00f3mo salir de ese cautiverio? Qu\u00e9 es muy dif\u00edcil de dejar y a veces muy peligroso\u201d, se pregunt\u00f3.<\/p>\n\n\n\n<p class=\"wp-block-paragraph\">En la conferencia a medios de comunicaci\u00f3n, tambi\u00e9n estuvo presente la coordinadora general de investigaci\u00f3n de delitos de g\u00e9nero y atenci\u00f3n a v\u00edctimas, Laura Angelina Borbolla Moreno.<\/p>\n\n\n\n<figure class=\"wp-block-video\"><video controls src=\"blob:https:\/\/redsemlac.com\/semmexico\/387e54ee-6a4e-48c3-bbbd-d9656ec754c9\"><\/video><\/figure>\n","protected":false},"excerpt":{"rendered":"<p>Los tratantes de personas evolucionaron su estrategia de atracci\u00f3n a trav\u00e9s de las plataformas digitales durante el confinamiento de la pandemia del Covid-19.<\/p>\n","protected":false},"author":3,"featured_media":53801,"comment_status":"open","ping_status":"open","sticky":false,"template":"","format":"standard","meta":{"_monsterinsights_skip_tracking":false,"footnotes":""},"categories":[693,51],"tags":[],"class_list":["post-53800","post","type-post","status-publish","format-standard","has-post-thumbnail","category-693","category-ejecutivo"],"_links":{"self":[{"href":"https:\/\/redsemlac.com\/semmexico\/wp-json\/wp\/v2\/posts\/53800","targetHints":{"allow":["GET"]}}],"collection":[{"href":"https:\/\/redsemlac.com\/semmexico\/wp-json\/wp\/v2\/posts"}],"about":[{"href":"https:\/\/redsemlac.com\/semmexico\/wp-json\/wp\/v2\/types\/post"}],"author":[{"embeddable":true,"href":"https:\/\/redsemlac.com\/semmexico\/wp-json\/wp\/v2\/users\/3"}],"replies":[{"embeddable":true,"href":"https:\/\/redsemlac.com\/semmexico\/wp-json\/wp\/v2\/comments?post=53800"}],"version-history":[{"count":0,"href":"https:\/\/redsemlac.com\/semmexico\/wp-json\/wp\/v2\/posts\/53800\/revisions"}],"wp:featuredmedia":[{"embeddable":true,"href":"https:\/\/redsemlac.com\/semmexico\/wp-json\/wp\/v2\/media\/53801"}],"wp:attachment":[{"href":"https:\/\/redsemlac.com\/semmexico\/wp-json\/wp\/v2\/media?parent=53800"}],"wp:term":[{"taxonomy":"category","embeddable":true,"href":"https:\/\/redsemlac.com\/semmexico\/wp-json\/wp\/v2\/categories?post=53800"},{"taxonomy":"post_tag","embeddable":true,"href":"https:\/\/redsemlac.com\/semmexico\/wp-json\/wp\/v2\/tags?post=53800"}],"curies":[{"name":"wp","href":"https:\/\/api.w.org\/{rel}","templated":true}]}}