{"id":53777,"date":"2022-07-27T16:00:13","date_gmt":"2022-07-27T22:00:13","guid":{"rendered":"https:\/\/redsemlac.com\/semmexico\/?p=53777"},"modified":"2023-07-21T19:10:06","modified_gmt":"2023-07-22T00:10:06","slug":"persiste-violencia-politica-contra-las-mujeres-en-guerrero-alcaldesa-de-chilpancingo-denuncia","status":"publish","type":"post","link":"https:\/\/redsemlac.com\/semmexico\/persiste-violencia-politica-contra-las-mujeres-en-guerrero-alcaldesa-de-chilpancingo-denuncia\/","title":{"rendered":"Persiste violencia pol\u00edtica contra las mujeres en Guerrero, alcaldesa de Chilpancingo denuncia"},"content":{"rendered":"\n<ul class=\"wp-block-list\"><li><strong>La violencia pol\u00edtica que se ejerce en contra de las mujeres que ocupan un cargo p\u00fablico, se debe a que trastocan intereses y canog\u00edas.<\/strong><strong><\/strong><\/li><\/ul>\n\n\n\n<p class=\"wp-block-paragraph\"><strong>Josefina Aguilar Pastor&nbsp;<\/strong><strong>&nbsp;<\/strong><\/p>\n\n\n\n<p class=\"wp-block-paragraph\">SemM\u00e9xico, Chilpancingo, Guerrero, 27 de julio del 2022.- En entrevista concedida a SemM\u00e9xico, la alcaldesa de Chilpancingo, Norma Otilia Hern\u00e1ndez Mart\u00ednez, dio a conocer este martes que en el Congreso del Estado, han ejercido violencia en contra de distintas presidentas municipales, entre ellas la de Acapulco, Abelina L\u00f3pez Rodr\u00edguez;&nbsp; Xalpatl\u00e1huac, Selene Sotelo Maldonado y coment\u00f3 que esto se debe a que en muchos a\u00f1os, es la primera vez que mujeres gobiernan los municipios m\u00e1s importantes del Estado.&nbsp;<\/p>\n\n\n\n<p class=\"wp-block-paragraph\">La violencia pol\u00edtica que se ejerce en contra de las mujeres que ocupan un cargo p\u00fablico, se debe a que trastocan intereses y canog\u00edas, asegurando saber bien de donde vienen los ataques a su persona y los responsables, afirm\u00f3 la presidenta municipal.&nbsp;<\/p>\n\n\n\n<p class=\"wp-block-paragraph\">Ello implica la forma de gobernar de las mujeres, \u00abmuchas&nbsp; resisten a todas las canog\u00edas que hab\u00eda en su momento, el combate a la corrupci\u00f3n que hoy con la buena administraci\u00f3n de las mujeres, hacen que saquemos la casta y toca este tema de intereses\u201d, se\u00f1al\u00f3.<\/p>\n\n\n\n<p class=\"wp-block-paragraph\">A las mujeres que se desenvuelven dentro de la pol\u00edtica, no les han regalado nada&nbsp;y han resistido una y otra vez y \u201cpor eso estamos aqu\u00ed\u201d, recalc\u00f3.&nbsp;<\/p>\n\n\n\n<p class=\"wp-block-paragraph\">Hern\u00e1ndez Mart\u00ednez tambi\u00e9n record\u00f3 que como diputada local, impuls\u00f3 reformas a favor de las mujeres, entre ellas, la reforma al c\u00f3digo penal, para incluir precisamente la violencia pol\u00edtica en contra de las mujeres en raz\u00f3n de g\u00e9nero como un delito y que se reconociera la paridad en Guerrero.<\/p>\n\n\n\n<p class=\"wp-block-paragraph\">La alcaldesa tambi\u00e9n coment\u00f3 en entrevista, que ha considerado la posibilidad de proponer alguna reforma legislativa&nbsp;&nbsp;para atender la violencia pol\u00edtica que se ejerce en las mujeres en el desempe\u00f1o del cargo.&nbsp;<\/p>\n\n\n\n<p class=\"wp-block-paragraph\">En su caso, indic\u00f3 Hern\u00e1ndez Mart\u00ednez, \u201csi hay violencia pol\u00edtica contra m\u00ed porque ya hasta hacen juicios hacia mi persona, y no en el tema pol\u00edtico, por mi desempe\u00f1o, sino de manera personal\u201d.&nbsp;<\/p>\n\n\n\n<p class=\"wp-block-paragraph\">De manera diaria coment\u00f3, hacen monitoreo de los medios de comunicaci\u00f3n, y saben de d\u00f3nde viene y de parte de quien. Sin embargo, dijo, no ser una mujer de queja, sino de trabajo y acci\u00f3n.&nbsp;<\/p>\n\n\n\n<p class=\"wp-block-paragraph\">Por ello advirti\u00f3 que \u201cvamos a seguir adelante pese a toda esta violencia, porque esto apenas empieza\u201d. Dijo conocer de donde provienen los ataques a su persona, aunque dijo que tiene caso ni siquiera mencionarlo, ser\u00eda desgastante.&nbsp;<\/p>\n","protected":false},"excerpt":{"rendered":"<p>La violencia pol\u00edtica que se ejerce en contra de las mujeres que ocupan un cargo p\u00fablico, se debe a que trastocan intereses y canog\u00edas.<\/p>\n","protected":false},"author":3,"featured_media":53778,"comment_status":"open","ping_status":"open","sticky":false,"template":"","format":"standard","meta":{"_monsterinsights_skip_tracking":false,"footnotes":""},"categories":[693,51],"tags":[],"class_list":["post-53777","post","type-post","status-publish","format-standard","has-post-thumbnail","category-693","category-ejecutivo"],"_links":{"self":[{"href":"https:\/\/redsemlac.com\/semmexico\/wp-json\/wp\/v2\/posts\/53777","targetHints":{"allow":["GET"]}}],"collection":[{"href":"https:\/\/redsemlac.com\/semmexico\/wp-json\/wp\/v2\/posts"}],"about":[{"href":"https:\/\/redsemlac.com\/semmexico\/wp-json\/wp\/v2\/types\/post"}],"author":[{"embeddable":true,"href":"https:\/\/redsemlac.com\/semmexico\/wp-json\/wp\/v2\/users\/3"}],"replies":[{"embeddable":true,"href":"https:\/\/redsemlac.com\/semmexico\/wp-json\/wp\/v2\/comments?post=53777"}],"version-history":[{"count":0,"href":"https:\/\/redsemlac.com\/semmexico\/wp-json\/wp\/v2\/posts\/53777\/revisions"}],"wp:featuredmedia":[{"embeddable":true,"href":"https:\/\/redsemlac.com\/semmexico\/wp-json\/wp\/v2\/media\/53778"}],"wp:attachment":[{"href":"https:\/\/redsemlac.com\/semmexico\/wp-json\/wp\/v2\/media?parent=53777"}],"wp:term":[{"taxonomy":"category","embeddable":true,"href":"https:\/\/redsemlac.com\/semmexico\/wp-json\/wp\/v2\/categories?post=53777"},{"taxonomy":"post_tag","embeddable":true,"href":"https:\/\/redsemlac.com\/semmexico\/wp-json\/wp\/v2\/tags?post=53777"}],"curies":[{"name":"wp","href":"https:\/\/api.w.org\/{rel}","templated":true}]}}