{"id":53770,"date":"2022-07-27T15:27:27","date_gmt":"2022-07-27T21:27:27","guid":{"rendered":"https:\/\/redsemlac.com\/semmexico\/?p=53770"},"modified":"2023-07-21T19:10:06","modified_gmt":"2023-07-22T00:10:06","slug":"en-tonala-jalisco-menor-de-edad-fue-torturada-y-quemada-en-un-centro-de-rehabilitacion","status":"publish","type":"post","link":"https:\/\/redsemlac.com\/semmexico\/en-tonala-jalisco-menor-de-edad-fue-torturada-y-quemada-en-un-centro-de-rehabilitacion\/","title":{"rendered":"En Tonal\u00e1, Jalisco menor de edad fue torturada y quemada en un centro de rehabilitaci\u00f3n"},"content":{"rendered":"\n<ul class=\"wp-block-list\"><li><strong>En la colonia Santa Paula, en Tonal\u00e1, la menor fue rociada con alcohol y posteriormente agredida con una pistola taser.<\/strong><strong><\/strong><\/li><li><strong>Encargados del centro de rehabilitaci\u00f3n quisieron hacerlo pasar como accidente, sin embargo, frente a ellos la menor desminti\u00f3 la versi\u00f3n.<\/strong><\/li><\/ul>\n\n\n\n<p class=\"wp-block-paragraph\"><strong>Analy Nu\u00f1o<\/strong><\/p>\n\n\n\n<p class=\"wp-block-paragraph\">SemM\u00e9xico, Tonal\u00e1, Jalisco, 27 de julio del 2022.- Una menor de 11 a\u00f1os fue torturada y quemada en el centro de rehabilitaci\u00f3n Casa de Vida Camino a la Fortaleza, donde permanec\u00eda para ser atendida por ansiedad.<\/p>\n\n\n\n<p class=\"wp-block-paragraph\">Al denunciar p\u00fablicamente los hechos, la madre de la menor relat\u00f3 que el pasado 22 de julio, 3 semanas despu\u00e9s de ser internada en el centro irregular ubicado en la colonia Santa Paula, en Tonal\u00e1, la menor fue rociada con alcohol y posteriormente agredida con una pistola taser, la descarga el\u00e9ctrica le ocasion\u00f3 quemaduras en 13 por ciento de su cuerpo, principalmente brazo, t\u00f3rax y abdomen.<\/p>\n\n\n\n<p class=\"wp-block-paragraph\">Un d\u00eda despu\u00e9s de la agresi\u00f3n la madre de la menor fue informada de las lesiones que inicialmente los encargados del centro de rehabilitaci\u00f3n quisieron hacer pasar como accidente, sin embargo, frente a ellos la menor desminti\u00f3 la versi\u00f3n y los se\u00f1al\u00f3 como responsables pues \u00e9stos la amenazaron con rociarla de alcohol si no dejaba de rascarse, debido a la ansiedad la menor continu\u00f3 haci\u00e9ndolo y entre cinco adultos la sometieron, le rociaron alcohol y le dieron un toque con la pistola el\u00e9ctrica.<\/p>\n\n\n\n<p class=\"wp-block-paragraph\">\u201cQuisieron manejarlo como un accidente. La ni\u00f1a los acus\u00f3 enfrente de ellos, me dice&nbsp;\u00a1no mam\u00e1&nbsp;me echaron alcohol y me dieron un chicharrazo&nbsp;(pistola taser)!, y se\u00f1al\u00f3 en su cuello\u201d, relat\u00f3 la madre de la menor.<\/p>\n\n\n\n<p class=\"wp-block-paragraph\">Tras estos hechos, la menor fue trasladada a un centro de salud y aunque inicialmente una de las personas encargadas del centro acompa\u00f1\u00f3 a la madre, en el momento en que se levant\u00f3 el parte m\u00e9dico, \u00e9sta escap\u00f3.<\/p>\n\n\n\n<p class=\"wp-block-paragraph\">Momentos despu\u00e9s la menor fue trasladada a una cl\u00ednica del IMSS de donde fue derivada al Centro M\u00e9dico para una primera cirug\u00eda pl\u00e1stica. Actualmente la menor est\u00e1 en espera de otra operaci\u00f3n.<\/p>\n\n\n\n<p class=\"wp-block-paragraph\">Tras darse a conocer los hechos, la Comisi\u00f3n Estatal de Derechos Humanos en Jalisco (CEDHJ) inici\u00f3 una queja de oficio y dict\u00f3 medidas cautelares para que se proteja a la menor, se realicen las indagatorias correspondientes y se act\u00fae en consecuencia contra los responsables.<\/p>\n\n\n\n<p class=\"wp-block-paragraph\">Por su parte el Ayuntamiento de Tonal\u00e1 inform\u00f3 que el centro de rehabilitaci\u00f3n fue clausurado y en las pr\u00f3ximas horas se realizar\u00e1 un cateo. Adem\u00e1s, de acuerdo al presidente municipal, Sergio Ch\u00e1vez, en Tonal\u00e1 operan 15 centros de rehabilitaci\u00f3n sin registro.<\/p>\n\n\n\n<p class=\"wp-block-paragraph\">SEM\/MG<\/p>\n","protected":false},"excerpt":{"rendered":"<p>En la colonia Santa Paula, en Tonal\u00e1, la menor fue rociada con alcohol y posteriormente agredida con una pistola taser.<\/p>\n","protected":false},"author":3,"featured_media":53771,"comment_status":"open","ping_status":"open","sticky":false,"template":"","format":"standard","meta":{"_monsterinsights_skip_tracking":false,"footnotes":""},"categories":[693,47,48],"tags":[],"class_list":["post-53770","post","type-post","status-publish","format-standard","has-post-thumbnail","category-693","category-no-mas-impunidad","category-no-mas-impunidad-no-mas-impunidad"],"_links":{"self":[{"href":"https:\/\/redsemlac.com\/semmexico\/wp-json\/wp\/v2\/posts\/53770","targetHints":{"allow":["GET"]}}],"collection":[{"href":"https:\/\/redsemlac.com\/semmexico\/wp-json\/wp\/v2\/posts"}],"about":[{"href":"https:\/\/redsemlac.com\/semmexico\/wp-json\/wp\/v2\/types\/post"}],"author":[{"embeddable":true,"href":"https:\/\/redsemlac.com\/semmexico\/wp-json\/wp\/v2\/users\/3"}],"replies":[{"embeddable":true,"href":"https:\/\/redsemlac.com\/semmexico\/wp-json\/wp\/v2\/comments?post=53770"}],"version-history":[{"count":0,"href":"https:\/\/redsemlac.com\/semmexico\/wp-json\/wp\/v2\/posts\/53770\/revisions"}],"wp:featuredmedia":[{"embeddable":true,"href":"https:\/\/redsemlac.com\/semmexico\/wp-json\/wp\/v2\/media\/53771"}],"wp:attachment":[{"href":"https:\/\/redsemlac.com\/semmexico\/wp-json\/wp\/v2\/media?parent=53770"}],"wp:term":[{"taxonomy":"category","embeddable":true,"href":"https:\/\/redsemlac.com\/semmexico\/wp-json\/wp\/v2\/categories?post=53770"},{"taxonomy":"post_tag","embeddable":true,"href":"https:\/\/redsemlac.com\/semmexico\/wp-json\/wp\/v2\/tags?post=53770"}],"curies":[{"name":"wp","href":"https:\/\/api.w.org\/{rel}","templated":true}]}}