{"id":53759,"date":"2022-07-27T15:23:49","date_gmt":"2022-07-27T21:23:49","guid":{"rendered":"https:\/\/redsemlac.com\/semmexico\/?p=53759"},"modified":"2023-07-21T19:10:06","modified_gmt":"2023-07-22T00:10:06","slug":"jovenes-solteras-y-sin-acceso-a-salud-las-mujeres-mas-expuestas-y-asesinadas","status":"publish","type":"post","link":"https:\/\/redsemlac.com\/semmexico\/jovenes-solteras-y-sin-acceso-a-salud-las-mujeres-mas-expuestas-y-asesinadas\/","title":{"rendered":"J\u00f3venes, solteras y sin acceso a salud, las mujeres m\u00e1s expuestas y asesinadas"},"content":{"rendered":"\n<ul class=\"wp-block-list\"><li><strong>M\u00e1s de 39 por ciento de los feminicidios en 2021 ten\u00edan entre 20 y 34 a\u00f1os y no ten\u00edan estudios, adem\u00e1s &nbsp;pobres<\/strong><\/li><li><strong>La mayor\u00eda de las entidades donde suceden&nbsp; son gobernadas por Morena y sus aliados donde seg\u00fan la Secretaria de Seguridad este el peso de la responsabilidad<\/strong><\/li><\/ul>\n\n\n\n<p class=\"wp-block-paragraph\"><strong>Sara Lovera*<\/strong><\/p>\n\n\n\n<p class=\"wp-block-paragraph\">SemM\u00e9xico, Ciudad de M\u00e9xico, 27 de julio del 2022.- Con el detalle de la informaci\u00f3n del Instituto Nacional&nbsp; de Geograf\u00eda y Estad\u00edstica, INEGI, se puede identificar quienes son las mujeres en mayor riesgo en este pa\u00eds, las que pierden la vida por la violencia machista, a qu\u00e9 edad&nbsp; fueron arrancadas de tajo de la buena vida.<\/p>\n\n\n\n<p class=\"wp-block-paragraph\">J\u00f3venes de entre 20 y 34 a\u00f1os, desempleadas y sin acceso a la seguridad social, solteras en su mayor\u00eda y apenas con la secundaria concluida, son algunas de las caracter\u00edsticas de la mayor\u00eda de las 3 mil 991 mujeres que fueron asesinadas en 2021.<\/p>\n\n\n\n<p class=\"wp-block-paragraph\">Datos preliminares del INEGI dejan ver que los casi 4 mil decesos violentos y dolosos de mujeres contabilizados el a\u00f1o pasado significan la mayor cifra hist\u00f3rica de los \u00faltimos 31 a\u00f1os, donde Guanajuato y el Estado de M\u00e9xico figuraron como los principales focos rojos, al concentrar m\u00e1s del 23 por ciento del total de homicidios.<\/p>\n\n\n\n<p class=\"wp-block-paragraph\">El documento que engloba todos los homicidios, deja ver el perfil de las v\u00edctimas de feminicidio&nbsp; que en 2021 cobr\u00f3 la vida de al menos 10 mujeres cada 24 horas, en promedio, destaca que el 57 por ciento&nbsp; de los casos fue a causa de una agresi\u00f3n por arma de fuego, el 14 por ciento&nbsp; fue v\u00edctima de ahorcamiento, estrangulamiento o sofocaci\u00f3n, y alrededor del 11 por ciento&nbsp; muri\u00f3 por herida de un objeto cortante.<\/p>\n\n\n\n<p class=\"wp-block-paragraph\">INEGI desglosa por estados su informe, como lo hace por sexo. Se\u00f1ala que el 40 por ciento de las mujeres&nbsp; asesinadas ten\u00edan entre 20 y 34 a\u00f1os, es decir j\u00f3venes y productivas.<\/p>\n\n\n\n<p class=\"wp-block-paragraph\">Se puede leer que mayo fue el mes que concentr\u00f3 la mayor cantidad de homicidios, con un total de 379, 10 por ciento&nbsp; de los cuales (39 casos) ocurrieron en zonas de combate al narcotr\u00e1fico, como Guanajuato la entidad&nbsp; o estado que concentr\u00f3 el 12.5% de la incidencia total&nbsp; de asesinatos contra las mujeres en 2021.<\/p>\n\n\n\n<p class=\"wp-block-paragraph\">El desglose de los datos muestra que mil 660 de las v\u00edctimas, equivalentes al 41.5% del total no contaba con ning\u00fan tipo de afiliaci\u00f3n a seguridad social, y el 45 por ciento (mil 806) no contaba con un empleo.<\/p>\n\n\n\n<p class=\"wp-block-paragraph\">Aunque en la mayor\u00eda de los casos (94.6%) no se especific\u00f3 si hubo un antecedente de violencia familiar o de pareja, en 32 de los homicidios se comprob\u00f3 que el agresor ten\u00eda alg\u00fan tipo de parentesco con la v\u00edctima, cuyo perfil advierte que en su mayor\u00eda fueron mujeres que de escolaridad ten\u00edan la primaria terminada (16.2%), seguida de mujeres con el bachillerato o la preparatoria trunca, y la primaria incompleta con un 9.8 y 8.4%, respectivamente.<\/p>\n\n\n\n<figure class=\"wp-block-gallery has-nested-images columns-1 is-cropped wp-block-gallery-1 is-layout-flex wp-block-gallery-is-layout-flex\">\n<figure class=\"wp-block-image size-large\"><a href=\"https:\/\/redsemlac.com\/semmexico\/wp-content\/uploads\/2022\/07\/graph-01.png\"><img decoding=\"async\" data-id=\"53762\" src=\"https:\/\/redsemlac.com\/semmexico\/wp-content\/uploads\/2022\/07\/graph-01-1024x656.png\" alt=\"\" class=\"wp-image-53762\"\/><\/a><\/figure>\n\n\n\n<figure class=\"wp-block-image size-large\"><a href=\"https:\/\/redsemlac.com\/semmexico\/wp-content\/uploads\/2022\/07\/graph-02.png\"><img decoding=\"async\" data-id=\"53766\" src=\"https:\/\/redsemlac.com\/semmexico\/wp-content\/uploads\/2022\/07\/graph-02-1024x684.png\" alt=\"\" class=\"wp-image-53766\"\/><\/a><\/figure>\n\n\n\n<figure class=\"wp-block-image size-large\"><a href=\"https:\/\/redsemlac.com\/semmexico\/wp-content\/uploads\/2022\/07\/graph-03.png\"><img decoding=\"async\" data-id=\"53764\" src=\"https:\/\/redsemlac.com\/semmexico\/wp-content\/uploads\/2022\/07\/graph-03-1024x726.png\" alt=\"\" class=\"wp-image-53764\"\/><\/a><\/figure>\n\n\n\n<figure class=\"wp-block-image size-large\"><a href=\"https:\/\/redsemlac.com\/semmexico\/wp-content\/uploads\/2022\/07\/graph-04.png\"><img decoding=\"async\" data-id=\"53767\" src=\"https:\/\/redsemlac.com\/semmexico\/wp-content\/uploads\/2022\/07\/graph-04-1024x686.png\" alt=\"\" class=\"wp-image-53767\"\/><\/a><\/figure>\n\n\n\n<figure class=\"wp-block-image size-large\"><a href=\"https:\/\/redsemlac.com\/semmexico\/wp-content\/uploads\/2022\/07\/graph-05.png\"><img decoding=\"async\" data-id=\"53765\" src=\"https:\/\/redsemlac.com\/semmexico\/wp-content\/uploads\/2022\/07\/graph-05-1024x770.png\" alt=\"\" class=\"wp-image-53765\"\/><\/a><\/figure>\n\n\n\n<figure class=\"wp-block-image size-large\"><a href=\"https:\/\/redsemlac.com\/semmexico\/wp-content\/uploads\/2022\/07\/graph-06.png\"><img loading=\"lazy\" decoding=\"async\" width=\"963\" height=\"162\" data-id=\"53763\" src=\"https:\/\/redsemlac.com\/semmexico\/wp-content\/uploads\/2022\/07\/graph-06.png\" alt=\"\" class=\"wp-image-53763\"\/><\/a><\/figure>\n<\/figure>\n\n\n\n<p class=\"wp-block-paragraph\">Otro rasgo caracter\u00edstico result\u00f3 el hecho de que la mayor\u00eda, con un total de mil 736 (43.4% del total) eran mujeres solteras, 660 m\u00e1s que estaban en uni\u00f3n libre y 574 casadas.<\/p>\n\n\n\n<p class=\"wp-block-paragraph\">Tambi\u00e9n se informa que entre las v\u00edctimas hay 146 mujeres que enviudaron, 90 que estaban divorciadas y la minor\u00eda con 58 que estaban separadas.<\/p>\n\n\n\n<p class=\"wp-block-paragraph\">Un total de 2 mil 110 mujeres, alrededor de 53 por ciento&nbsp; de los feminicidios no ocurrieron en el trabajo, pero s\u00ed unos 171 homicidios; mientras que en 101 eran mujeres que hablaban alguna lengua ind\u00edgena.<\/p>\n\n\n\n<p class=\"wp-block-paragraph\">Mujeres responsables de la pol\u00edtica de g\u00e9nero y prevenci\u00f3n de la violencia feminicida ahora sacan a los hombres de su casa y ya las mujeres no van a los refugios.<\/p>\n\n\n\n<p class=\"wp-block-paragraph\">La responsable de la seguridad ciudadana reconoce que &nbsp;<strong>\u201cHay un alto grado de impunidad respecto a homicidios\u201d pero no es su responsabilidad, es la de los gobiernos de los estados, dijo.<\/strong><\/p>\n\n\n\n<figure class=\"wp-block-image size-full\"><a href=\"https:\/\/redsemlac.com\/semmexico\/wp-content\/uploads\/2022\/07\/NOTA-sARA-1.jpg\"><img loading=\"lazy\" decoding=\"async\" width=\"960\" height=\"540\" src=\"https:\/\/redsemlac.com\/semmexico\/wp-content\/uploads\/2022\/07\/NOTA-sARA-1.jpg\" alt=\"\" class=\"wp-image-53761\"\/><\/a><\/figure>\n\n\n\n<h2 class=\"wp-block-heading\"><strong>Grupo Interinstitucional de Estrategia Contra Violencia Hacia las Mujeres y las Ni\u00f1as<\/strong><\/h2>\n\n\n\n<p class=\"wp-block-paragraph\">En la a reuni\u00f3n, que se hace cada d\u00eda 25 de mes, consigna la periodista Diana Ju\u00e1rez, de la Cadera de Eva, &nbsp;aludiendo a la tarea de disminuir la violencia contra las mujeres, la titular de la Secretar\u00eda de Seguridad y Protecci\u00f3n Ciudadana, Rosa \u00cdcela Rodr\u00edguez Vel\u00e1zquez, asegur\u00f3 que s\u00ed hay un alto nivel de impunidad, pero que no corresponde a la Secretar\u00eda que dirige sino a los gobiernos de los&nbsp; estados. Y puntualiz\u00f3 \u201cson las fiscal\u00edas de los estados las que se encargan las \u00f3rdenes de aprehensi\u00f3n y los elementos para ir por los delincuentes y tambi\u00e9n el Poder Judicial\u201d, dijo.<\/p>\n\n\n\n<p class=\"wp-block-paragraph\">La jefa del grupo del Ejecutivo de la seguridad nacional y tambi\u00e9n de las mujeres &nbsp;fue cuestionada sobre la impunidad en casos de feminicidios y homicidios dolosos. Ante su respuesta, un reportero le replic\u00f3: \u201ces lo que escuchamos todas las ma\u00f1aneras\u201d. Su respuesta fue lac\u00f3nica.<\/p>\n\n\n\n<p class=\"wp-block-paragraph\">Adem\u00e1s, asegur\u00f3 que el n\u00famero de feminicidios y homicidios han ido a la baja. \u201cEs hasta 2021 y 2022 cuando se comienza a ver una baja de delitos, no podemos hacer un comparativo porque es hasta 2021 que se analizan como feminicidios.\u201d<\/p>\n\n\n\n<p class=\"wp-block-paragraph\">\u201cEs en 2021 cuando todas las entidades de todos los ministerios p\u00fablicos comienzan a tener la tipificaci\u00f3n de feminicidio. En estos meses, los de 2021 y 2022&nbsp; se tiene registrada la cadena de delitos de feminicidio y un comparativo, antes ese delito no exist\u00eda y no se castigaba como feminicidio\u201d, se\u00f1al\u00f3 Rosa \u00cdcela Rodr\u00edguez.<\/p>\n\n\n\n<h2 class=\"wp-block-heading\"><strong>La tipificaci\u00f3n del feminicidio<\/strong><\/h2>\n\n\n\n<p class=\"wp-block-paragraph\">El tipo penal de feminicidio ingresa al C\u00f3digo Penal para el Distrito Federal (CPDF) en&nbsp;<strong>julio de 2011<\/strong>. Posteriormente, en junio de 2012, la figura es incorporada en el art\u00edculo 325 del C\u00f3digo Penal Federal (CPF).&nbsp; Para 2018, seg\u00fan un diagn\u00f3stico de las Naciones Unidas, &nbsp;se\u00f1ala que en 2018 ya estaba legislado en todo el pa\u00eds.<\/p>\n\n\n\n<figure class=\"wp-block-image size-large\"><a href=\"https:\/\/redsemlac.com\/semmexico\/wp-content\/uploads\/2022\/07\/NOTA-sARA-2-1.jpg\"><img decoding=\"async\" src=\"https:\/\/redsemlac.com\/semmexico\/wp-content\/uploads\/2022\/07\/NOTA-sARA-2-1-1024x819.jpg\" alt=\"\" class=\"wp-image-53760\"\/><\/a><\/figure>\n\n\n\n<h2 class=\"wp-block-heading\"><strong>Caso Luz Padilla y Debanhi<\/strong><\/h2>\n\n\n\n<p class=\"wp-block-paragraph\">Las preguntas sobre el caso de Luz Raquel Padilla, la madre que sufri\u00f3 ataque con sustancia corrosiva, &nbsp;en Jalisco, y sobre el caso Debanhi Escobar &nbsp;en Nuevo Le\u00f3n, rondaron en la conferencia de este 25 de julio, por ser d\u00eda Naranja, un d\u00eda para actuar, generar conciencia y prevenir la violencia contra mujeres y ni\u00f1as.<\/p>\n\n\n\n<p class=\"wp-block-paragraph\">\u201cHemos estado trabajando dialogado y trabajando con la Fiscal\u00eda de Jalisco, se tiene que respetar la secrec\u00eda, no podemos advertir, pero reiteramos que estamos con todos los sentidos trabajando en este tema\u201d, dijo Ricardo Mej\u00eda Berdeja, subsecretario de Seguridad P\u00fablica de la Secretar\u00eda de Seguridad y Protecci\u00f3n Ciudadana.<\/p>\n\n\n\n<h2 class=\"wp-block-heading\"><strong>\u201c300<\/strong> <strong>agresores han sido apartados\u201d<\/strong><\/h2>\n\n\n\n<p class=\"wp-block-paragraph\">En el caso del Estado de M\u00e9xico, la fiscal Central para la Atenci\u00f3n de Delitos Vinculados a la Violencia de G\u00e9nero del Estado de M\u00e9xico, Dilcya Garc\u00eda Espinoza de los Monteros, asegur\u00f3 que se estaba trabajando en diversos programas para erradicar y prevenir la violencia contra las mujeres.<\/p>\n\n\n\n<p class=\"wp-block-paragraph\">En la conferencia inform\u00f3 que sacaron a 300 agresores de las casas, siendo que antes se sacaban a las mujeres para resguardarlas. &nbsp;Sin embargo, se le pregunt\u00f3 c\u00f3mo &nbsp;con esa t\u00e1ctica, se aseguran que las mujeres no volver\u00edan a&nbsp; sufrir agresiones.<\/p>\n\n\n\n<p class=\"wp-block-paragraph\">Dilcya Garc\u00eda Espinoza de los Monteros explic\u00f3 que \u00abesta medida es primaria, cuando se identifica la situaci\u00f3n de violencia para poner los derechos y seguridad a la v\u00edctima a resguardo y no sean ellas quienes se tengan que mover. Hay muchos caminos que se pueden seguir y todo depende de la investigaci\u00f3n\u201d, apunt\u00f3.<\/p>\n\n\n\n<p class=\"wp-block-paragraph\">\u201cSi fueron feminicidios o violaciones, los agresores se van a la c\u00e1rcel. Cuando son lesiones, no te da para prisi\u00f3n oficiosa, se hacen otras medidas de protecci\u00f3n como la advertencia t\u00e1cita y si acerca, por desobediencia se puede meter a la c\u00e1rcel\u201d, asegur\u00f3.<\/p>\n\n\n\n<p class=\"wp-block-paragraph\">El registro de denuncias de profesores agresores es una respuesta del ejercicio de sensibilizaci\u00f3n que se hace en el Estado de M\u00e9xico, asegur\u00f3 la fiscal.<\/p>\n\n\n\n<p class=\"wp-block-paragraph\">Por su parte, la secretaria de las Mujeres del Estado de M\u00e9xico, Martha Hilda Gonz\u00e1lez Calder\u00f3n explic\u00f3:<\/p>\n\n\n\n<p class=\"wp-block-paragraph\">\u201cPor eso es tan importante la transversalizaci\u00f3n, mecanismo de prevenci\u00f3n se ponen todo este tipo de delitos, son m\u00e1s visibles y los ni\u00f1os (y ni\u00f1as) &nbsp;est\u00e1n conscientes de cu\u00e1les son los l\u00edmites de su cuerpo. As\u00ed como hay maestros, que necesitamos estar boletinando y estar tomando previsiones debe haber una atenci\u00f3n psicol\u00f3gica al agresor\u201d.<\/p>\n\n\n\n<p class=\"wp-block-paragraph\">En cuanto a la tem\u00e1tica de los refugios, la comisionada nacional para Prevenir y Erradicar la Violencia contra las Mujeres de la Secretar\u00eda de Gobernaci\u00f3n, Fabiola Alan\u00eds S\u00e1mano, asegur\u00f3 que se ha trabajado de forma conjunta con los estados quienes han tenido una buena respuesta para otorgar recursos. Sin embargo, la mayor\u00eda de los refugios son gestionados por la sociedad civil, apunt\u00f3.<\/p>\n\n\n\n<h2 class=\"wp-block-heading\"><strong>2021 en&nbsp; siete estados se rompi\u00f3 el&nbsp; r\u00e9cord de homicidios<\/strong><\/h2>\n\n\n\n<p class=\"wp-block-paragraph\">El informe global de INEGI se\u00f1ala que en 2021 se registraron 35 mil 625 homicidios&nbsp; en todo el pa\u00eds, se trata de una reducci\u00f3n de alrededor del 3 por ciento respecto a los homicidios de 2020; sin embargo, no fue lo mismo para siete entidades donde se alcanz\u00f3 la mayor cifra de muertes violentas de las \u00faltimas tres d\u00e9cadas. Fue en Baja California, Michoac\u00e1n, Morelos, Quer\u00e9taro, San Luis Potos\u00ed, Sonora y Zacatecas, la mayor\u00eda bajo gobiernos de Morena o partidos aliados.<\/p>\n\n\n\n<p class=\"wp-block-paragraph\">En esas entidades se concentr\u00f3&nbsp; un total de 11 mil 337 homicidios, equivalentes al 32 por ciento&nbsp; del total nacional; y&nbsp; rompi\u00f3 el r\u00e9cord con la mayor cantidad de homicidios desde los a\u00f1os 90.<\/p>\n\n\n\n<p class=\"wp-block-paragraph\">Entre los casos m\u00e1s cr\u00edticos, tanto por la cantidad de homicidios con los que cerraron el a\u00f1o anterior como por el porcentaje de incremento se ubicaron los estados morenistas de Baja California, Michoac\u00e1n y Sonora, este \u00faltimo gobernado por el extitular de la Secretar\u00eda de Seguridad y Protecci\u00f3n Ciudadana, Alfonso Durazo, donde al comparar la situaci\u00f3n actual con los decesos de hace 10 a\u00f1os se reflejan alzas de 301, 214 y 285 por&nbsp; ciento &nbsp;respectivamente.<\/p>\n\n\n\n<p class=\"wp-block-paragraph\">En cuanto a la tasa de homicidios por cada 100 mil personas, los estados con los mayores \u00edndices al corte del a\u00f1o fueron Zacatecas, con una tasa 109, es decir m\u00e1s de un 289 por ciento&nbsp; en comparaci\u00f3n con la tasa nacional que en 2021 fue de 28; seguidos de casos como Baja California, Colima, Chihuahua, Guanajuato y Sonora, con tasas de homicidios que van del 86, 82, 73 y 70, respectivamente.<\/p>\n\n\n\n<p class=\"wp-block-paragraph\">La violencia se mantiene como la principal causa de la mayor\u00eda de los homicidios registrados tanto por las fiscal\u00edas del pa\u00eds, cuya estad\u00edstica es actualizada cada mes por el Secretariado Ejecutivo del Sistema Nacional de Seguridad P\u00fablica, como por los certificados de defunci\u00f3n que contabiliza el INEGI.<\/p>\n\n\n\n<p class=\"wp-block-paragraph\">El informe dado a conocer este martes&nbsp; indica que 24 mil 307 homicidios, equivalentes a m\u00e1s del 68 por ciento&nbsp; del total, fueron a causa de agresiones por arma de fuego y otras armas \u00abno especificadas\u00bb, mientras que 3 mil 608, alrededor del 10% se debieron a una \u201cagresi\u00f3n con objeto cortante\u201d.<\/p>\n\n\n\n<p class=\"wp-block-paragraph\">Pese a ello, para Rosa \u00cdcela Rodr\u00edguez, secretaria de Seguridad y Protecci\u00f3n Ciudadana, la reducci\u00f3n de apenas mil 148 homicidios menos que en 2020 es muestra de que \u201cla estrategia nacional de seguridad est\u00e1 dando resultados\u201d y dicha baja significa \u201cun avance importante que refleja el resultado del esfuerzo diario\u201d, refiri\u00f3 en la conferencia del mates por la&nbsp; ma\u00f1ana.<\/p>\n\n\n\n<p class=\"has-small-font-size wp-block-paragraph\"><strong><em>*Con informaci\u00f3n de INEGI y de la Cadera de Eva<\/em><\/strong><\/p>\n","protected":false},"excerpt":{"rendered":"<p>M\u00e1s de 39 por ciento de los feminicidios en 2021 ten\u00edan entre 20 y 34 a\u00f1os y no ten\u00edan estudios, adem\u00e1s \u00a0pobres<\/p>\n","protected":false},"author":3,"featured_media":53768,"comment_status":"open","ping_status":"open","sticky":false,"template":"","format":"standard","meta":{"_monsterinsights_skip_tracking":false,"footnotes":""},"categories":[693,51],"tags":[],"class_list":["post-53759","post","type-post","status-publish","format-standard","has-post-thumbnail","category-693","category-ejecutivo"],"_links":{"self":[{"href":"https:\/\/redsemlac.com\/semmexico\/wp-json\/wp\/v2\/posts\/53759","targetHints":{"allow":["GET"]}}],"collection":[{"href":"https:\/\/redsemlac.com\/semmexico\/wp-json\/wp\/v2\/posts"}],"about":[{"href":"https:\/\/redsemlac.com\/semmexico\/wp-json\/wp\/v2\/types\/post"}],"author":[{"embeddable":true,"href":"https:\/\/redsemlac.com\/semmexico\/wp-json\/wp\/v2\/users\/3"}],"replies":[{"embeddable":true,"href":"https:\/\/redsemlac.com\/semmexico\/wp-json\/wp\/v2\/comments?post=53759"}],"version-history":[{"count":0,"href":"https:\/\/redsemlac.com\/semmexico\/wp-json\/wp\/v2\/posts\/53759\/revisions"}],"wp:featuredmedia":[{"embeddable":true,"href":"https:\/\/redsemlac.com\/semmexico\/wp-json\/wp\/v2\/media\/53768"}],"wp:attachment":[{"href":"https:\/\/redsemlac.com\/semmexico\/wp-json\/wp\/v2\/media?parent=53759"}],"wp:term":[{"taxonomy":"category","embeddable":true,"href":"https:\/\/redsemlac.com\/semmexico\/wp-json\/wp\/v2\/categories?post=53759"},{"taxonomy":"post_tag","embeddable":true,"href":"https:\/\/redsemlac.com\/semmexico\/wp-json\/wp\/v2\/tags?post=53759"}],"curies":[{"name":"wp","href":"https:\/\/api.w.org\/{rel}","templated":true}]}}