{"id":53751,"date":"2022-07-27T15:04:19","date_gmt":"2022-07-27T21:04:19","guid":{"rendered":"https:\/\/redsemlac.com\/semmexico\/?p=53751"},"modified":"2023-07-21T19:10:06","modified_gmt":"2023-07-22T00:10:06","slug":"maria-elena-rios-nuevamente-victima-ahora-de-censura-institucional-y-violencia-fisica","status":"publish","type":"post","link":"https:\/\/redsemlac.com\/semmexico\/maria-elena-rios-nuevamente-victima-ahora-de-censura-institucional-y-violencia-fisica\/","title":{"rendered":"Mar\u00eda Elena R\u00edos nuevamente v\u00edctima, ahora de censura institucional y violencia f\u00edsica"},"content":{"rendered":"\n<ul class=\"wp-block-list\"><li><strong>Fue desalojada de manera arbitraria por decenas de polic\u00edas del espacio donde se desarrollaba la Guelaguetza Oficial 2022.<\/strong><strong><\/strong><\/li><li><strong>La saxofonista es sobreviviente de tentativa de feminicidio.<\/strong><strong><\/strong><\/li><\/ul>\n\n\n\n<p class=\"wp-block-paragraph\"><strong>Redacci\u00f3n<\/strong><\/p>\n\n\n\n<p class=\"wp-block-paragraph\">SemM\u00e9xico, Oaxaca, 27 de julio del 2022.- Diversas organizaciones feministas de la sociedad civil, organizaciones y \u00a0mujeres indignadas rechazan la agresi\u00f3n de la cual fue v\u00edctima la saxofonista oaxaque\u00f1a Mar\u00eda Elena R\u00edos por personal de Alejandro Murat Hinojosa este lunes durante la funci\u00f3n vespertina del primer lunes de la Guelaguetza 2022 cuando ejerc\u00eda su leg\u00edtimo derecho a la manifestaci\u00f3n.\u00a0<\/p>\n\n\n\n<p class=\"wp-block-paragraph\">Asimismo, respaldan la lucha de Mar\u00eda Elena R\u00edos, expresando profunda indignaci\u00f3n ante la censura institucional y condenan la violencia f\u00edsica que sufri\u00f3 al manifestarse en exigencia de justicia.&nbsp;&nbsp;<\/p>\n\n\n\n<p class=\"wp-block-paragraph\">Lo anterior, luego de que Mar\u00eda Elena mostr\u00f3 desde las gradas una manta con la leyenda <strong>\u201cOaxaca Feminicida\u201d,<\/strong> en alusi\u00f3n al incremento exacerbado de asesinatos de mujeres en Oaxaca.&nbsp; Como es del dominio p\u00fablico, en diversos videos se aprecia c\u00f3mo Mar\u00eda Elena R\u00edos de forma pac\u00edfica, expone la manta a manera de protesta ante la imparable violencia contra las mujeres, pero inmediatamente se acercan elementos de seguridad para censurarla y arrebatarle de manera violenta la manta.&nbsp;&nbsp;<\/p>\n\n\n\n<p class=\"wp-block-paragraph\">Posteriormente, Mar\u00eda Elena R\u00edos fue desalojada de manera arbitraria por decenas de polic\u00edas del espacio donde se desarrollaba la Guelaguetza Oficial 2022.&nbsp;<\/p>\n\n\n\n<p class=\"wp-block-paragraph\">La saxofonista es sobreviviente de tentativa de feminicidio; fue atacada con \u00e1cido en el a\u00f1o 2019 y desde entonces ha emprendido una larga batalla para que capturen y procesen a todos los autores materiales e intelectuales de la agresi\u00f3n.&nbsp;<\/p>\n\n\n\n<p class=\"wp-block-paragraph\">Ante esta situaci\u00f3n:<\/p>\n\n\n\n<ul class=\"wp-block-list\"><li>Respaldan la lucha de Mar\u00eda Elena R\u00edos, quien es sobreviviente de ataque de \u00e1cido y mantiene &nbsp;desde entonces una batalla para buscar justicia desde el a\u00f1o 2019.&nbsp;<\/li><\/ul>\n\n\n\n<ul class=\"wp-block-list\"><li>Responsabilizan al Gobierno de Alejandro Murat, de la vida, la seguridad y la integridad fisica y psicol\u00f3gica de Maria Elena R\u00edos y de su familia.<\/li><\/ul>\n\n\n\n<ul class=\"wp-block-list\"><li>Denuncian la protecci\u00f3n de Alejandro Murat Hinojosa a Juan Antonio Vera Hern\u00e1ndez quien se encuentra actualmente pr\u00f3fugo de la justicia; \u00e9l es hijo del exdiputado del PRI, Juan Antonio Vera Carrizal, hoy preso por su presunta participaci\u00f3n intelectual en la agresi\u00f3n contra Mar\u00eda Elena R\u00edos.&nbsp;<\/li><\/ul>\n\n\n\n<ul class=\"wp-block-list\"><li>Exigen al Fiscal General del Estado de Oaxaca, Arturo Peimbert Calvo, que ejecute la orden de aprehensi\u00f3n en contra de Juan Antonio Vera Hern\u00e1ndez.<\/li><\/ul>\n\n\n\n<ul class=\"wp-block-list\"><li>Demandan una investigaci\u00f3n y sanci\u00f3n inmediata al abuso de poder que se cometi\u00f3 este lunes al agredir a Mar\u00eda Elena R\u00edos, toda vez que existen videos p\u00fablicos que hacen evidente la identidad de los agresores y de sus superiores jer\u00e1rquicos.&nbsp;&nbsp;<\/li><\/ul>\n\n\n\n<ul class=\"wp-block-list\"><li>Denuncian la c\u00f3mplicidad que ha caracterizado la administraci\u00f3n de Alejandro Murat Hinojosa en \u00e9ste y todos los casos de violencia contra las mujeres, toda vez que desde el 1 de diciembre del 2016 a la fecha, son la impunidad, la injusticia, la corrupci\u00f3n, el abuso de poder y la frivolidad lo que ha destacado en la administraci\u00f3n actual.&nbsp;<\/li><\/ul>\n\n\n\n<ul class=\"wp-block-list\"><li>Y en ese sentido, llamamos a toda la sociedad oaxaque\u00f1a y a las mujeres a expresar libremente su indignaci\u00f3n por el Oaxaca feminicida y la impunidad.<\/li><\/ul>\n\n\n\n<p class=\"has-text-align-center wp-block-paragraph\">\u00a1<strong>No nos callar\u00e1n!<\/strong><\/p>\n\n\n\n<p class=\"has-text-align-center wp-block-paragraph\"><strong>\u00a1Si tocan a una nos tocan a todas!<\/strong><\/p>\n\n\n\n<p class=\"has-text-align-center wp-block-paragraph\"><strong>\u00a1Si tocan a una respondemos todas!<\/strong><\/p>\n\n\n\n<p class=\"has-text-align-center wp-block-paragraph\">#NoEstamosTodas<\/p>\n\n\n\n<p class=\"has-text-align-center wp-block-paragraph\">#AltoAlosFeminicidios<\/p>\n\n\n\n<p class=\"has-text-align-center wp-block-paragraph\"><strong>Atentamente<\/strong>:<\/p>\n\n\n\n<h2 class=\"wp-block-heading\">Firmas de organizaciones, organizaciones feministas:<\/h2>\n\n\n\n<ul class=\"wp-block-list\"><li>Colectiva Mujer Nueva<\/li><li>Colectiva Feminista Nayarit<\/li><li>Colectiva \u201cMaestras de la 22\u201d<\/li><li>Tequio Jur\u00eddico A.C.<\/li><li>Centro Universitario Comunal de San Antonio Huitepec<\/li><li>Organizaciones Indias por los Derechos Humanos en Oaxaca (OIDHO)<\/li><li>Servicios para una Educaci\u00f3n Alternativa A.C. (EDUCA)<\/li><li>Centro de Apoyo para la Educaci\u00f3n y Creatividad \u201cCalpulli\u201d, A.C.<\/li><li>Consorcio para el Di\u00e1logo Parlamentario y la Equidad Oaxaca, A.C.<\/li><li>Ojo de Agua Comunicaci\u00f3n<\/li><li>Centro de Apoyo al Movimiento Popular Oaxaque\u00f1o, A.C. (CAMPO)<\/li><li>Grupo de Estudios sobre la Mujer \u201cRosario Castellanos\u201d (GESMujer)<\/li><li>Consejo Aut\u00f3nomo de las Mujeres de la Asamblea de la API<\/li><li>Uni\u00f3n Campesina Ind\u00edgena de Oaxaca \u201cEmiliano Zapata\u201d (UCIO-EZ)<\/li><li>Universidad de la Tierra Oaxaca (UNITIERRA)<\/li><li>Colectiva Chicatanas<\/li><li>Coordinadora Estatal de Padres de Familia Oaxaca<\/li><li>Servicios Universitarios y Redes de Conocimientos en Oaxaca, A.C. (SURCO)<\/li><li>Espiral por la Vida<\/li><li>Grupo de Mujeres Sabinas A.C.&nbsp;<\/li><li>La Archiva Audiovisual Feminista&nbsp;&nbsp;<\/li><li>Arte Colaborativo, A.C. (La Locomotora Foro Esc\u00e9nico)<\/li><li>La Campamenta&nbsp;<\/li><li>Colectiva Jur\u00eddica por la Dignidad Disidente (COJUDIDI)<\/li><li>Comit\u00e9 \u201cDami\u00e1n Gallardo Mart\u00ednez\u201d<\/li><li>Colectiva de Mujeres Forenses \u201cLa Wiccan Forense\u201d<\/li><li>Uni\u00f3n de Organizaciones de la Sierra Ju\u00e1rez, Oaxaca, Sociedad Civil (UNOJO &nbsp; &nbsp; SC)<\/li><li>Mujeres sin maquillaje. Yucat\u00e1n<\/li><li>Justicia Pro-Persona, A.C.<\/li><li>Justicieras Radicales Colectiva de mujeres en CDMX y la periferia.<\/li><li>Prietolog\u00edas \u00ae<\/li><li>Un D\u00eda Sin Mujeres<\/li><li>Arthemisas por la Equidad, AC<\/li><li>Observatorio Feminista Clara Zetkin (Sonora)<\/li><li>Colectiva Unistme\u00f1as (Oaxaca-Istmo)<\/li><li>Observatorio Ciudadano Nacional del Feminicidio (OCNF)<\/li><li>Siempreviva Mujeres con Autonom\u00eda A.C.<\/li><li>Uni\u00f3n de Organizaciones de la Sierra Ju\u00e1rez Oaxaca, S. C.<\/li><li>Red por los derechos sexuales y reproductivos, ddeser Oaxaca<\/li><li>Poder Prieto&nbsp;<\/li><li>Red nacional de juventudes afromexicanas<\/li><li>Comit\u00e9 de Defensa de los Derechos de los Pueblos de Oaxaca CODEPO<\/li><li>Red de mujeres Afrodescendientes CDMX<\/li><li>Red Mariposas de Mujeres Mixes<\/li><li>Colectiva amor no es violencia&nbsp;<\/li><li>Luna del Sur<\/li><li>BASTA RACISMO MX<\/li><li>Colectiva de Estudios Feministas May\u00e9. Cuauht\u00e9moc, Chihuahua.&nbsp;<\/li><li>Proyecto Medusa&nbsp;<\/li><li>Achicopaladas<\/li><li>Visi\u00f3n Jur\u00eddica<\/li><li>Proyecto WITCH (Women Inspired to Tell their Collective History) Mujeres inspiradas para contar su historia colectiva<\/li><li>Themis, Mujeres Juristas, ONG<\/li><li>Feministas Ciudad del Carmen&nbsp;<\/li><li>C\u00edrculo Profesional para la Formaci\u00f3n con Equidad de G\u00e9nero, Nduva Ndandi, AC.<\/li><li>Seminario Movimientos Sociales, Estrategias y Alternativas en la Defensa de los Territorios.<\/li><li>Colegio Libre de Abogadas y Defensoras del Estado de Oaxaca.<\/li><li>Mujeres Ind\u00edgenas por CIARENA<\/li><li>Maya Sin Fronteras AC Zona Maya Quintana Roo<\/li><li>Observatorio de Violencia social y de g\u00e9nero en Campeche A. CAtenea de Incidencia Pol\u00edtica y Formaci\u00f3n Feminista&nbsp;<\/li><li>Movimiento Igualitario LGBTTTIQ+<\/li><li>Dignificando mi cuerpa, Te acompa\u00f1o<\/li><li>Colectiva Nahualas Feministas desde la periferia.<\/li><li>Grupo de acompa\u00f1amiento: Justicia Para Jacqueline&nbsp;<\/li><li>FemiCletas Oaxaca<\/li><li>Colectivo Agua de Rayo A.C<\/li><li>Colectiva Cam-Cai<\/li><li>Lilith Violeta&nbsp;<\/li><li>Centro de Estudios de la Regi\u00f3n Cuicateca<\/li><li>Justicia Violeta IPN<\/li><li>Colectiva Grupo de Acompa\u00f1amiento \u00abTodas Somos Elisa\u00bb&nbsp;<\/li><li>Vulv\u00edsima&nbsp;<\/li><li>Frente Nacional de Mujeres Contra Deudores Alimentarios -Aguascalientes-<\/li><li>Lo vamos a tirar Oaxaca<\/li><li>La Vochita Feminista<\/li><li>Mujeres Aut\u00f3nomas Organizadas Oaxaca<\/li><li>Acompa\u00f1ando a mi hermana-e&nbsp;<\/li><li>Mi \u00datero Feliz A.C.&nbsp;<\/li><li>Milpa Alta Sorece<\/li><li>Circulo Profesional para la formaci\u00f3n con la equidad de g\u00e9nero NDUVANDANDI, AC<\/li><li>Centro Cultural Patio Nayapi&nbsp;<\/li><li>Centro de estudios y fortalecimiento comunitario Mano Vuelta A.C.&nbsp;<\/li><li>Yo te creo. Por una ni\u00f1ez libre de violencias sexuales A.C<\/li><li>T\u00e9cnica de la Agenda de las Mujeres Teresa Manzanares Cruz por la Igualdad en Veracruz&nbsp;<\/li><li>AMIVER<\/li><li>Red Comunitaria Por Ti, Por M\u00ed, Por Todas.<\/li><li>Red Mujeres Violeta A C&nbsp;<\/li><li>Mujeres Unitierra Oaxaca<\/li><li>Comit\u00e9 de Derechos Humanos de Colima No Gubernamental<\/li><li>Centro de Derechos Humanos Tepeyac A. C<\/li><li>Colectiva Las Nietas de las Brujas que No Pudiste Quemar<\/li><li>Escuela para la Libertad de las Mujeres<\/li><li>Energ\u00eda Nuclear: Mujeres en la M\u00fasica&nbsp;<\/li><li>Madres Exigiendo Justicia&nbsp;<\/li><li>PSISMA. PSICOLOG\u00cdA Y SALUD MENTAL<\/li><li>Kibidka Ac&nbsp;<\/li><li>Infancia Com\u00fan A.C<\/li><li>Mujeres para mujeres.&nbsp; Nos\/otras<\/li><li>Colectiva Feminista &#8216;Mujeres Lilas\u00bb de Oaxaca&nbsp;<\/li><li>Cl\u00ednica de Atenci\u00f3n Psicol\u00f3gica CAPTA A.C.<\/li><li>Parteras Diosas de la Oxitocina<\/li><li>INDAA XHANI A.C.<\/li><li>Organizaci\u00f3n Uni\u00f3n y fuerza de Huitepec<\/li><li>IB\u00fa A\u00d1A<\/li><li>Maderas del Sureste, A.C.<\/li><li>Comit\u00e9 Nacional para la defensa de los Chimalapas<\/li><li>Radicalistas Vei\u2019i Savi de Santa Mar\u00eda Yucuhiti<\/li><li>Radio Puchumbaj de San Francisco del Mar Pueblo Viejo.<\/li><li>Veredas Psicosociales A.C.<\/li><li>Meraki: tejiendo comunidad A.c.<\/li><\/ul>\n\n\n\n<h2 class=\"wp-block-heading\"><strong>Suscriben a t\u00edtulo personal:<\/strong><\/h2>\n\n\n\n<ul class=\"wp-block-list\"><li>Josefina Aranda Bezaury<\/li><li>Elda Lara Espinoza&nbsp;<\/li><li>Ana Tejero Aranda<\/li><li>Roselia Guti\u00e9rrez Luis&nbsp;<\/li><li>Layda Rodr\u00edguez Torres<\/li><li>Ana Mar\u00eda Ch\u00e1vez Solano<ul><li>Raquel Ch\u00e1vez Solano<\/li><\/ul><\/li><li>Maricela Montero Andrade&nbsp;<\/li><li>Addy Guzm\u00e1n Ch\u00e1vez<\/li><li>Lubianka Guzm\u00e1n Ch\u00e1vez<\/li><li>G\u00e9nesis Barahona Santos<\/li><li>Olga Montes Garc\u00eda<\/li><li>Edith L\u00f3pez Nicol\u00e1s<\/li><li>Emilia Ortiz<\/li><li>Rona Miranda G\u00f3mez Jim\u00e9nez<\/li><li>Y\u00e9sica S\u00e1nchez Maya<\/li><li>Ana Mar\u00eda Hern\u00e1ndez C\u00e1rdenas&nbsp;<\/li><li>Okinawa Kenya Ortiz Flores<\/li><li>Luz Divina Coache Rivera&nbsp;<\/li><li>Juanita Molano V\u00e1squez<\/li><li>Luz Celia Estrada Ayala<\/li><li>Nikte Estrada Ayala<\/li><li>Korey Aquino<\/li><li>Noemi Ortiz Santiago<\/li><li>Felipa Cruz Zaragoza<\/li><li>Berenice F\u00e9lix Ben\u00edtez<\/li><li>Carmen Pacheco L\u00f3pez<\/li><li>Paulina C\u00f3rdova<\/li><li>Bel\u00e9n Gonz\u00e1lez Guzm\u00e1n<\/li><li>Clara Morales Rodr\u00edguez<\/li><li>Rosario Jim\u00e9nez N\u00fa\u00f1ez<\/li><li>Karen B. Canseco&nbsp;<\/li><li>Silvia N\u00fa\u00f1ez Esquer&nbsp;<\/li><li>Reyna Estela Reyes Melo<\/li><li>Pilar Muriedas Ju\u00e1rez&nbsp;<\/li><li>Nizayeejh Ch\u00e1vez Ch\u00e1vez&nbsp;<\/li><li>Atziri \u00c1vila<\/li><li>Tzinnia Carranza L\u00f3pez<\/li><li>Mar\u00eda de los \u00c1ngeles Flores Macedo&nbsp;<\/li><li>F\u00e1tima L\u00f3pez Soto<\/li><li>Ana Yeli P\u00e9rez Garrido<\/li><li>Francisca Duarte Ahumada&nbsp;<\/li><li>Leticia S\u00e1nchez<\/li><li>Garc\u00eda Cano Graciela<\/li><li>Irma Alma Ochoa Trevi\u00f1o<\/li><li>X\u00f3chitl Arteaga Villamil<\/li><li>Dayse Melissa Mart\u00ednez Silva&nbsp;<\/li><li>Maximina Reyna<\/li><li>Krhistina Giles<\/li><li>Dulce Enr\u00edquez<\/li><li>Cecilia Estrada<\/li><li>Ximena Roque&nbsp;<\/li><li>Denisse flores<\/li><li>Soledad Venegas Nava (Studio Mantis)<\/li><li>Ximena Avellaneda&nbsp;<\/li><li>Victoria Tenopala Ju\u00e1rez<\/li><li>Evitelia Pacheco Ram\u00edrez<\/li><li>Paola Morales V\u00e1squez<\/li><li>Sara Carrillo Uribe<\/li><li>Christel Klitbo<\/li><li>Bel\u00e9n Gonz\u00e1lez Guzm\u00e1n<\/li><li>Maira Apolinar Apolinar ANV<\/li><li>Dra. Virginia Ilescas Vela (UNISTMO Ixtepec Oaxaca)<\/li><li>Betzab\u00e9 Hern\u00e1ndez Miguel<\/li><li>Elizabeth Lorenzana Albino&nbsp;<\/li><li>Mayra Morales Aldaz&nbsp;<\/li><li>Karina Cruz R\u00edos&nbsp;<\/li><li>Martha Mar\u00eda Hern\u00e1ndez Franco<\/li><li>Araceli Osorio Mart\u00ednez<\/li><li>Lorena Batres Casta\u00f1eda&nbsp;<\/li><li>Carmen Marcela Diaz Reyes<\/li><li>Estefany Cuevas Ram\u00edrez&nbsp;<\/li><li>Victoria Jim\u00e9nez Isabel&nbsp;<\/li><li>Mar\u00eda Elena Medina Garc\u00eda&nbsp;<\/li><li>Aim\u00e9 Carolina Aguilar Torres&nbsp;<\/li><li>Laura G\u00f3mez S\u00e1nchez&nbsp;<\/li><li>Aketzalli V\u00e1squez Ram\u00edrez&nbsp;<\/li><li>Laura Susana Ch\u00eda P\u00e9rez<\/li><li>Reyna Castillo Martinez&nbsp;<\/li><li>Ana Isis Ram\u00edrez Pe\u00f1a<\/li><li>Elsa Conde<\/li><li>Laura G\u00f3mez Carre\u00f1o<\/li><li>Ang\u00e9lica Ayala Ortiz<\/li><li>Mercedes Fern\u00e1ndez Gonz\u00e1lez.<\/li><li>Tania Melchor G\u00f3mez&nbsp;&nbsp;<\/li><li>Nallely S\u00e1nchez Antonio&nbsp;<\/li><li>Rebeca Ramos Rella Comisi\u00f3n&nbsp;<\/li><li>Blanca Casta\u00f1\u00f3n Canals<\/li><li>Erin Manson Dunford&nbsp;<\/li><li>Laura C Kavanagh<\/li><li>Soledad Jarqu\u00edn Edgar&nbsp;<\/li><li>Diana Chang&nbsp;<\/li><li>Mariela Ramos<\/li><li>Carla Daniela Santiago V\u00e1zquez&nbsp;<\/li><li>Marisol Balbuena Delgado<\/li><li>Karen Andrea Mart\u00ednez Mart\u00ednez&nbsp;&nbsp;<\/li><li>Gabriela Silva Olivares<\/li><li>Marytrini Garc\u00eda Ram\u00edrez<\/li><li>Roc\u00edo Donaj\u00ed Barahona Casas<\/li><li>Melissa Donaj\u00ed Villasante Barahona&nbsp;<\/li><li>Dalia Araceli&nbsp;<\/li><li>Claudia Ver\u00f3nica Maldonado Cruz<\/li><li>Luz Angelica Hernandez<\/li><li>Avelina Fonseca&nbsp;<\/li><li>Teresa Manzanares Cruz&nbsp;<\/li><li>Yamel de Escondrillas Abraham<\/li><li>Vania Guti\u00e9rrez Barrera&nbsp;<\/li><li>Mar\u00eda Teresa Yescas Navarro&nbsp;<\/li><li>Nayhelli Aquino Rojas<\/li><li>Blanca Estela Ch\u00e1vez Garc\u00eda&nbsp;<\/li><li>Yuli Rodr\u00edguez, Productora<\/li><li>Jessica Ch\u00e1vez Madrid&nbsp;<\/li><li>Donaj\u00ed Quintas Arista<\/li><li>Bibiana Camacho L\u00f3pez&nbsp;<\/li><li>Sicar\u00fa Isabel Jim\u00e9nez \u00c1lvarez&nbsp;<\/li><li>F\u00e1tima Jim\u00e9nez Hern\u00e1ndez<\/li><li>Michelle Alexandra Jim\u00e9nez Bautista<\/li><li>Claudia Ram\u00edrez Iz\u00facar<\/li><li>Briseyda Hermenegildo&nbsp;<\/li><li>Alejandra G\u00e1lvez&nbsp;<\/li><li>Mar\u00eda Teresa Yescas Navarro&nbsp;<\/li><li>Mildret Sainz&nbsp;<\/li><li>Naxhielli Ruiz Arreola<\/li><li>Luvia Arreola Garc\u00eda&nbsp;<\/li><li>Isabel Alonso Santos<\/li><li>Sicar\u00fa Isabel Jim\u00e9nez \u00c1lvarez<\/li><li>Marcela Villase\u00f1or&nbsp;<\/li><li>Mar\u00eda Guadalupe Bola\u00f1os Ceja&nbsp;<\/li><li>Mar\u00eda Teresa Ram\u00edrez Ceballos<\/li><li>Sof\u00eda Jardines&nbsp;<\/li><li>Violeta Zylberberg Panebianco&nbsp;<\/li><li>Nubia Am\u00e9rica Elena Adame becerra<\/li><li>Adina Barrera Hern\u00e1ndez&nbsp;<\/li><li>Ingrid Guerrero&nbsp;<\/li><li>Alma Cruz Castellanos<\/li><li>Hazel Dur\u00e1n<\/li><li>Adriana Mej\u00eda Ortega&nbsp;<\/li><li>Guadalupe Carolina Santaella Rivas&nbsp;<\/li><li>Gloria Irene Ponce quezada<\/li><li>Claudette Santillana Contreras<\/li><li>Dolores Z\u00e1rate&nbsp;<\/li><li>Roc\u00edo Guadalupe V\u00e1squez Dom\u00ednguez<\/li><li>Frida Bel\u00e9n Quintas Arista<\/li><li>Silvia Careli L\u00f3pez Falf\u00e1n&nbsp;<\/li><li>Erika Rosario Garc\u00eda Mart\u00ednez&nbsp;<\/li><li>Gabriela Carrasco Escobar<\/li><li>Victoria de los \u00c1ngeles Garc\u00eda L\u00f3pez<\/li><li>Mar\u00eda Elena Belmonte Cruz<\/li><li>Cristina Adriana M\u00e9ndez M\u00e9ndez&nbsp;<\/li><li>Ma del Carmen Garc\u00eda Garc\u00eda<\/li><li>Mar\u00eda Leticia Brise\u00f1o Maas<\/li><li>Virginia Barr\u00f3n Quiroz<\/li><li>Osiris Cruz Lavariega&nbsp;<\/li><li>Karla Magali Ram\u00edrez Murillo&nbsp;<\/li><li>Ant\u00edgona Segura Peralta&nbsp;<\/li><li>Massabi Mart\u00ednez Carrasquedo<\/li><li>Libertad Garc\u00eda Sanabria&nbsp;<\/li><li>Araceli Gil Archundia<\/li><li>Natasha Arguete<\/li><li>Nallely Guadalupe Tello M\u00e9ndez<\/li><li>Karla Vega Uribe<\/li><li>Gema Liliana Gonz\u00e1lez P\u00e9rez&nbsp;<\/li><li>Alexia Toledo Jim\u00e9nez<\/li><li>Alen Alejandra Heredia Espitia<\/li><li>Sandra Karina Gonz\u00e1lez Ram\u00edrez<\/li><li>Andrea Lezama Bonilla&nbsp;<\/li><li>Dennise Adriana Pacheco Martinez&nbsp;<\/li><li>Marycruz Martinez Morales&nbsp;<\/li><li>Mar\u00eda Antonieta Martinez Morales&nbsp;<\/li><li>Nosomy Mora Martinez&nbsp;<\/li><li>Mar\u00eda Julieta Martinez Morales&nbsp;<\/li><li>Mar\u00eda del Refugio Martinez Morales&nbsp;<\/li><li>Sandra Escutia D\u00edaz<\/li><li>Carolina Pe\u00f1acar<\/li><li>Angelica Luna Torres&nbsp;<\/li><li>Sof\u00eda Barrera<\/li><li>Anel Fern\u00e1ndez Zempoalteca.<\/li><li>Claudia Leticia Morales Palacio&nbsp;<\/li><li>Felicitas Donaj\u00ed Garc\u00eda Garc\u00eda&nbsp;<\/li><li>Ricarda Ram\u00edrez Juli\u00e1n<\/li><li>Marina Alejandra Dorado Olivas<\/li><li>Niz Yamille G\u00f3mez Hern\u00e1ndez&nbsp;<\/li><li>Aline Castellanos<\/li><li>Zenaida P\u00e9rez Guti\u00e9rrez&nbsp;<\/li><li>Jazm\u00edn Gonz\u00e1lez&nbsp;<\/li><li>Tania L\u00f3pez Gonz\u00e1lez<\/li><li>Blanca Edith Velasco Striever<\/li><li>Mariana Libertad Espinoza&nbsp;<\/li><li>Fernanda Zarraga&nbsp;<\/li><li>Beatriz Vela<\/li><li>Carolina Pe\u00f1a<\/li><li>Susana G\u00f3mez&nbsp;<\/li><li>Iveth Hern\u00e1ndez Santos&nbsp;<\/li><li>Alesi Ch\u00e1vez<\/li><li>Yajaira Flores Romero&nbsp;<\/li><li>Staurofila Genoveva Solano Ponce&nbsp;<\/li><li>Teresita Solano Ponce<\/li><li>Bellanira L\u00f3pez S\u00e1nchez<\/li><li>Silvia Gabriela Hern\u00e1ndez Salinas<\/li><li>Angela V\u00e1squez Ruiz<\/li><li>Doris Ver\u00f3nica Carmona Dom\u00ednguez<\/li><li>Huguet Cuevas&nbsp;<\/li><li>Alessandra Galimberti<\/li><li>Yesica N\u00fa\u00f1ez V\u00e1zquez<\/li><li>\u00darsula Hern\u00e1ndez Rodr\u00edguez&nbsp;<\/li><li>Paola Ma. Sesia&nbsp;<\/li><li>Viridiana Garc\u00eda&nbsp;<\/li><li>Zoila R\u00edos Coca<\/li><li>Yolanda Barranco Hern\u00e1ndez<\/li><li>Itandehui Santiago Galicia<\/li><li>Elia Diaz Gonz\u00e1lez<\/li><li>Guadalupe Regino<\/li><li>Irma Santiago Crist\u00f3bal<\/li><li>Virginia D\u00edaz Gonz\u00e1lez<\/li><li>Tania Santill\u00e1n Sampedro<\/li><li>Francisca Hern\u00e1ndez Morales<\/li><li>Citlalli M\u00e9ndez Altamirano<\/li><li>Yanet Velasco Santiago<\/li><li>Silvia Ram\u00edrez Nolasco<\/li><li>Deisy Ortiz L\u00f3pez<\/li><li>Edna Aurora Velasco Santiago&nbsp;<\/li><li>Anita Mar\u00eda Bayer<\/li><li>Staurofila Genoveva Solano Ponce<\/li><li>Teresita Solano Ponce<\/li><li>Paola Sesia<\/li><li>Karen Joselyn Vargas Sosa<\/li><li>M\u00f3nica G\u00f3mez Hern\u00e1ndez<\/li><li>Irma Lorena M\u00e1rquez Torres<\/li><\/ul>\n\n\n\n<p class=\"wp-block-paragraph\">SEM\/MG<\/p>\n","protected":false},"excerpt":{"rendered":"<p>Fue desalojada de manera arbitraria por decenas de polic\u00edas del espacio donde se desarrollaba la Guelaguetza Oficial 2022.<\/p>\n","protected":false},"author":3,"featured_media":53752,"comment_status":"open","ping_status":"open","sticky":false,"template":"","format":"standard","meta":{"_monsterinsights_skip_tracking":false,"footnotes":""},"categories":[693,54],"tags":[],"class_list":["post-53751","post","type-post","status-publish","format-standard","has-post-thumbnail","category-693","category-mujeres"],"_links":{"self":[{"href":"https:\/\/redsemlac.com\/semmexico\/wp-json\/wp\/v2\/posts\/53751","targetHints":{"allow":["GET"]}}],"collection":[{"href":"https:\/\/redsemlac.com\/semmexico\/wp-json\/wp\/v2\/posts"}],"about":[{"href":"https:\/\/redsemlac.com\/semmexico\/wp-json\/wp\/v2\/types\/post"}],"author":[{"embeddable":true,"href":"https:\/\/redsemlac.com\/semmexico\/wp-json\/wp\/v2\/users\/3"}],"replies":[{"embeddable":true,"href":"https:\/\/redsemlac.com\/semmexico\/wp-json\/wp\/v2\/comments?post=53751"}],"version-history":[{"count":0,"href":"https:\/\/redsemlac.com\/semmexico\/wp-json\/wp\/v2\/posts\/53751\/revisions"}],"wp:featuredmedia":[{"embeddable":true,"href":"https:\/\/redsemlac.com\/semmexico\/wp-json\/wp\/v2\/media\/53752"}],"wp:attachment":[{"href":"https:\/\/redsemlac.com\/semmexico\/wp-json\/wp\/v2\/media?parent=53751"}],"wp:term":[{"taxonomy":"category","embeddable":true,"href":"https:\/\/redsemlac.com\/semmexico\/wp-json\/wp\/v2\/categories?post=53751"},{"taxonomy":"post_tag","embeddable":true,"href":"https:\/\/redsemlac.com\/semmexico\/wp-json\/wp\/v2\/tags?post=53751"}],"curies":[{"name":"wp","href":"https:\/\/api.w.org\/{rel}","templated":true}]}}