{"id":53748,"date":"2022-07-27T14:52:59","date_gmt":"2022-07-27T20:52:59","guid":{"rendered":"https:\/\/redsemlac.com\/semmexico\/?p=53748"},"modified":"2023-07-21T19:10:06","modified_gmt":"2023-07-22T00:10:06","slug":"acceso-digno-a-la-salud-de-las-mujeres-privadas-de-su-libertad-geovanna-de-la-torre-banuelos-senadora","status":"publish","type":"post","link":"https:\/\/redsemlac.com\/semmexico\/acceso-digno-a-la-salud-de-las-mujeres-privadas-de-su-libertad-geovanna-de-la-torre-banuelos-senadora\/","title":{"rendered":"Acceso digno a la salud de las mujeres privadas de su libertad: Geovanna de la Torre Ba\u00f1uelos, senadora"},"content":{"rendered":"\n<ul class=\"wp-block-list\"><li><strong>11 mil 724 mujeres se encuentran en el Sistema Penitenciario Federal y Estatales.<\/strong><\/li><li><strong>La situaci\u00f3n de vulnerabilidad que viven d\u00eda a d\u00eda va desde la no atenci\u00f3n a m\u00faltiples enfermedades hasta no poder llevar con dignidad un correcto control de su menstruaci\u00f3n.<\/strong><\/li><\/ul>\n\n\n\n<p class=\"wp-block-paragraph\"><strong>Micaela M\u00e1rquez<\/strong><\/p>\n\n\n\n<p class=\"wp-block-paragraph\">SemM\u00e9xico, Ciudad de M\u00e9xico, 27 de julio del 2022.- La senadora Geovanna Ba\u00f1uelos de la Torre present\u00f3 una iniciativa para que todas las mujeres privadas de su libertad tengan acceso y atenci\u00f3n digna para su salud, por lo que propuso modificar diversas disposiciones de la Ley Nacional de Ejecuci\u00f3n Penal.<\/p>\n\n\n\n<p class=\"wp-block-paragraph\">Actualmente son 11 mil 724 mujeres de las 211 mil 154 personas que se encuentran en el Sistema Penitenciario Federal y Estatales de acuerdo a datos del 2021.<\/p>\n\n\n\n<p class=\"wp-block-paragraph\">En el documento inscrito en la Gaceta Parlamentaria de la Comisi\u00f3n Permanente, la legisladora refiere que \u201cla situaci\u00f3n de vulnerabilidad que viven d\u00eda a d\u00eda las mujeres privadas de su libertad va desde la no atenci\u00f3n a m\u00faltiples enfermedades hasta no poder llevar con dignidad un correcto control de su menstruaci\u00f3n por falta de art\u00edculos b\u00e1sicos para la higiene \u00edntima personal\u201d.<\/p>\n\n\n\n<p class=\"wp-block-paragraph\">La iniciativa busca que adem\u00e1s de contar cuando menos con un m\u00e9dico responsable, un auxiliar t\u00e9cnico sanitario y un odont\u00f3logo, se deber\u00e1 contar con un psic\u00f3logo y con un m\u00e9dico ginec\u00f3logo mujer.&nbsp;<\/p>\n\n\n\n<p class=\"wp-block-paragraph\">Busca incorporar como derecho de las mujeres privadas de su libertad su acceso a la atenci\u00f3n m\u00e9dica a trav\u00e9s de la realizaci\u00f3n de jornadas de salud cada dos meses en los centros penitenciarios.&nbsp;<\/p>\n\n\n\n<p class=\"wp-block-paragraph\">Propone incluir en la lista de suministros que deben proveer en los centros penitenciarios que las reclusas cuenten con agua corriente salubre, aceptable, asequible, ininterrumpida, as\u00ed como productos de gesti\u00f3n menstrual y art\u00edculos de aseo e higiene personal.&nbsp;<\/p>\n\n\n\n<p class=\"wp-block-paragraph\">Plantea que la autoridad penitenciaria deber\u00e1 capacitar de manera continua al personal m\u00e9dico, de seguridad y custodia de los establecimientos penitenciarios desde un enfoque de g\u00e9nero y de derechos humanos.&nbsp;<\/p>\n\n\n\n<p class=\"wp-block-paragraph\">Geovanna Ba\u00f1uelos de la Torre sostiene que esta iniciativa es una invitaci\u00f3n a la empat\u00eda para solidarizarnos con las mujeres mexicanas que han sido privadas de su libertad, quienes ven limitado su acceso a la salud.&nbsp;<\/p>\n\n\n\n<p class=\"wp-block-paragraph\">Expresa que \u201cen el Grupo Parlamentario del Partido del Trabajo creen firmemente en los derechos humanos, por lo que siempre estar\u00e1n a favor de la protecci\u00f3n, garant\u00eda y progresividad de derechos de todas las personas y, en especial, de las mujeres\u201d.<\/p>\n\n\n\n<p class=\"wp-block-paragraph\">Asevera que combatir la falta de derechos en los sistemas penitenciarios en M\u00e9xico es la clave para poder hablar de una verdadera reinserci\u00f3n social.&nbsp;<\/p>\n\n\n\n<p class=\"wp-block-paragraph\">La iniciativa que reforma la fracci\u00f3n XXV del art\u00edculo 3, la fracci\u00f3n V del art\u00edculo 10, el inciso II del art\u00edculo 76 y el art\u00edculo 78 y adiciona un nuevo p\u00e1rrafo al art\u00edculo 14, todos ellos de la Ley Nacional de Ejecuci\u00f3n Penal, fue turnada a las comisiones unidas de Justicia y de Estudios Legislativos, Segunda, de la C\u00e1mara de Senadores, para su an\u00e1lisis y posterior dictamen.&nbsp;<\/p>\n\n\n\n<p class=\"wp-block-paragraph\">SEM\/MG<\/p>\n","protected":false},"excerpt":{"rendered":"<p>11 mil 724 mujeres se encuentran en el Sistema Penitenciario Federal y Estatales.<\/p>\n","protected":false},"author":3,"featured_media":53749,"comment_status":"open","ping_status":"open","sticky":false,"template":"","format":"standard","meta":{"_monsterinsights_skip_tracking":false,"footnotes":""},"categories":[693,50],"tags":[],"class_list":["post-53748","post","type-post","status-publish","format-standard","has-post-thumbnail","category-693","category-congreso"],"_links":{"self":[{"href":"https:\/\/redsemlac.com\/semmexico\/wp-json\/wp\/v2\/posts\/53748","targetHints":{"allow":["GET"]}}],"collection":[{"href":"https:\/\/redsemlac.com\/semmexico\/wp-json\/wp\/v2\/posts"}],"about":[{"href":"https:\/\/redsemlac.com\/semmexico\/wp-json\/wp\/v2\/types\/post"}],"author":[{"embeddable":true,"href":"https:\/\/redsemlac.com\/semmexico\/wp-json\/wp\/v2\/users\/3"}],"replies":[{"embeddable":true,"href":"https:\/\/redsemlac.com\/semmexico\/wp-json\/wp\/v2\/comments?post=53748"}],"version-history":[{"count":0,"href":"https:\/\/redsemlac.com\/semmexico\/wp-json\/wp\/v2\/posts\/53748\/revisions"}],"wp:featuredmedia":[{"embeddable":true,"href":"https:\/\/redsemlac.com\/semmexico\/wp-json\/wp\/v2\/media\/53749"}],"wp:attachment":[{"href":"https:\/\/redsemlac.com\/semmexico\/wp-json\/wp\/v2\/media?parent=53748"}],"wp:term":[{"taxonomy":"category","embeddable":true,"href":"https:\/\/redsemlac.com\/semmexico\/wp-json\/wp\/v2\/categories?post=53748"},{"taxonomy":"post_tag","embeddable":true,"href":"https:\/\/redsemlac.com\/semmexico\/wp-json\/wp\/v2\/tags?post=53748"}],"curies":[{"name":"wp","href":"https:\/\/api.w.org\/{rel}","templated":true}]}}