{"id":53745,"date":"2022-07-27T14:49:58","date_gmt":"2022-07-27T20:49:58","guid":{"rendered":"https:\/\/redsemlac.com\/semmexico\/?p=53745"},"modified":"2023-07-21T19:10:06","modified_gmt":"2023-07-22T00:10:06","slug":"se-incrementan-las-agresiones-a-las-defensoras-de-los-derechos-humanos-en-mexico","status":"publish","type":"post","link":"https:\/\/redsemlac.com\/semmexico\/se-incrementan-las-agresiones-a-las-defensoras-de-los-derechos-humanos-en-mexico\/","title":{"rendered":"Se incrementan las agresiones a las defensoras de los derechos humanos en M\u00e9xico"},"content":{"rendered":"\n<ul class=\"wp-block-list\"><li><strong>IM-Defensoras lamenta la muerte de las activistas Luz Raquel Padilla en Guadalajara y Brenda Jazm\u00edn Beltr\u00e1n en Sonora.<\/strong><\/li><\/ul>\n\n\n\n<p class=\"wp-block-paragraph\"><strong>Elda Montiel<\/strong><\/p>\n\n\n\n<p class=\"wp-block-paragraph\">SemM\u00e9xico. Ciudad de M\u00e9xico, 27 de julio 2022.- La Iniciativa Mesoamericana de Mujeres de Derechos Humanos (IM-Defensoras) expreso dolor ante la muerte de dos defensoras mexicanas ocurrida hace unos d\u00edas;&nbsp; Luz Raquel Padilla Guti\u00e9rrez, rociada con alcohol y quemada en un parque p\u00fablico en Zapopan, Jalisco y Brenda Jazm\u00edn Beltr\u00e1n cuyo cuerpo fue hallado tras haber sido asesinada en el Estado de Sonora.<\/p>\n\n\n\n<p class=\"wp-block-paragraph\">Las dos activistas; Luz Raquel Padilla Guti\u00e9rrez cuidadora primaria de su hijo de 11 a\u00f1os, diagnosticado con autismo severo, activista en la colectiva Yo Cuido M\u00e9xico y en la asociaci\u00f3n civil Familias y Retos Extraordinarios \u201cBienvenido Holanda.<\/p>\n\n\n\n<p class=\"wp-block-paragraph\">Brenda Jazm\u00edn Beltr\u00e1n llevaba tres a\u00f1os y 8 meses en la b\u00fasqueda de su hermano Luis Heraldo Beltr\u00e1n, quien fue privado de su libertad por un grupo armado en diciembre de 2018 en la comunidad de B\u00e1cum. Era parte de las Guerreras Buscadoras Cajeme.<\/p>\n\n\n\n<p class=\"wp-block-paragraph\">En lo que va del a\u00f1o han sido asesinadas en M\u00e9xico 6 defensoras de derechos humanos y una periodista, se\u00f1ala IM-Defensoras.<\/p>\n\n\n\n<p class=\"wp-block-paragraph\">La violencia contra las defensoras de los Derechos Humanos de la regi\u00f3n que comprende adem\u00e1s de M\u00e9xico, los pa\u00edses de El Salvador, Guatemala, Honduras y Nicaragua ha documentado en el primer semestre de este a\u00f1o, 1,897 agresiones contra 404 defensoras.<\/p>\n\n\n\n<p class=\"wp-block-paragraph\">Destaca que el mes de junio se incrementaron las agresiones a las defensoras y sus organizaciones y las principales agresiones provienen de autoridades de todos los niveles y polic\u00edas.<\/p>\n\n\n\n<p class=\"wp-block-paragraph\">En el mes de junio fue asesinada la defensora trans Camila Bolocco. Era una activista chilena trans que vino a M\u00e9xico a colaborar con distintas asociaciones de derechos humanos. Su cuerpo fue hallado en su departamento de la alcald\u00eda Benito Ju\u00e1rez de la Ciudad de M\u00e9xico. &nbsp;<\/p>\n\n\n\n<p class=\"wp-block-paragraph\">El mayor n\u00famero de agresiones es a las defensoras por el derecho a la verdad, la justicia y la reparaci\u00f3n con el 21 por ciento y por los derechos de las mujeres en 20 por ciento. Las periodista que defienden el derecho a la libertad de expresi\u00f3n, un 17 por ciento,&nbsp; y las defensoras de la tierra, el territorio y los bienes naturales, un 17 por ciento.<\/p>\n\n\n\n<p class=\"wp-block-paragraph\">Destaca que la mitad de estos ataques provienen por autoridades p\u00fablicas de todos los niveles de gobierno -estatal, local, federal, seguidas de la polic\u00eda. Otro grupo relevante de perpetradores son personas desconocidas con frecuencia se vinculan con agresiones en el entorno digital.<\/p>\n\n\n\n<p class=\"wp-block-paragraph\">La IM-Defensoras es una articulaci\u00f3n formada por la Colectiva Feminista para el Desarrollo Local (El Salvador), Consorcio para el Di\u00e1logo Parlamentario y la Equidad Oaxaca (M\u00e9xico), JASS-Mesoam\u00e9rica y las redes nacionales de defensoras de El Salvador, Honduras, M\u00e9xico y Nicaragua, las cuales en conjunto articulan a m\u00e1s de 2,000 mujeres defensoras de derechos humanos.<\/p>\n","protected":false},"excerpt":{"rendered":"<p>IM-Defensoras lamenta la muerte de las activistas Luz Raquel Padilla en Guadalajara y Brenda Jazm\u00edn Beltr\u00e1n en Sonora.<\/p>\n","protected":false},"author":3,"featured_media":53746,"comment_status":"open","ping_status":"open","sticky":false,"template":"","format":"standard","meta":{"_monsterinsights_skip_tracking":false,"footnotes":""},"categories":[693,47,48],"tags":[],"class_list":["post-53745","post","type-post","status-publish","format-standard","has-post-thumbnail","category-693","category-no-mas-impunidad","category-no-mas-impunidad-no-mas-impunidad"],"_links":{"self":[{"href":"https:\/\/redsemlac.com\/semmexico\/wp-json\/wp\/v2\/posts\/53745","targetHints":{"allow":["GET"]}}],"collection":[{"href":"https:\/\/redsemlac.com\/semmexico\/wp-json\/wp\/v2\/posts"}],"about":[{"href":"https:\/\/redsemlac.com\/semmexico\/wp-json\/wp\/v2\/types\/post"}],"author":[{"embeddable":true,"href":"https:\/\/redsemlac.com\/semmexico\/wp-json\/wp\/v2\/users\/3"}],"replies":[{"embeddable":true,"href":"https:\/\/redsemlac.com\/semmexico\/wp-json\/wp\/v2\/comments?post=53745"}],"version-history":[{"count":0,"href":"https:\/\/redsemlac.com\/semmexico\/wp-json\/wp\/v2\/posts\/53745\/revisions"}],"wp:featuredmedia":[{"embeddable":true,"href":"https:\/\/redsemlac.com\/semmexico\/wp-json\/wp\/v2\/media\/53746"}],"wp:attachment":[{"href":"https:\/\/redsemlac.com\/semmexico\/wp-json\/wp\/v2\/media?parent=53745"}],"wp:term":[{"taxonomy":"category","embeddable":true,"href":"https:\/\/redsemlac.com\/semmexico\/wp-json\/wp\/v2\/categories?post=53745"},{"taxonomy":"post_tag","embeddable":true,"href":"https:\/\/redsemlac.com\/semmexico\/wp-json\/wp\/v2\/tags?post=53745"}],"curies":[{"name":"wp","href":"https:\/\/api.w.org\/{rel}","templated":true}]}}