{"id":53742,"date":"2022-07-27T14:38:40","date_gmt":"2022-07-27T20:38:40","guid":{"rendered":"https:\/\/redsemlac.com\/semmexico\/?p=53742"},"modified":"2023-07-21T19:10:06","modified_gmt":"2023-07-22T00:10:06","slug":"graves-deficiencias-sistematicas-en-la-informacion-del-feminicidio-de-luz-raquel-organizaciones-feministas","status":"publish","type":"post","link":"https:\/\/redsemlac.com\/semmexico\/graves-deficiencias-sistematicas-en-la-informacion-del-feminicidio-de-luz-raquel-organizaciones-feministas\/","title":{"rendered":"Graves deficiencias sistem\u00e1ticas en la informaci\u00f3n del feminicidio de Luz Raquel: organizaciones feministas"},"content":{"rendered":"\n<ul class=\"wp-block-list\"><li><strong>Fiscal de Jalisco revictimiza, criminaliza y desacredita a Luz Raquel.<\/strong><strong><\/strong><\/li><li><strong>CLADEM y OCNF exigen se adopten de manera urgente las medidas necesarias para garantizar que se investiguen y se resuelvan con debida diligencia y exhaustividad<\/strong><strong><\/strong><\/li><\/ul>\n\n\n\n<p class=\"wp-block-paragraph\"><strong>Analy Nu\u00f1o<\/strong><\/p>\n\n\n\n<p class=\"wp-block-paragraph\">SemM\u00e9xico, Guadalajara, Jalisco, 27 de Julio del 2022.- El Comit\u00e9 de Am\u00e9rica Latina y el Caribe para la Defensa de los Derechos Humanos de las Mujeres (CLADEM Jalisco) y el Observatorio Ciudadano Nacional del Feminicidio (OCNF), denunciaron graves deficiencias sistem\u00e1ticas en la informaci\u00f3n que dio a conocer el, Luis M\u00e9ndez en el caso de Luz Raquel Padilla criminaliz\u00e1ndola y desacredit\u00e1ndola.<\/p>\n\n\n\n<p class=\"wp-block-paragraph\">Luego de que el fiscal hiciera p\u00fablica informaci\u00f3n que forma parte de la carpeta de investigaci\u00f3n y que infiriera una autoagresi\u00f3n de Luz Raquel &#8211; quien falleci\u00f3 a consecuencia de las quemaduras provocadas en un ataque directo-, ambas organizaciones fijaron un posicionamiento en el exigen se sancione la filtraci\u00f3n de los videos, una cobertura sin amarillismo y se investigue el feminicidio con un debido proceso.&nbsp;<\/p>\n\n\n\n<p class=\"wp-block-paragraph\">\u00abViolenta el debido proceso y obstaculiza el acceso a la justicia conforme a derecho para Luz Raquel Padilla y su menor hijo.\u201d&nbsp;<\/p>\n\n\n\n<p class=\"wp-block-paragraph\">CLADEM Jalisco advirti\u00f3 que la informaci\u00f3n presentada en la rueda de prensa no se desprende de una investigaci\u00f3n cient\u00edfica de los delitos en torno al feminicidio de Luz, lo que revela las graves deficiencias sistem\u00e1ticas.&nbsp;<\/p>\n\n\n\n<p class=\"wp-block-paragraph\">Adem\u00e1s que la l\u00ednea del tiempo de la investigaci\u00f3n presentada por Fiscal\u00eda est\u00e1 enfocada en desacreditar, criminalizar y revictimizar a Luz Raquel Padilla y su familia al exponer y difundir videos de los que no se tiene conocimiento de ser fidedignos y no alterados y se criminaliza a la v\u00edctima al no solo desacreditar el ataque de odio que culmin\u00f3 en feminicidio, si no al presentar \u201cevidencia\u201d que apuntala a la v\u00edctima como su propia agresora.&nbsp;<\/p>\n\n\n\n<p class=\"wp-block-paragraph\">\u00abAl desacreditar el feminicidio de Luz Raquel y tratar de criminilizarla, condona la violencia contra las mujeres y env\u00eda un mensaje de impunidad que deja la puerta abierta a m\u00e1s agresores para seguir perpetuando conductas violentas contra las mujeres\u00bb, se\u00f1alan.&nbsp;<\/p>\n\n\n\n<p class=\"wp-block-paragraph\">Frente a \u00e9stas omisiones, CLADEM y el Observatorio exigen a la Fiscal\u00eda de Jalisco, al Gobierno del estado, a los medios de comunicaci\u00f3n, y a todos los \u00f3rdenes de gobierno:<\/p>\n\n\n\n<ul class=\"wp-block-list\"><li>Se investigue y sancione la filtraci\u00f3n de los videos de Luz Raquel expuestos en la rueda de prensa, mismos que promueven el inter\u00e9s centrado en el morbo, la revictimizaci\u00f3n y la brutalidad del crimen.\u00a0<\/li><\/ul>\n\n\n\n<ul class=\"wp-block-list\"><li>Se adopten de manera urgente las medidas necesarias para garantizar que se investiguen y se resuelvan con debida diligencia y exhaustividad, as\u00ed como la investigaci\u00f3n y sanci\u00f3n al funcionariado p\u00fablico, las estructuras sistem\u00e1ticas e institucionales que solapan y normalizan la violencia contra las mujeres, ni\u00f1as y adolescentes en Jalisco.\u00a0<\/li><\/ul>\n\n\n\n<ul class=\"wp-block-list\"><li>Se esclarezcan los hechos denunciados relacionados al feminicidio de Luz, mediante un debido proceso con perspectiva de g\u00e9nero, investigaciones cient\u00edficas y en su caso, se declare la existencia del delito, se castigue al culpable, se realice la reparaci\u00f3n del da\u00f1o y se proteja de manera vitalicia al su menor hijo con autismo.<\/li><\/ul>\n\n\n\n<ul class=\"wp-block-list\"><li>A todas las autoridades estatales y municipales para que en el \u00e1mbito de sus competencias realicen las acciones necesarias para que el caso no quede impune y la familia de Luz Raquel no quede a\u00fan m\u00e1s indefensa.<\/li><\/ul>\n\n\n\n<ul class=\"wp-block-list\"><li>Coberturas period\u00edsticas del caso de Luz Raquel con perspectiva de g\u00e9nero y derechos humanos, con la finalidad de salvaguardar su dignidad y evitar su revictimizaci\u00f3n, as\u00ed como el castigo a quienes induzcan a la violencia mediante coberturas amarillistas y polarizantes.\u00a0<\/li><\/ul>\n\n\n\n<ul class=\"wp-block-list\"><li>No difundir material sensible que revictimiza y atenta contra la dignidad de Luz Raquel y de sus familiares, sobre todo su menor hijo.<\/li><\/ul>\n\n\n\n<ul class=\"wp-block-list\"><li>Se giren y se implementen \u00f3rdenes de protecci\u00f3n inmediatas, efectivas y adecuadas al menor hijo de Luz Raquel y su familia, as\u00ed como a la familia del presunto culpable, al estar siendo v\u00edctimas de amenazas de muerte y mensajes de odio, que podr\u00edan culminar en m\u00e1s y mayores p\u00e9rdidas.\u00a0<\/li><\/ul>\n\n\n\n<p class=\"wp-block-paragraph\">SEM\/MG<\/p>\n","protected":false},"excerpt":{"rendered":"<p>Fiscal de Jalisco revictimiza, criminaliza y desacredita a Luz Raquel.<\/p>\n","protected":false},"author":3,"featured_media":53743,"comment_status":"open","ping_status":"open","sticky":false,"template":"","format":"standard","meta":{"_monsterinsights_skip_tracking":false,"footnotes":""},"categories":[693,54],"tags":[],"class_list":["post-53742","post","type-post","status-publish","format-standard","has-post-thumbnail","category-693","category-mujeres"],"_links":{"self":[{"href":"https:\/\/redsemlac.com\/semmexico\/wp-json\/wp\/v2\/posts\/53742","targetHints":{"allow":["GET"]}}],"collection":[{"href":"https:\/\/redsemlac.com\/semmexico\/wp-json\/wp\/v2\/posts"}],"about":[{"href":"https:\/\/redsemlac.com\/semmexico\/wp-json\/wp\/v2\/types\/post"}],"author":[{"embeddable":true,"href":"https:\/\/redsemlac.com\/semmexico\/wp-json\/wp\/v2\/users\/3"}],"replies":[{"embeddable":true,"href":"https:\/\/redsemlac.com\/semmexico\/wp-json\/wp\/v2\/comments?post=53742"}],"version-history":[{"count":0,"href":"https:\/\/redsemlac.com\/semmexico\/wp-json\/wp\/v2\/posts\/53742\/revisions"}],"wp:featuredmedia":[{"embeddable":true,"href":"https:\/\/redsemlac.com\/semmexico\/wp-json\/wp\/v2\/media\/53743"}],"wp:attachment":[{"href":"https:\/\/redsemlac.com\/semmexico\/wp-json\/wp\/v2\/media?parent=53742"}],"wp:term":[{"taxonomy":"category","embeddable":true,"href":"https:\/\/redsemlac.com\/semmexico\/wp-json\/wp\/v2\/categories?post=53742"},{"taxonomy":"post_tag","embeddable":true,"href":"https:\/\/redsemlac.com\/semmexico\/wp-json\/wp\/v2\/tags?post=53742"}],"curies":[{"name":"wp","href":"https:\/\/api.w.org\/{rel}","templated":true}]}}