{"id":5374,"date":"2018-12-04T18:28:38","date_gmt":"2018-12-04T18:28:38","guid":{"rendered":"https:\/\/redsemlac.com\/semmexico\/?p=5374"},"modified":"2023-07-21T14:34:44","modified_gmt":"2023-07-21T19:34:44","slug":"hace-21-anos-se-entrego-a-griselda-alvarez-ponce-de-leon","status":"publish","type":"post","link":"https:\/\/redsemlac.com\/semmexico\/hace-21-anos-se-entrego-a-griselda-alvarez-ponce-de-leon\/","title":{"rendered":"Hace 21 a\u00f1os se entreg\u00f3 a Griselda \u00c1lvarez Ponce de Le\u00f3n"},"content":{"rendered":"\n<p class=\"wp-block-paragraph\"><a href=\"https:\/\/www.semmexico.com\/gallery-post.php?id=3562#\">Redacci\u00f3n<\/a><\/p>\n\n\n\n<p class=\"wp-block-paragraph\">SemM\u00e9xico, Cd. de M\u00e9xico, 4 diciembre 2017. La ambientalista y acad\u00e9mica de la UNAM Julia Carabias Lillo recibir\u00e1 la Medalla \u201cBelisario Dom\u00ednguez\u201d del Senado de la Rep\u00fablica, \u201cpor sus aportaciones en defensa de la ecolog\u00eda, por su compromiso con las causas ambientales del pa\u00eds y por su labor en divulgaci\u00f3n cient\u00edfica\u201d.<br><br>La semana pasada la Comisi\u00f3n de la Medalla Belisario Dom\u00ednguez, que preside el senador Roberto Albores Gleason, aval\u00f3 por unanimidad otorgar la medalla a Julia Carabias, por lo que el dictamen ser\u00e1 presentado este martes en sesi\u00f3n del Pleno del Senado para su aprobaci\u00f3n y el pr\u00f3ximo 6 de diciembre el Presidente de la Rep\u00fablica, Enrique Pe\u00f1a Nieto, entregar\u00e1 la presea a la galardonada en Sesi\u00f3n Solemne.<br><br>As\u00ed, Julia Carabias ser\u00e1 la sexta mujer en recibir la Medalla Belisario Dom\u00ednguez, despu\u00e9s de que hace 21 a\u00f1os la obtuviera la pol\u00edtica Griselda \u00c1lvarez Ponce de Le\u00f3n, quien fue la primera mujer electa gobernadora de un estado de la Rep\u00fablica, Colima.<br><br>En 1954, en su primera edici\u00f3n, la medalla fue entregada a la maestra Rosaura Zapata Cano; en 1963, a la impresora revolucionaria Mar\u00eda Hern\u00e1ndez Zarco; en 1969, a Mar\u00eda C\u00e1mara Vales, viuda de Pino Su\u00e1rez, quien la recibi\u00f3 \u201cen honor a las labores realizadas por Pino Su\u00e1rez\u201d; en 1985 la presea fue otorgada a la ex senadora Mar\u00eda Lavalle Urbina; y en 1996, a la pol\u00edtica Griselda \u00c1lvarez Ponce de Le\u00f3n.<br><br>Para la edici\u00f3n 2017, la comisi\u00f3n dictaminadora del m\u00e1ximo reconocimiento que hace el Senado de la Rep\u00fablica a las mexicanas y a los mexicanos que hacen aportaciones relevantes en favor del pa\u00eds, se\u00f1al\u00f3 la importancia de las tareas emprendidas por Julia Carabias por la sustentabilidad, la divulgaci\u00f3n y el conocimiento sobre el ambiente, plantear alternativas de futuro con verdadero desarrollo humano; son tareas imprescindibles para un M\u00e9xico pr\u00f3spero, democr\u00e1tico y justo.<br><br>Adem\u00e1s que es la primera vez que la medalla Belisario Dom\u00ednguez se le entrega a una ambientalista, a una mujer de ciencia y de administraci\u00f3n, pero sobre todo a una ambientalista, indic\u00f3 el senador Roberto Albores Gleason.<br><br>De igual forma, el legislador priista detall\u00f3 que la Comisi\u00f3n recibi\u00f3 49 propuestas de candidatos y candidatas a recibir la medalla 2017, de las cuales destacan 19 mujeres que han aportado sus servicios al pa\u00eds, entre ellas la poeta Rosario Castellanos, la escritora Elena Poniatowska, la pol\u00edtica Ifigenia Mart\u00ednez, y la pintora Leonora Carrington.<br><br>El dictamen destaca que Julia Carabias es bi\u00f3loga por la Universidad Nacional Aut\u00f3noma de M\u00e9xico (UNAM), y se ha desempe\u00f1ado como una luchadora constante desde la academia, la administraci\u00f3n p\u00fablica y la militancia por la defensa del medioambiente y del desarrollo sustentable; adem\u00e1s que fue la primera Secretaria de Recursos Naturales y Pesca (1994).<br><br>Por su parte, en un comunicado, la UNAM destac\u00f3 la trayectoria de Julia Carabias, quien actualmente es profesora de la Facultad de Ciencias (FC) y \u201cha realizado un incansable trabajo en favor del medio ambiente, en particular en la Selva Lacandona, en Chiapas\u201d.<br><br>Julia Carabias realiz\u00f3 sus estudios de licenciatura y posgrado (1973-1981) en Biolog\u00eda en la Facultad de Ciencias de la UNAM; ha impartido cursos desde 1977 en la FC, as\u00ed como en otras instituciones acad\u00e9micas, en materia de ecolog\u00eda, manejo de recursos naturales, restauraci\u00f3n ambiental, conservaci\u00f3n de ecosistemas y pol\u00edticas p\u00fablicas.<br><br>\u201cSus investigaciones se han publicado en m\u00e1s de una centena de textos en los temas de regeneraci\u00f3n de selvas tropicales, restauraci\u00f3n ambiental, manejo de recursos naturales, ecolog\u00eda y sistemas productivos, cuentas patrimoniales, cambio global, pobreza y medio ambiente, manejo del agua, conservaci\u00f3n de ecosistemas y pol\u00edtica ambiental\u201d.<br><br>\u201cHa presentado trabajos e impartido conferencias en congresos y m\u00faltiples foros tanto nacionales como internacionales. Entre 1984 y 1994, coordin\u00f3 el Programa de Investigaci\u00f3n y Desarrollo Rural de Aprovechamiento Integral de Recursos Naturales, y trabaj\u00f3 de 1994 al 2000 como secretaria del Medio Ambiente en el gobierno de Ernesto Zedillo\u201d, subray\u00f3 la UNAM.<br><br>SEM\/am\/lr<\/p>\n","protected":false},"excerpt":{"rendered":"<p>Redacci\u00f3n SemM\u00e9xico, Cd. de M\u00e9xico, 4 diciembre 2017. La ambientalista y acad\u00e9mica de la UNAM Julia Carabias Lillo recibir\u00e1 la Medalla \u201cBelisario Dom\u00ednguez\u201d del Senado de la Rep\u00fablica, \u201cpor sus aportaciones en defensa de la ecolog\u00eda, por su compromiso con las causas ambientales del pa\u00eds y por su labor en divulgaci\u00f3n cient\u00edfica\u201d. La semana pasada [&hellip;]<\/p>\n","protected":false},"author":3,"featured_media":5375,"comment_status":"open","ping_status":"open","sticky":false,"template":"","format":"standard","meta":{"_monsterinsights_skip_tracking":false,"footnotes":""},"categories":[689,50],"tags":[],"class_list":["post-5374","post","type-post","status-publish","format-standard","has-post-thumbnail","category-689","category-congreso"],"_links":{"self":[{"href":"https:\/\/redsemlac.com\/semmexico\/wp-json\/wp\/v2\/posts\/5374","targetHints":{"allow":["GET"]}}],"collection":[{"href":"https:\/\/redsemlac.com\/semmexico\/wp-json\/wp\/v2\/posts"}],"about":[{"href":"https:\/\/redsemlac.com\/semmexico\/wp-json\/wp\/v2\/types\/post"}],"author":[{"embeddable":true,"href":"https:\/\/redsemlac.com\/semmexico\/wp-json\/wp\/v2\/users\/3"}],"replies":[{"embeddable":true,"href":"https:\/\/redsemlac.com\/semmexico\/wp-json\/wp\/v2\/comments?post=5374"}],"version-history":[{"count":0,"href":"https:\/\/redsemlac.com\/semmexico\/wp-json\/wp\/v2\/posts\/5374\/revisions"}],"wp:featuredmedia":[{"embeddable":true,"href":"https:\/\/redsemlac.com\/semmexico\/wp-json\/wp\/v2\/media\/5375"}],"wp:attachment":[{"href":"https:\/\/redsemlac.com\/semmexico\/wp-json\/wp\/v2\/media?parent=5374"}],"wp:term":[{"taxonomy":"category","embeddable":true,"href":"https:\/\/redsemlac.com\/semmexico\/wp-json\/wp\/v2\/categories?post=5374"},{"taxonomy":"post_tag","embeddable":true,"href":"https:\/\/redsemlac.com\/semmexico\/wp-json\/wp\/v2\/tags?post=5374"}],"curies":[{"name":"wp","href":"https:\/\/api.w.org\/{rel}","templated":true}]}}