{"id":53739,"date":"2022-07-27T11:16:37","date_gmt":"2022-07-27T17:16:37","guid":{"rendered":"https:\/\/redsemlac.com\/semmexico\/?p=53739"},"modified":"2023-07-21T19:10:07","modified_gmt":"2023-07-22T00:10:07","slug":"congreso-pide-acciones-urgentes-para-combatir-la-violencia-contra-las-mujeres","status":"publish","type":"post","link":"https:\/\/redsemlac.com\/semmexico\/congreso-pide-acciones-urgentes-para-combatir-la-violencia-contra-las-mujeres\/","title":{"rendered":"Congreso pide acciones urgentes para combatir la violencia contra las mujeres"},"content":{"rendered":"\n<ul class=\"wp-block-list\"><li><strong>Urge implementar medidas con perspectiva de g\u00e9nero.<\/strong><\/li><li><strong>Deben contar con mecanismos eficientes para investigar y sancionar a las autoridades que no cumplen con sus obligaciones de erradicar la violencia de g\u00e9nero.<\/strong><strong><\/strong><\/li><\/ul>\n\n\n\n<p class=\"wp-block-paragraph\"><strong>Elda Montiel<\/strong><\/p>\n\n\n\n<p class=\"wp-block-paragraph\">SemM\u00e9xico, Ciudad de M\u00e9xico, 27 de julio del 2022.- Ante la violencia de g\u00e9nero que permea todo el pa\u00eds, las y los legisladores de la Primera Comisi\u00f3n de Gobernaci\u00f3n, Puntos Constitucionales y de Justicia Permanente, que preside la senadora Luc\u00eda Meza Guzm\u00e1n, aprobaron dict\u00e1menes para exhortar a la Fiscal\u00eda General de la Republica y a los gobiernos de Jalisco y Chihuahua para implementar medidas urgentes con perspectiva de g\u00e9nero.<\/p>\n\n\n\n<p class=\"wp-block-paragraph\">En la b\u00fasqueda inmediata de mujeres, ni\u00f1as y adolescentes desaparecidas, y para la investigaci\u00f3n de los delitos de feminicidio el exhorto a la Fiscal\u00eda es para que, en coordinaci\u00f3n con las 32 fiscal\u00edas del pa\u00eds, armonicen los protocolos especializados, con perspectiva de g\u00e9nero.<\/p>\n\n\n\n<figure class=\"wp-block-embed alignleft is-type-wp-embed is-provider-semm-eacute-xico wp-block-embed-semm-eacute-xico\"><div class=\"wp-block-embed__wrapper\">\n<blockquote class=\"wp-embedded-content\" data-secret=\"wF50oAX07p\"><a href=\"https:\/\/redsemlac.com\/semmexico\/feminicidios-alcanzan-mayor-numero-desde-2015\/\">13 mil 626 mujeres en el pa\u00eds han sido asesinadas en lo que va del gobierno actual<\/a><\/blockquote><iframe loading=\"lazy\" class=\"wp-embedded-content\" sandbox=\"allow-scripts\" security=\"restricted\" style=\"position: absolute; visibility: hidden;\" title=\"\u00ab&lt;strong&gt;13 mil 626 mujeres en el pa\u00eds han sido asesinadas &lt;\/strong&gt;&lt;strong&gt;en lo que va del gobierno actual&lt;\/strong&gt;\u00bb \u2014 SemM\u00e9xico\" src=\"https:\/\/redsemlac.com\/semmexico\/feminicidios-alcanzan-mayor-numero-desde-2015\/embed\/#?secret=EGSSzYHk4w#?secret=wF50oAX07p\" data-secret=\"wF50oAX07p\" width=\"600\" height=\"338\" frameborder=\"0\" marginwidth=\"0\" marginheight=\"0\" scrolling=\"no\"><\/iframe>\n<\/div><\/figure>\n\n\n\n<p class=\"wp-block-paragraph\">Al Gobierno de Jalisco le piden implementar acciones urgentes con perspectiva de g\u00e9nero para combatir la violencia e inseguridad en la entidad y al gobierno de Chihuahua para que instrumente una pol\u00edtica eficaz de combate a la violencia contra mujeres, ni\u00f1as y adolescentes.<\/p>\n\n\n\n<p class=\"wp-block-paragraph\">Mientras a la Secretar\u00eda de Gobernaci\u00f3n lo exhortan a conformar al Grupo Interinstitucional y multidisciplinario en relaci\u00f3n con la Alerta de Violencia de G\u00e9nero establecida en el municipio de Ecatepec, Estado de M\u00e9xico.<\/p>\n\n\n\n<p class=\"wp-block-paragraph\">En el dictamen destacaron que datos del Secretariado Ejecutivo del Sistema Nacional de Seguridad Publica, de enero a marzo de 2022, reportan un total de 385 feminicidios, en el que el Estado de M\u00e9xico es la entidad con el mayor n\u00famero de delitos registrados con 61; Nuevo Le\u00f3n con 48 y Veracruz con 36, refirieron en el dictamen.&nbsp;<\/p>\n\n\n\n<p class=\"wp-block-paragraph\">Las y los legisladores subrayaron que se debe contar con mecanismos eficientes para investigar y sancionar a las autoridades que no cumplen con sus obligaciones de erradicar la violencia de g\u00e9nero. &nbsp;<\/p>\n\n\n\n<p class=\"wp-block-paragraph\">Coincidieron en la necesidad de capacitar al personal ministerial en la materia y trabajar en planes de coordinaci\u00f3n entre las dependencias de los estados en cumplimiento a las recomendaciones de los organismos internacionales.&nbsp;<\/p>\n\n\n\n<p class=\"wp-block-paragraph\">SEM\/MG<\/p>\n","protected":false},"excerpt":{"rendered":"<p>Urge implementar medidas con perspectiva de g\u00e9nero.<\/p>\n","protected":false},"author":3,"featured_media":53740,"comment_status":"open","ping_status":"open","sticky":false,"template":"","format":"standard","meta":{"_monsterinsights_skip_tracking":false,"footnotes":""},"categories":[693,50],"tags":[],"class_list":["post-53739","post","type-post","status-publish","format-standard","has-post-thumbnail","category-693","category-congreso"],"_links":{"self":[{"href":"https:\/\/redsemlac.com\/semmexico\/wp-json\/wp\/v2\/posts\/53739","targetHints":{"allow":["GET"]}}],"collection":[{"href":"https:\/\/redsemlac.com\/semmexico\/wp-json\/wp\/v2\/posts"}],"about":[{"href":"https:\/\/redsemlac.com\/semmexico\/wp-json\/wp\/v2\/types\/post"}],"author":[{"embeddable":true,"href":"https:\/\/redsemlac.com\/semmexico\/wp-json\/wp\/v2\/users\/3"}],"replies":[{"embeddable":true,"href":"https:\/\/redsemlac.com\/semmexico\/wp-json\/wp\/v2\/comments?post=53739"}],"version-history":[{"count":0,"href":"https:\/\/redsemlac.com\/semmexico\/wp-json\/wp\/v2\/posts\/53739\/revisions"}],"wp:featuredmedia":[{"embeddable":true,"href":"https:\/\/redsemlac.com\/semmexico\/wp-json\/wp\/v2\/media\/53740"}],"wp:attachment":[{"href":"https:\/\/redsemlac.com\/semmexico\/wp-json\/wp\/v2\/media?parent=53739"}],"wp:term":[{"taxonomy":"category","embeddable":true,"href":"https:\/\/redsemlac.com\/semmexico\/wp-json\/wp\/v2\/categories?post=53739"},{"taxonomy":"post_tag","embeddable":true,"href":"https:\/\/redsemlac.com\/semmexico\/wp-json\/wp\/v2\/tags?post=53739"}],"curies":[{"name":"wp","href":"https:\/\/api.w.org\/{rel}","templated":true}]}}