{"id":53736,"date":"2022-07-27T11:04:18","date_gmt":"2022-07-27T17:04:18","guid":{"rendered":"https:\/\/redsemlac.com\/semmexico\/?p=53736"},"modified":"2023-07-21T19:10:07","modified_gmt":"2023-07-22T00:10:07","slug":"feminicidio-de-luz-raquel-responsabilidad-de-las-autoridades-estatales","status":"publish","type":"post","link":"https:\/\/redsemlac.com\/semmexico\/feminicidio-de-luz-raquel-responsabilidad-de-las-autoridades-estatales\/","title":{"rendered":"Feminicidio de Luz Raquel, responsabilidad de las autoridades estatales"},"content":{"rendered":"\n<ul class=\"wp-block-list\"><li><strong>Observatorio Ciudadano Nacional del Feminicidio (OCNF) exige acciones necesarias para que el caso no quede impune.<\/strong><\/li><li><strong>Gobernador de Jalisco, Enrique Alfaro declar\u00f3,&nbsp; \u201clos feminicidios en el estado se encuentran por debajo de la media nacional\u201d.<\/strong><\/li><\/ul>\n\n\n\n<p class=\"wp-block-paragraph\"><strong>M\u00f3nica G\u00f3mez<\/strong><\/p>\n\n\n\n<p class=\"wp-block-paragraph\">SemM\u00e9xico, Ciudad de M\u00e9xico, 27 de julio del 2022.- Acciones de intolerancia social, falta de empat\u00eda, discriminaci\u00f3n y odio desmedido, dieron lugar a diversas amenazas de muerte que culminaron en el atroz feminicidio de Luz Raquel el pasado 16 de julio perpetrado en manos de sus vecinos \u00bfLa raz\u00f3n? Ser madre de un ni\u00f1o de 11 a\u00f1os de edad en condici\u00f3n de autismo, quien al parecer, los \u201cmolestaba\u201d con dicha condici\u00f3n.<\/p>\n\n\n\n<p class=\"wp-block-paragraph\">Cabe se\u00f1alar que Luz Raquel fue atacada previamente con cloro, lo que en s\u00ed ya reflejaba la sa\u00f1a y brutalidad de las agresiones en su contra. Asimismo, en reiteradas ocasiones obstaculizan su libre tr\u00e1nsito y le dejaban mensajes en las paredes a trav\u00e9s de los cuales la hostigaban y violentaban tambi\u00e9n de manera psicol\u00f3gica. Hechos que no fueron suficientes para otorgarle protecci\u00f3n por medio del Pulso de Vida.<\/p>\n\n\n\n<p class=\"wp-block-paragraph\">Por lo anterior, el Observatorio Ciudadano Nacional del Feminicidio (OCNF), manifiesta indignaci\u00f3n ante el feminicidio de Luz Raquel Padilla, integrante de la Red Latinoamericana #YoCuido.<\/p>\n\n\n\n<p class=\"wp-block-paragraph\">Es del conocimiento que Luz Raquel recibi\u00f3 diversas amenazas de muerte y agresiones previas a su feminicidio, las cuales fueron denunciadas ante las autoridades estatales, adem\u00e1s de denunciarlas en otros medios, como las redes sociales.<\/p>\n\n\n\n<p class=\"wp-block-paragraph\">A pesar de que el Gobernador de Jalisco tiene otros datos, en el 2021, 268 mujeres fueron asesinadas, solo 68 casos se investigan como feminicidio y se registraron 518 delitos de violaci\u00f3n. Por otra parte, el Registro Nacional de Personas Desaparecidas y No Localizadas (RNPDNO) informa que del 01 de enero al 26 de julio de 2022 fueron desaparecidas o est\u00e1n como no localizadas 95 mujeres, y en el 2021, 469 mujeres fueron desaparecidas.<\/p>\n\n\n\n<p class=\"wp-block-paragraph\">El Gobernador de Jalisco, Enrique Alfaro, declar\u00f3 el pasado 21 de julio que los feminicidios en el estado se encuentran por debajo de la media nacional, lo cual gener\u00f3 indignaci\u00f3n en las familias de las v\u00edctimas, defensoras y organizaciones de la sociedad civil locales y nacionales pues el contexto de la violencia feminicida, obliga a las autoridades a actuar de manera pronta y expedita, as\u00ed fuese un solo feminicidio. Aunado a la entelequia del representante del Gobierno de Jalisco, la Fiscal\u00eda declar\u00f3 que Luz Raquel \u201cpudo auto agredirse\u201d.<\/p>\n\n\n\n<p class=\"wp-block-paragraph\">La inacci\u00f3n de las autoridades fomenta la continuidad de los delitos de g\u00e9nero en Jalisco. De acuerdo a las cifras del Sistema Nacional de Seguridad P\u00fablica (SESNSP) de enero a junio del 2022, 98 mujeres fueron asesinadas, solo 17 casos se investigan como feminicidio. En ese mismo periodo se han registrado&nbsp; 241 delitos de violaci\u00f3n.<\/p>\n\n\n\n<p class=\"wp-block-paragraph\">Este contexto, evidencia el nivel de&nbsp; la violencia feminicida que enfrentan las mujeres en el estado y la falta de implementaci\u00f3n de las medidas de la Declaratoria de la Alerta de Violencia de G\u00e9nero, la cual fue emitida el 20 de noviembre de 2018.<\/p>\n\n\n\n<p class=\"wp-block-paragraph\">Ante ello, el Observatorio Ciudadano Nacional del Feminicidio (OCNF) insta a las autoridades estatales y municipales para que en el \u00e1mbito de sus competencias realicen las acciones necesarias para que el caso no quede impune y la familia de Luz Raquel no quede a\u00fan m\u00e1s indefensa.<\/p>\n\n\n\n<p class=\"wp-block-paragraph\">-Al Gobernador del Estado se le exhorta a no emitir declaraciones que pudieran minimizar la problem\u00e1tica del feminicidio en el estado, y a que impulse el cumplimiento cabal de las medidas dictadas en el marco de la AVGM. Priorizando la asignaci\u00f3n transparente de los recursos necesarios, personal capacitado&nbsp; y sensible en perspectiva de g\u00e9nero, materiales, etc. a fin de que el derecho de las mujeres a una vida libre de violencia sea una realidad.<\/p>\n\n\n\n<p class=\"wp-block-paragraph\">-A la Fiscal\u00eda General del Estado de Jalisco se le emite un llamado para que el caso de Luz Raquel sea investigado como feminicidio, es reprobable que la investigaci\u00f3n culpabilice y revictimice a la v\u00edctima por lo que es necesario que se realice el debido proceso, la debida diligencia, una investigaci\u00f3n exhaustiva, plena, oficiosa, con perspectiva de g\u00e9nero y objetiva.<\/p>\n\n\n\n<p class=\"wp-block-paragraph\">-A las autoridades municipales se reitera que es necesario dimensionar la problem\u00e1tica de la violencia feminicida e implementar las medidas dictadas por la Secretar\u00eda de Gobernaci\u00f3n a trav\u00e9s de la Comisi\u00f3n Nacional para Prevenir y Erradicar la Violencia contra las Mujeres (CONAVIM) y la AVGM para Jalisco, a fin de contribuir a la erradicaci\u00f3n de la violencia contra las mujeres desde el \u00e1mbito local.<\/p>\n\n\n\n<p class=\"wp-block-paragraph\">-A la CONAVIM la petici\u00f3n de poner en marcha una metodolog\u00eda que permita evaluar el estado de las medidas e impulse las acciones necesarias para que todas las medidas sean implementadas a la brevedad de manera cabal.<\/p>\n\n\n\n<p class=\"wp-block-paragraph\">La violencia que estaba viviendo Luz Raquel fue ignorada y minimizada por las autoridades por lo que su feminicidio es una responsabilidad estatal que debe derivar no solo en la sanci\u00f3n de las y los funcionarios p\u00fablicos que fueron omisos, sino tambi\u00e9n en acciones que salvaguarden la integridad f\u00edsica y emocional de la madre y el hijo de Luz Raquel, de tal forma que sean reconocidas como v\u00edctimas y les sean garantizados sus derechos como tal.<\/p>\n\n\n\n<p class=\"wp-block-paragraph\">Lo m\u00e1s lamentable es que aun despu\u00e9s de muerta, sigue sufriendo de la violencia, ahora por parte de las autoridades ineficaces e insensibles.<\/p>\n\n\n\n<p class=\"wp-block-paragraph\">SEM\/MG<\/p>\n","protected":false},"excerpt":{"rendered":"<p>Acciones de intolerancia social, falta de empat\u00eda, discriminaci\u00f3n y odio desmedido, dieron lugar a diversas amenazas de muerte que culminaron en el atroz feminicidio de Luz Raquel el pasado 16 de julio perpetrado en manos de sus vecinos <\/p>\n","protected":false},"author":3,"featured_media":53737,"comment_status":"open","ping_status":"open","sticky":false,"template":"","format":"standard","meta":{"_monsterinsights_skip_tracking":false,"footnotes":""},"categories":[693,47,48],"tags":[],"class_list":["post-53736","post","type-post","status-publish","format-standard","has-post-thumbnail","category-693","category-no-mas-impunidad","category-no-mas-impunidad-no-mas-impunidad"],"_links":{"self":[{"href":"https:\/\/redsemlac.com\/semmexico\/wp-json\/wp\/v2\/posts\/53736","targetHints":{"allow":["GET"]}}],"collection":[{"href":"https:\/\/redsemlac.com\/semmexico\/wp-json\/wp\/v2\/posts"}],"about":[{"href":"https:\/\/redsemlac.com\/semmexico\/wp-json\/wp\/v2\/types\/post"}],"author":[{"embeddable":true,"href":"https:\/\/redsemlac.com\/semmexico\/wp-json\/wp\/v2\/users\/3"}],"replies":[{"embeddable":true,"href":"https:\/\/redsemlac.com\/semmexico\/wp-json\/wp\/v2\/comments?post=53736"}],"version-history":[{"count":0,"href":"https:\/\/redsemlac.com\/semmexico\/wp-json\/wp\/v2\/posts\/53736\/revisions"}],"wp:featuredmedia":[{"embeddable":true,"href":"https:\/\/redsemlac.com\/semmexico\/wp-json\/wp\/v2\/media\/53737"}],"wp:attachment":[{"href":"https:\/\/redsemlac.com\/semmexico\/wp-json\/wp\/v2\/media?parent=53736"}],"wp:term":[{"taxonomy":"category","embeddable":true,"href":"https:\/\/redsemlac.com\/semmexico\/wp-json\/wp\/v2\/categories?post=53736"},{"taxonomy":"post_tag","embeddable":true,"href":"https:\/\/redsemlac.com\/semmexico\/wp-json\/wp\/v2\/tags?post=53736"}],"curies":[{"name":"wp","href":"https:\/\/api.w.org\/{rel}","templated":true}]}}