{"id":5371,"date":"2017-12-06T18:26:54","date_gmt":"2017-12-06T18:26:54","guid":{"rendered":"https:\/\/redsemlac.com\/semmexico\/?p=5371"},"modified":"2023-07-21T14:27:35","modified_gmt":"2023-07-21T19:27:35","slug":"se-le-entrego-por-su-compromiso-con-las-causas-ambientales-y-su-labor-en-divulgacion-cientifica","status":"publish","type":"post","link":"https:\/\/redsemlac.com\/semmexico\/se-le-entrego-por-su-compromiso-con-las-causas-ambientales-y-su-labor-en-divulgacion-cientifica\/","title":{"rendered":"Se le entreg\u00f3 por su compromiso con las causas ambientales y su labor en divulgaci\u00f3n cient\u00edfica"},"content":{"rendered":"\n<p class=\"wp-block-paragraph\"><a href=\"https:\/\/www.semmexico.com\/gallery-post.php?id=3576#\">Alicia Mendoza<\/a><\/p>\n\n\n\n<p class=\"wp-block-paragraph\">SemM\u00e9xico, Cd. de M\u00e9xico, 6 diciembre 2017. Hoy, la bi\u00f3loga, ambientalista y acad\u00e9mica de la UNAM Julia Carabias Lillo se convirti\u00f3 en la sexta mujer en recibir la Medalla de Honor \u201cBelisario Dom\u00ednguez\u201d, que entrega el Senado de la Rep\u00fablica, por ser referente en la lucha por la sustentabilidad ambiental del desarrollo, \u201cpor sus aportaciones en defensa de la ecolog\u00eda, por su compromiso con las causas ambientales del pa\u00eds y por su labor en divulgaci\u00f3n cient\u00edfica\u201d.<br><br>En la Antigua sede del Senado, Casona de Xicot\u00e9ncatl, en Sesi\u00f3n Solemne, Julia Carabias fue galardonada con el m\u00e1ximo reconocimiento que hace la C\u00e1mara alta a las mexicanas y a los mexicanos que hacen aportaciones relevantes en favor del pa\u00eds, en presencia de Enrique Pe\u00f1a Nieto, presidente de la Rep\u00fablica; del presidente de la Suprema Corte de Justicia de la Naci\u00f3n, ministro Luis Mar\u00eda Aguilar Morales, y de los presidentes de ambas c\u00e1maras, diputado Jorge Carlos Ram\u00edrez Mar\u00edn, y el senador Ernesto Cordero Arroyo.<br><br>La doctora Julia Carabias afirm\u00f3 que los \u201ctemas ambientales deben de ser una pol\u00edtica de Estado. Tenemos un compromiso con los j\u00f3venes y con las futuras generaciones\u201d.<br><br>Destac\u00f3 que el pa\u00eds debe \u201cmodificar el rumbo para detener el deterioro y entregar mejores cuentas, consumos responsables, sistemas productivos, con criterios ambientales, un c\u00f3digo de \u00e9tica de respeto a la naturaleza, incorporaci\u00f3n de la biodiversidad en todas las pol\u00edticas p\u00fablicas de manera transversal, fortalecimiento de capacidades, participaci\u00f3n social, transparencia, rendici\u00f3n de cuentas, en todos estos temas y otros m\u00e1s, debemos seguir trabajando\u201d.<br><br>\u201cAunque hoy esta Medalla de Honor est\u00e1 recayendo sobre mi persona, la considero un reconocimiento a la vital importancia de la naturaleza y un medio ambiente sano que tiene en la construcci\u00f3n del pa\u00eds justo, equitativo, con bienestar social, principios por los que Belisario Dom\u00ednguez, ejemplar y heroicamente, entreg\u00f3 su vida en 1913\u201d.<br><br>Tambi\u00e9n repas\u00f3 el largo camino que ha recorrido durante m\u00e1s de cuatro d\u00e9cadas en el estudio de la evidencia cient\u00edfica sobre \u201cel deterioro que provoca el crecimiento econ\u00f3mico sin criterios ambientales\u201d, y se pronunci\u00f3 para que las pol\u00edticas p\u00fablicas no sigan fragmentadas, sectorial y tem\u00e1ticamente, y atiendan los problemas nacionales con una visi\u00f3n integral, territorial e interdisciplinaria, que respondan a los retos globales ambientales y sociales del siglo XXI.<br><br>Record\u00f3 que en el Senado est\u00e1 pendiente de dictaminaci\u00f3n una iniciativa sobre la Ley General de Biodiversidad, con la cual, dijo, se reforzar\u00edan los temas del \u201cmanejo de la vida silvestre, la restauraci\u00f3n, el ecoturismo, el manejo forestal sustentable, el ordenamiento territorial que permitan conciliar, en estas regiones, el desarrollo con la conservaci\u00f3n\u201d.<br><br>Insisti\u00f3 que las instituciones y los tres \u00f3rdenes de gobierno \u201crequieren mecanismos de coordinaci\u00f3n con transparencia y rendici\u00f3n de cuentas, as\u00ed como la apertura de espacios para la participaci\u00f3n de la sociedad. Las \u00e1reas naturales protegidas son los espacios que la naci\u00f3n decidi\u00f3 destinar a la conservaci\u00f3n de los ecosistemas naturales por la importancia por su biodiversidad y de los servicios ambientales que proveen\u201d.<br><br>Se\u00f1al\u00f3 la necesidad de consolidar y fortalecer a la instituci\u00f3n responsable de esas tareas, \u201cla Comisi\u00f3n Nacional de \u00c1reas Naturales Protegidas, incrementando sus recursos econ\u00f3micos y humanos, respald\u00e1ndola en su dif\u00edcil trabajo cotidiano\u201d.<br><br>Adem\u00e1s, Julia Carabias al afirmar que \u201cs\u00ed hay definitivamente alternativas a la crisis ambiental que vivimos\u201d, sostuvo que \u201cla actual ruta del desarrollo sustentable nos est\u00e1 llevando a un callej\u00f3n sin salida, y nos confronta con dos problemas \u00e9ticos: estamos limitando las opciones de las generaciones futuras, y estamos alterando las condiciones de vida del resto de los seres vivos, y quiz\u00e1s, el curso de la evoluci\u00f3n\u201d.<br><br>Debido a que \u201calgunas regiones de mayor pobreza del pa\u00eds coinciden con las de alta diversidad biol\u00f3gica, \u201cel incremento poblacional sigue siendo vertiginoso, y el resultado ha sido un c\u00edrculo vicioso de pobreza y deterioro ambiental\u201d, explic\u00f3.<br><br>Por lo que indic\u00f3 \u201cse requiere reforzar las pol\u00edticas poblacionales para que las mujeres con educaci\u00f3n, acceso a la informaci\u00f3n, a los servicios de salud reproductiva puedan tomar una decisi\u00f3n libre, informada y responsable sobre su maternidad. Necesitamos pol\u00edticas que abran oportunidades de educaci\u00f3n, empleo, sobre todo para las j\u00f3venes\u201d.<br><br>\u201cEl respeto a los derechos humanos incluidos los de las generaciones futuras, el reconocimiento del valor intr\u00ednseco de la naturaleza y el principio precautorio, son elementos que nos permitir\u00e1n construir una nueva cultura y una nueva de desarrollo en nuestro siglo. De eso se trata el desarrollo sustentable, y para lograrlo se requieren cambios muy sustantivos\u201d, dijo Julia Carabias.<br><br>Mientras que afuera de la Casona de Xicot\u00e9ncatl, cientos de personas y organizaciones realizaban una manifestaci\u00f3n en contra de la Ley de Seguridad interior, Julia Carabias se pronunci\u00f3 sobre este tema y solicit\u00f3 \u201cabrir un debate profundo, incluyente que permita encontrar una salida que reconozca la labor realizada por las fuerzas armadas, intente reconstruir la seguridad y revertir el espiral de la violencia, y al mismo tiempo, impulse alternativas en la procuraci\u00f3n civil de justicia para fortalecer la democracia, la seguridad p\u00fablica, el Estado de derecho y el respeto a los derechos humanos, todo ello en consonancia con nuestra Constituci\u00f3n\u201d.<br><br>A nombre del Senado de la Rep\u00fablica, el senador Zo\u00e9 Robledo Aburto, destac\u00f3 la labor de la cient\u00edfica, ambientalista, ex secretaria de Estado y acad\u00e9mica \u201cJulia, la primera persona con la que la Medalla Belisario Dom\u00ednguez, y en ese sentido el Estado mexicano reconoce toda la ciencia, toda la virtud, toda la eminencia que tienen aquellos que entregan su vida a la defensa del patrimonio natural de M\u00e9xico\u201d.<br><br>Despu\u00e9s de rememorar la lucha de la tambi\u00e9n pol\u00edtica ecologista y primera mujer africana en recibir el Premio Nobel de la Paz, Wangari Maathai, subray\u00f3 el trabajo de Julia Carabias como parte de esta lucha hist\u00f3rica por la sustentabilidad ambiental del desarrollo en el mundo.<br><br>Mencion\u00f3 que \u201cJulia Carabias, como otras grandes mujeres mexicanas, fue la primera o una de las primeras en algo, la primer galardonada con el Premio Campeones de la Tierra de la ONU, junto con Sheila Watt-Cloutier en 2005, galard\u00f3n que a\u00f1os despu\u00e9s ganar\u00edan Al Gore y Mijail Gorbachov. La segunda mujer en ganar el Premio Internacional Cosmos y quiz\u00e1 la \u00fanica que don\u00f3 los 3.8 millones de pesos del premio para la construcci\u00f3n del Centro Latinoamericano de Capacitaci\u00f3n para la Biodiversidad en la Selva Lacandona\u201d.<br><br>\u201cLa tercer mujer en ganar el Premio Getty en el a\u00f1o 2001, que otorga el Fondo Mundial para la Naturaleza, lo que muchos consideran el Nobel de Conservaci\u00f3n. La cuarta secretaria de estado en la historia de M\u00e9xico\u201d, expuso el senador.<br><br>As\u00ed, Julia Carabias es la sexta mujer en recibir la Medalla Belisario Dom\u00ednguez, despu\u00e9s de que hace 21 a\u00f1os la obtuviera la pol\u00edtica Griselda \u00c1lvarez Ponce de Le\u00f3n, quien fue la primera mujer electa gobernadora de un estado de la Rep\u00fablica, Colima.<br><br>En 1954, en su primera edici\u00f3n, la medalla fue entregada a la maestra Rosaura Zapata Cano; en 1963, a la impresora revolucionaria Mar\u00eda Hern\u00e1ndez Zarco; en 1969, a Mar\u00eda C\u00e1mara Vales, viuda de Pino Su\u00e1rez, quien la recibi\u00f3 \u201cen honor a las labores realizadas por Pino Su\u00e1rez\u201d; en 1985 la presea fue otorgada a la ex senadora Mar\u00eda Lavalle Urbina; y en 1996, a la pol\u00edtica Griselda \u00c1lvarez.<br><br>SEM\/am\/lr<br><br><\/p>\n","protected":false},"excerpt":{"rendered":"<p>Alicia Mendoza SemM\u00e9xico, Cd. de M\u00e9xico, 6 diciembre 2017. Hoy, la bi\u00f3loga, ambientalista y acad\u00e9mica de la UNAM Julia Carabias Lillo se convirti\u00f3 en la sexta mujer en recibir la Medalla de Honor \u201cBelisario Dom\u00ednguez\u201d, que entrega el Senado de la Rep\u00fablica, por ser referente en la lucha por la sustentabilidad ambiental del desarrollo, \u201cpor [&hellip;]<\/p>\n","protected":false},"author":3,"featured_media":5372,"comment_status":"open","ping_status":"open","sticky":false,"template":"","format":"standard","meta":{"_monsterinsights_skip_tracking":false,"footnotes":""},"categories":[687,50],"tags":[],"class_list":["post-5371","post","type-post","status-publish","format-standard","has-post-thumbnail","category-687","category-congreso"],"_links":{"self":[{"href":"https:\/\/redsemlac.com\/semmexico\/wp-json\/wp\/v2\/posts\/5371","targetHints":{"allow":["GET"]}}],"collection":[{"href":"https:\/\/redsemlac.com\/semmexico\/wp-json\/wp\/v2\/posts"}],"about":[{"href":"https:\/\/redsemlac.com\/semmexico\/wp-json\/wp\/v2\/types\/post"}],"author":[{"embeddable":true,"href":"https:\/\/redsemlac.com\/semmexico\/wp-json\/wp\/v2\/users\/3"}],"replies":[{"embeddable":true,"href":"https:\/\/redsemlac.com\/semmexico\/wp-json\/wp\/v2\/comments?post=5371"}],"version-history":[{"count":0,"href":"https:\/\/redsemlac.com\/semmexico\/wp-json\/wp\/v2\/posts\/5371\/revisions"}],"wp:featuredmedia":[{"embeddable":true,"href":"https:\/\/redsemlac.com\/semmexico\/wp-json\/wp\/v2\/media\/5372"}],"wp:attachment":[{"href":"https:\/\/redsemlac.com\/semmexico\/wp-json\/wp\/v2\/media?parent=5371"}],"wp:term":[{"taxonomy":"category","embeddable":true,"href":"https:\/\/redsemlac.com\/semmexico\/wp-json\/wp\/v2\/categories?post=5371"},{"taxonomy":"post_tag","embeddable":true,"href":"https:\/\/redsemlac.com\/semmexico\/wp-json\/wp\/v2\/tags?post=5371"}],"curies":[{"name":"wp","href":"https:\/\/api.w.org\/{rel}","templated":true}]}}