{"id":5368,"date":"2017-12-13T18:24:59","date_gmt":"2017-12-13T18:24:59","guid":{"rendered":"https:\/\/redsemlac.com\/semmexico\/?p=5368"},"modified":"2023-07-21T14:27:35","modified_gmt":"2023-07-21T19:27:35","slug":"entregan-medalla-en-homenaje-postumo-a-ma-angelica-luna-parra","status":"publish","type":"post","link":"https:\/\/redsemlac.com\/semmexico\/entregan-medalla-en-homenaje-postumo-a-ma-angelica-luna-parra\/","title":{"rendered":"Entregan Medalla en homenaje p\u00f3stumo a Ma. Ang\u00e9lica Luna Parra"},"content":{"rendered":"\n<p class=\"wp-block-paragraph\"><a href=\"https:\/\/www.semmexico.com\/gallery-post.php?id=3623#\">Redacci\u00f3n<\/a><\/p>\n\n\n\n<p class=\"wp-block-paragraph\">SemM\u00e9xico, Cd. de M\u00e9xico, 13 diciembre 2017. La Asamblea Legislativa del Distrito Federal (ALDF) entreg\u00f3 la Medalla \u201cHermila Galindo\u201d a mujeres de la Ciudad de M\u00e9xico, quienes han destacado en la defensa de los derechos humanos, al empoderamiento de las mujeres y a la reducci\u00f3n de los niveles de violencia y discriminaci\u00f3n en contra de las mujeres.<br><br>Las galardonadas con la Medalla \u201cHermila Galindo\u201d de este a\u00f1o, fueron: Patricia Rebolledo Rebolledo, presidenta de la Red de Adultos Mayores de la Ciudad de M\u00e9xico; Mar\u00eda del Carmen Carre\u00f3n Castro, magistrada de la Sala Regional Especializada del Tribunal Electoral del Poder Judicial de la Federaci\u00f3n; Martha Ang\u00e9lica Tagle Mart\u00ednez, ex diputada federal y senadora; Gloria Carrillo Salinas, secretaria General del Sindicato de Trabajadores de la Industria de la Carne, Alimentos Similares y Conexos; \u00c1ngeles Mastreta, periodista y escritora; Mar\u00eda Paredes Albor, atleta paral\u00edmpica; Mar\u00eda Elena Villalobos Espinosa, boxeadora y entrenadora profesional; Arlen Mu\u00f1oz Vilchis, periodista; Patricia Olamendi Torres, integrante del Grupo de Trabajo del Consejo de Derechos Humanos de Naciones Unidas; y Rebeca Montiel Campos, directora de Equidad e Inclusi\u00f3n Social de la Delegaci\u00f3n Iztapalapa.<br><br>Adem\u00e1s, la Asamblea entreg\u00f3 el reconocimiento en homenaje p\u00f3stumo a Mar\u00eda Ang\u00e9lica Luna Parra y Trejo Lerdo. En representaci\u00f3n de las galardonadas, Patricia Olamendi Torres llam\u00f3 a la ALDF a que considere en su presupuesto y en su pol\u00edtica p\u00fablica una cantidad suficiente para enfrentar la violencia, as\u00ed como el \u201cModelo Ciudad Mujer\u201d para la capital del pa\u00eds, \u201clamentablemente en esta gran ciudad solo contamos con dos refugios, es urgente la pol\u00edtica p\u00fablica\u201d, agreg\u00f3.<br><br>Tambi\u00e9n llam\u00f3 a la legislatura a evaluar la actuaci\u00f3n de las autoridades frente a la violencia, sobre todo en temas de seguridad y justicia, ya que dijo a diario las mujeres enfrentan la impunidad en la negativa de auxilio cuando acuden a denunciar el maltrato, a pesar de contar con leyes de avanzada.<br><br>Sobre el proceso electoral del 2018 pidi\u00f3 a los partidos a promover la igualdad y la cultura de la no violencia hacia las mujeres en la pol\u00edtica.<br><br>La diputada Elizabeth Mateos Hern\u00e1ndez, vocera del grupo parlamentario del PRD, calific\u00f3 a las mujeres galardonadas como representantes de la pluralidad humana, la diversidad del pensamiento y la acci\u00f3n que hacen ver, entender y saber que como lo dec\u00eda Hermila Galindo.<br><br>SEM\/am\/lr<br><br><\/p>\n","protected":false},"excerpt":{"rendered":"<p>Redacci\u00f3n SemM\u00e9xico, Cd. de M\u00e9xico, 13 diciembre 2017. La Asamblea Legislativa del Distrito Federal (ALDF) entreg\u00f3 la Medalla \u201cHermila Galindo\u201d a mujeres de la Ciudad de M\u00e9xico, quienes han destacado en la defensa de los derechos humanos, al empoderamiento de las mujeres y a la reducci\u00f3n de los niveles de violencia y discriminaci\u00f3n en contra [&hellip;]<\/p>\n","protected":false},"author":3,"featured_media":5369,"comment_status":"open","ping_status":"open","sticky":false,"template":"","format":"standard","meta":{"_monsterinsights_skip_tracking":false,"footnotes":""},"categories":[687,50],"tags":[],"class_list":["post-5368","post","type-post","status-publish","format-standard","has-post-thumbnail","category-687","category-congreso"],"_links":{"self":[{"href":"https:\/\/redsemlac.com\/semmexico\/wp-json\/wp\/v2\/posts\/5368","targetHints":{"allow":["GET"]}}],"collection":[{"href":"https:\/\/redsemlac.com\/semmexico\/wp-json\/wp\/v2\/posts"}],"about":[{"href":"https:\/\/redsemlac.com\/semmexico\/wp-json\/wp\/v2\/types\/post"}],"author":[{"embeddable":true,"href":"https:\/\/redsemlac.com\/semmexico\/wp-json\/wp\/v2\/users\/3"}],"replies":[{"embeddable":true,"href":"https:\/\/redsemlac.com\/semmexico\/wp-json\/wp\/v2\/comments?post=5368"}],"version-history":[{"count":0,"href":"https:\/\/redsemlac.com\/semmexico\/wp-json\/wp\/v2\/posts\/5368\/revisions"}],"wp:featuredmedia":[{"embeddable":true,"href":"https:\/\/redsemlac.com\/semmexico\/wp-json\/wp\/v2\/media\/5369"}],"wp:attachment":[{"href":"https:\/\/redsemlac.com\/semmexico\/wp-json\/wp\/v2\/media?parent=5368"}],"wp:term":[{"taxonomy":"category","embeddable":true,"href":"https:\/\/redsemlac.com\/semmexico\/wp-json\/wp\/v2\/categories?post=5368"},{"taxonomy":"post_tag","embeddable":true,"href":"https:\/\/redsemlac.com\/semmexico\/wp-json\/wp\/v2\/tags?post=5368"}],"curies":[{"name":"wp","href":"https:\/\/api.w.org\/{rel}","templated":true}]}}