{"id":53636,"date":"2022-07-26T07:34:33","date_gmt":"2022-07-26T13:34:33","guid":{"rendered":"https:\/\/redsemlac.com\/semmexico\/?p=53636"},"modified":"2023-07-21T19:10:09","modified_gmt":"2023-07-22T00:10:09","slug":"a-pesar-de-haber-denunciado-a-las-autoridades-otra-victima-margarita-cecena-fue-quemada-viva-frente-a-su-hijo","status":"publish","type":"post","link":"https:\/\/redsemlac.com\/semmexico\/a-pesar-de-haber-denunciado-a-las-autoridades-otra-victima-margarita-cecena-fue-quemada-viva-frente-a-su-hijo\/","title":{"rendered":"A pesar de haber denunciado a las autoridades, otra v\u00edctima, Margarita Cece\u00f1a fue quemada viva frente a su hijo"},"content":{"rendered":"\n<ul class=\"wp-block-list\"><li><strong>Acusan de omisi\u00f3n a las autoridades ministeriales.<\/strong><\/li><li><strong>Acudi\u00f3 a la Fiscal\u00eda de la Regi\u00f3n Oriente pero no le quisieron iniciar la denuncia porque \u201cno lo ameritaba\u201d.<\/strong><\/li><\/ul>\n\n\n\n<p class=\"wp-block-paragraph\"><strong>Redacci\u00f3n<\/strong><\/p>\n\n\n\n<p class=\"wp-block-paragraph\">SemM\u00e9xico\/Agencias, Cuautla de Morelos, 26 de julio del 2022.- Margarita Cece\u00f1a Mart\u00ednez, una joven madre de 3 hijos menores de edad, se convirti\u00f3 en una nueva v\u00edctima de feminicidio, debido a la omisi\u00f3n de parte de las autoridades de la Fiscal\u00eda Regional del Oriente del Estado, denunci\u00f3 el colectivo feminista Heroicas e Hist\u00f3ricas, de Cuautla, que junto con un comunicado del Instituto de la Mujer de Morelos (IMM), exigieron justicia.<\/p>\n\n\n\n<p class=\"wp-block-paragraph\">Seg\u00fan relatan a trav\u00e9s de su muro de Facebook, en las redes sociales, el pasado primero de julio, al parecer familiares y vecinos de la v\u00edctima, que ten\u00eda una miscel\u00e1nea en su domicilio en el poblado de la Ex Hacienda del Hospital, la atacaron y, tras vaciarle un bid\u00f3n de gasolina, le prendieron fuego y la quemaron viva.<\/p>\n\n\n\n<p class=\"wp-block-paragraph\">A mediados de mayo fue brutalmente golpeada por el grupo de familiares, tres mujeres y dos hombres. Acudi\u00f3 a la Fiscal\u00eda de la Regi\u00f3n Oriente pero no le quisieron iniciar la denuncia porque \u201cno lo ameritaba, le dijeron que esas eran lesiones menores que b\u00e1sicamente ten\u00eda que ir muriendo o muy herida para poder tomarla\u201d, narr\u00f3 Andrea, madre Margarita.<\/p>\n\n\n\n<p class=\"wp-block-paragraph\">El ataque fue visto por el hijo mayor de Margarita, quien solicit\u00f3 ayuda para su madre que estaba envuelta en llamas, al interior de su negocio, por lo que el fuego se aviv\u00f3 a\u00fan m\u00e1s. La mujer fue trasladada de emergencia al hospital general \u00abMauro Belauzaran Tapia\u00bb, de donde, por el grado de las quemaduras que presentaba la mujer, fue trasladada al Instituto Nacional de Rehabilitaci\u00f3n de la Ciudad de M\u00e9xico.<\/p>\n\n\n\n<p class=\"wp-block-paragraph\">Tras una penosa agon\u00eda, Margarita dej\u00f3 de existir y, por esa situaci\u00f3n que consideran grave, el colectivo feminista y el IMM exigieron justicia para la joven madre que deja en la orfandad a 3 hijos menores de edad.<\/p>\n\n\n\n<p class=\"wp-block-paragraph\">Las integrantes del colectivo feminista Heroicas e Hist\u00f3ricas, destacaron que la Fiscal\u00eda Regional del Oriente del Estado no llevo a cabo los protocolos de seguridad para Margarita, quien ya hab\u00eda sido atacada por las mismas personas, quienes le cortaron un mech\u00f3n de cabello e hizo la denuncia ante las autoridades correspondientes.<\/p>\n\n\n\n<p class=\"wp-block-paragraph\">Cabe recordar que en Zapopan, Jalisco, de la misma forma, con el mismo odio y con la misma ineptitud de las autoridades correspondientes, la semana pasada muri\u00f3 Luz Raquel. \u00bfPor qu\u00e9 no son escuchados los gritos de auxilio de las mujeres? \u00bfPor qu\u00e9 ponen en estado de indefensi\u00f3n a la mujer?<\/p>\n\n\n\n<p class=\"wp-block-paragraph\">SEM\/MG<\/p>\n","protected":false},"excerpt":{"rendered":"<p>Acusan de omisi\u00f3n a las autoridades ministeriales.<\/p>\n","protected":false},"author":3,"featured_media":53637,"comment_status":"open","ping_status":"open","sticky":false,"template":"","format":"standard","meta":{"_monsterinsights_skip_tracking":false,"footnotes":""},"categories":[693,47,48],"tags":[],"class_list":["post-53636","post","type-post","status-publish","format-standard","has-post-thumbnail","category-693","category-no-mas-impunidad","category-no-mas-impunidad-no-mas-impunidad"],"_links":{"self":[{"href":"https:\/\/redsemlac.com\/semmexico\/wp-json\/wp\/v2\/posts\/53636","targetHints":{"allow":["GET"]}}],"collection":[{"href":"https:\/\/redsemlac.com\/semmexico\/wp-json\/wp\/v2\/posts"}],"about":[{"href":"https:\/\/redsemlac.com\/semmexico\/wp-json\/wp\/v2\/types\/post"}],"author":[{"embeddable":true,"href":"https:\/\/redsemlac.com\/semmexico\/wp-json\/wp\/v2\/users\/3"}],"replies":[{"embeddable":true,"href":"https:\/\/redsemlac.com\/semmexico\/wp-json\/wp\/v2\/comments?post=53636"}],"version-history":[{"count":0,"href":"https:\/\/redsemlac.com\/semmexico\/wp-json\/wp\/v2\/posts\/53636\/revisions"}],"wp:featuredmedia":[{"embeddable":true,"href":"https:\/\/redsemlac.com\/semmexico\/wp-json\/wp\/v2\/media\/53637"}],"wp:attachment":[{"href":"https:\/\/redsemlac.com\/semmexico\/wp-json\/wp\/v2\/media?parent=53636"}],"wp:term":[{"taxonomy":"category","embeddable":true,"href":"https:\/\/redsemlac.com\/semmexico\/wp-json\/wp\/v2\/categories?post=53636"},{"taxonomy":"post_tag","embeddable":true,"href":"https:\/\/redsemlac.com\/semmexico\/wp-json\/wp\/v2\/tags?post=53636"}],"curies":[{"name":"wp","href":"https:\/\/api.w.org\/{rel}","templated":true}]}}