{"id":53628,"date":"2022-07-26T06:58:39","date_gmt":"2022-07-26T12:58:39","guid":{"rendered":"https:\/\/redsemlac.com\/semmexico\/?p=53628"},"modified":"2023-07-21T19:10:09","modified_gmt":"2023-07-22T00:10:09","slug":"entresemana-los-acolitos-de-andres-manuel","status":"publish","type":"post","link":"https:\/\/redsemlac.com\/semmexico\/entresemana-los-acolitos-de-andres-manuel\/","title":{"rendered":"Entresemana| Los ac\u00f3litos de Andr\u00e9s Manuel"},"content":{"rendered":"\n<p class=\"wp-block-paragraph\"><strong>Mois\u00e9s S\u00e1nchez Lim\u00f3n<\/strong><\/p>\n\n\n\n<p class=\"wp-block-paragraph\">SemM\u00e9xico, Ciudad de M\u00e9xico, 26 de julio del 2022.- \u00bfY qu\u00e9 fue de la honestidad valiente?<\/p>\n\n\n\n<p class=\"wp-block-paragraph\">El desprecio que Su Alteza Seren\u00edsima tiene por la prensa mexicana, es reflejo de la molestia que le provoca saberse observado y denunciado en esa pueril estrategia de victimizarse cuando es evidente que su administraci\u00f3n galopa en lomos de la corrupci\u00f3n.<\/p>\n\n\n\n<p class=\"wp-block-paragraph\">Por eso, las posturas de las periodistas Reyna Hayd\u00e9 Ram\u00edrez y Dalila Escobar no pueden quedar en el anecdotario presidencial ni soslayadas por la opini\u00f3n p\u00fablica que ha sido testigo de la estigmatizaci\u00f3n y descalificaci\u00f3n del gremio period\u00edstico, en esa mec\u00e1nica de restar credibilidad a la prensa para operar impunemente en la opacidad corrupta.<\/p>\n\n\n\n<p class=\"wp-block-paragraph\">Porque el licenciado presidente recurre al discurso de respeto a la libertad de expresi\u00f3n, asumi\u00e9ndose como el presidente m\u00e1s atacado por la prensa en la historia patria, compar\u00e1ndose con Francisco I Madero, pero en los hechos desprecia a los reporteros, a los periodistas en general.<\/p>\n\n\n\n<p class=\"wp-block-paragraph\">La fuente informativa de la Presidencia de la Rep\u00fablica es ejemplo de c\u00f3mo ha transitado la relaci\u00f3n prensa-poder en el M\u00e9xico contempor\u00e1neo y que hoy, con ausencia de una pol\u00edtica de comunicaci\u00f3n, tiene una estrategia basada en el uso de sedicentes periodistas y otros de probada militancia que, por tanto, pierden objetividad en la empecinada tarea de cuestionar el pasado y aplaudir al presente.<\/p>\n\n\n\n<p class=\"wp-block-paragraph\">Y nadie, en los medios de comunicaci\u00f3n del pa\u00eds, puede llamarse a sorpresa.&nbsp;<\/p>\n\n\n\n<p class=\"wp-block-paragraph\">As\u00ed, en esa b\u00e1sica estrategia de comunicaci\u00f3n, si as\u00ed puede llamarse a la emprendida desde la oficina de Jes\u00fas Ram\u00edrez, con la anuencia cuando no complicidad abierta del licenciado presidente, un grupo de ac\u00f3litos de Su Alteza Seren\u00edsima ocupa el sitio de los periodistas profesionales para allanar el camino cotidiano de la conferencia ma\u00f1anera con preguntas sembradas y discursos m\u00e1s que preguntas para que el jefe, Andr\u00e9s Manuel I \u201ccomunique\u201d lo que quiere comunicar de acuerdo con su personal\u00edsimo inter\u00e9s.<\/p>\n\n\n\n<p class=\"wp-block-paragraph\">El jueves 21 y el lunes 25 de julio de 2022 son fechas que entra\u00f1an dos ejemplos de postura profesional que el periodismo mexicano de estos tiempos no puede ni debe olvidar.<\/p>\n\n\n\n<p class=\"wp-block-paragraph\">Reyna Hayd\u00e9 Ram\u00edrez y Dalila Escobar, son dos ejemplos del ejercicio period\u00edstico que los llamados l\u00edderes de opini\u00f3n y los defensores del periodismo militante no deben dejar en nivel de an\u00e9cdota.<\/p>\n\n\n\n<p class=\"wp-block-paragraph\">Y es que, el licenciado presidente sabe que su tiempo de impunidad verbal y en el ejercicio del poder lleg\u00f3 al l\u00edmite. Su estrategia de salirse por la tangente y responder con vaguedades o con lecciones de historia patria a preguntas espec\u00edficas en temas torales para el pa\u00eds, no puede ser m\u00e1s la v\u00eda de la comunicaci\u00f3n social desde el p\u00falpito del Sal\u00f3n de la Tesorer\u00eda en Palacio Nacional.<\/p>\n\n\n\n<p class=\"wp-block-paragraph\">Posiblemente, quien desconoce qu\u00e9 es una fuente informativa como la de la Presidencia de la Rep\u00fablica, considere como normal que quien pregunta en la conferencia ma\u00f1anera sea una o un periodista, cuando se trata de alguien pagado, contratado por el \u00e1rea de comunicaci\u00f3n social para dar pie a que el licenciado presidente diga lo que le venga en gana e imponga su agenda por encima de los temas que requieren de atenci\u00f3n prioritaria, como es el caso de la econom\u00eda y el combate a la pobreza, el desabasto de medicamentos y la creciente inseguridad p\u00fablica en el pa\u00eds que desmiente a la estad\u00edsticas y fr\u00edas cifras oficiales.<\/p>\n\n\n\n<p class=\"wp-block-paragraph\">El jueves 21 de julio de 2022, es decir, la semana pasada, Su Alteza Seren\u00edsima Andr\u00e9s Manuel I recordaba desde el p\u00falpito \u201c\u00bfPor qu\u00e9 no insistimos en que s\u00f3lo siendo buenos podemos ser felices? \u00bfPor qu\u00e9 no insistimos en que el dinero no es la felicidad, ni mucho menos Dios?\u201d, pregunt\u00f3 \u201c\u00bfQui\u00e9n qued\u00f3? (por preguntar en la ma\u00f1anera)\u201d.<\/p>\n\n\n\n<p class=\"wp-block-paragraph\"><strong>Y Reyna Hayd\u00e9 Ram\u00edrez, periodista independiente de Sonora, alz\u00f3 la voz:<\/strong><strong><\/strong><\/p>\n\n\n\n<p class=\"wp-block-paragraph\"><strong>\u201c<\/strong>Presidente, tengo amenazas de muerte. \u00bfYo tambi\u00e9n puedo hablar? \u00bfPuede escucharme?\u201d<\/p>\n\n\n\n<p class=\"wp-block-paragraph\"><strong>\u201c<\/strong>S\u00ed, te voy a escuchar, pero al rato\u201d, respondi\u00f3 Andr\u00e9s Manuel con esa displicencia que le caracteriza cuando quien le pregunta no es del grupo privilegiado por el vocero Jes\u00fas Ram\u00edrez, de entre esa pl\u00e9yade aplaudidora de ac\u00f3litos sedicentes periodistas.<\/p>\n\n\n\n<p class=\"wp-block-paragraph\"><strong>Y dio la voz al representante de un grupo editorial tabasque\u00f1o que un d\u00eda s\u00ed y otro tambi\u00e9n quema incienso al Santo Patrono de los otros datos.<\/strong><strong><\/strong><\/p>\n\n\n\n<p class=\"wp-block-paragraph\">Cuando finalmente Reyna Hayd\u00e9 pudo preguntar, el licenciado presidente debi\u00f3 reclamos y denuncias. Lea usted.<\/p>\n\n\n\n<p class=\"wp-block-paragraph\"><strong>\u201c<\/strong>Y s\u00ed, como le dec\u00eda, hay amenazas desde el 2020 y hay unas recientes, y las est\u00e1 atendiendo una fiscal\u00eda local (\u2026) Yo casi tengo 30 a\u00f1os de reportera y estas amenazas suponemos que vienen de, o sus seguidores o sus opositores, una de dos. Entonces que lo defina la fiscal\u00eda alg\u00fan d\u00eda en alg\u00fan momento. La denuncia est\u00e1 puesta (&#8230;)<\/p>\n\n\n\n<p class=\"wp-block-paragraph\">\u201c(\u2026) Existe el periodismo independiente, yo soy reportera independiente. Entonces usted confunde, presidente, confunde porque la independencia period\u00edstica s\u00ed existe y hay much\u00edsimos medios en todo el pa\u00eds que se dedican a eso; entre esos, yo\u201d.<\/p>\n\n\n\n<p class=\"wp-block-paragraph\">Reyna Hayd\u00e9 habl\u00f3 largo y, entre lo que reclam\u00f3 y denunci\u00f3, le dijo al licenciado presidente que, \u201csi hubiera democracia, no se reservar\u00edan lugares para unos reporteros. Usted le dar\u00eda\u2014 todos aqu\u00ed, son 20 espacios\u2014 usted le dar\u00eda la palabra, todos tendr\u00edamos derecho una vez a la semana de hablar; pero no, porque usted prefiere que las alabanzas, presidente, y disc\u00falpeme que se lo diga.<\/p>\n\n\n\n<p class=\"wp-block-paragraph\">\u201cSi a cu\u00e1ntas personas que act\u00faan como por sumisi\u00f3n, por silenciosos, por guardar silencio o porque est\u00e1n con usted, lo han dicho abiertamente, que vienen aqu\u00ed y le dan por el lado, le ponen las \u2018pechitas\u2019 para que batee jonrones. Yo no soy as\u00ed, presidente, yo soy reportera.<\/p>\n\n\n\n<p class=\"wp-block-paragraph\">\u201cEntonces, si por hacer mi trabajo, no me deja entrar este muchacho (Jes\u00fas Ram\u00edrez), usted no me da la palabra (\u2026) Bueno, a m\u00ed no se me ha permitido ni la entrada a Palacio s\u00f3lo porque vengo y le digo lo que interesa, presidente, lo que interesa\u201d, refiri\u00f3 Reyna Hayd\u00e9.<\/p>\n\n\n\n<p class=\"wp-block-paragraph\">Inc\u00f3modo, Su Alteza Seren\u00edsima, dijo a la colega:<\/p>\n\n\n\n<p class=\"wp-block-paragraph\">\u201cNo me estoy molestando, \u00bfeh?, y no me voy a molestar. Nada m\u00e1s, \u00bfya terminaste?\u201d<\/p>\n\n\n\n<p class=\"wp-block-paragraph\">Reyna Hayd\u00e9 prosigui\u00f3 y, entonces, Andr\u00e9s Manuel I quiso cortar.<\/p>\n\n\n\n<p class=\"wp-block-paragraph\"><strong>&#8212;<\/strong>Bueno, \u00bfya?\u2014urgi\u00f3 a Reyna.<\/p>\n\n\n\n<p class=\"wp-block-paragraph\"><strong>&#8212;<\/strong>Pues ya. Pero no se enoje, porque yo no soy su enemiga\u2014respondi\u00f3 la colega.<\/p>\n\n\n\n<p class=\"wp-block-paragraph\"><strong>&#8212;<\/strong>No, t\u00fa sigue, nada m\u00e1s me dices, para que yo te conteste\u2014dijo el licenciado presidente.<\/p>\n\n\n\n<p class=\"wp-block-paragraph\"><strong>Pero. Por ah\u00ed apareci\u00f3 uno de los ac\u00f3litos que busc\u00f3 interrumpir a Reyna Hayde, quien le respondi\u00f3 sin medias tintas:<\/strong><strong><\/strong><\/p>\n\n\n\n<p class=\"wp-block-paragraph\"><strong>&#8212;<\/strong>Tu c\u00e1llate, palero (\u2026). No, disculpa, pero t\u00fa tienes tu momento y yo no meto contigo. Usted es un palero\u201d.<\/p>\n\n\n\n<p class=\"wp-block-paragraph\"><strong>&#8212;<\/strong>No, pero, miren, tranquilos\u2014intervino Su Alteza Seren\u00edsima en defensa de quien se sabe es Hans Salazar, conocido integrante de la barra mercenaria que ha devenido en una especia de ac\u00f3litos que queman incienso al licenciado L\u00f3pez Obrador.<\/p>\n\n\n\n<p class=\"wp-block-paragraph\">Lo ocurrido ese jueves en la ma\u00f1anera gener\u00f3 opiniones, en su mayor\u00eda de apoyo y reconocimiento a la valiente actitud de Reyna Hayd\u00e9. Pero nada m\u00e1s, nada m\u00e1s. \u00bfY qu\u00e9 de los opinadores profesionales? \u00bfY qu\u00e9 de los que se dicen defensores de la libertad de expresi\u00f3n? \u00a1Bah!<\/p>\n\n\n\n<p class=\"wp-block-paragraph\">Por eso, por eso, a los periodistas Su Alteza Seren\u00edsima nos trata con el desprecio presidencial que divide y estigmatiza.<\/p>\n\n\n\n<p class=\"wp-block-paragraph\">No obstante, ayer lunes 25 de julio de 2022, Dalila Escobar, reportera de la revista Proceso, enfrent\u00f3 nuevamente al due\u00f1o del poder en M\u00e9xico y le pregunt\u00f3 si hay esta incertidumbre de que pueda ser llamado a la justicia en Estados Unidos Manuel Bartlett, por el caso de Kiki Camarena, presuntamente asesinado por Rafael Caro Quintero.<\/p>\n\n\n\n<p class=\"wp-block-paragraph\">\u201cEs que es adelantar v\u00edsperas, es que tengan notas ustedes en el&nbsp;<em>Proceso<\/em>, que es un peri\u00f3dico, una revista muy sensacionalista. No nos adelantemos, vamos a esperar\u201d, respondi\u00f3 airado el licenciado presidente y, dijo, \u201caprovecho para transmitir mi solidaridad a Hans \u2014 \u00bfno est\u00e1 aqu\u00ed?\u2014 y a otros periodistas que son tratados como paleros por los conservadores. No debe de preocuparles eso, para nada\u201d.<\/p>\n\n\n\n<p class=\"wp-block-paragraph\">&#8211;Siempre y cuando sea periodista, presidente\u2014le dijo Dalila.<\/p>\n\n\n\n<p class=\"wp-block-paragraph\"><strong>&#8212;<\/strong>No\u2014ataj\u00f3 Andr\u00e9s Manuel.<\/p>\n\n\n\n<p class=\"wp-block-paragraph\"><strong>&#8212;<\/strong>Porque el asunto es que es muy sencillo levantarse y aplaudir\u2014le sostuvo la colega.<\/p>\n\n\n\n<p class=\"wp-block-paragraph\"><strong>&#8212;<\/strong>Esa, esa, esa es la visi\u00f3n de&nbsp;<em>Proceso<\/em>, y f\u00edjate que ni siquiera de ahora, \u00bfeh? de siempre.<\/p>\n\n\n\n<p class=\"wp-block-paragraph\"><strong>&#8212;<\/strong>El periodismo no debe ser af\u00edn al poder\u2014le puntualiz\u00f3 la reportera de Proceso.<\/p>\n\n\n\n<p class=\"wp-block-paragraph\"><strong>Por supuesto, Su Alteza Seren\u00edsima apoya al periodismo militante, porque no le conviene el que practican reporteros y reporteras como Reyna Hayd\u00e9 y Dalila.<\/strong><\/p>\n\n\n\n<p class=\"wp-block-paragraph\">\u00bfSabe usted cu\u00e1l es la conclusi\u00f3n del licenciado presidente? Que es v\u00edctima de una campa\u00f1a que, incluso, es pagada por Estados Unidos.<\/p>\n\n\n\n<p class=\"wp-block-paragraph\">No se r\u00eda, por favor, el licenciado habl\u00f3 en serio, tanto que hasta llam\u00f3 mafiosos a quienes se oponen a la construcci\u00f3n del Tramo 5 del Tren Maya.<\/p>\n\n\n\n<p class=\"wp-block-paragraph\">Caray, caray, caray. A Su Alteza Seren\u00edsima se le diluye la paciencia y se le acorta el tiempo de la impunidad.<\/p>\n\n\n\n<p class=\"wp-block-paragraph\">La prensa que no le gusta, como las colegas Reyna y Dalila, es el contrapeso a los excesos del poder, a la galopante corrupci\u00f3n e impunidad en el gobierno federal, en espacios pr\u00f3ximos a Palacio Nacional, a los ac\u00f3litos que aplauden barbaridades. \u00bfY la honestidad valiente? Digo.<\/p>\n\n\n\n<p class=\"wp-block-paragraph\"><a href=\"mailto:sanchezlimon@gmail.com\">sanchezlimon@gmail.com<\/a>&nbsp;&nbsp; <a href=\"http:\/\/www.entresemana.mx\">www.entresemana.mx<\/a>&nbsp;&nbsp; <strong>@msanchezlimon&nbsp;&nbsp; @msanchezlimon1<\/strong><\/p>\n","protected":false},"excerpt":{"rendered":"<p>\u00bfY qu\u00e9 fue de la honestidad valiente?<\/p>\n","protected":false},"author":3,"featured_media":15805,"comment_status":"open","ping_status":"open","sticky":false,"template":"","format":"standard","meta":{"_monsterinsights_skip_tracking":false,"footnotes":""},"categories":[693,105,83,35],"tags":[459],"class_list":["post-53628","post","type-post","status-publish","format-standard","has-post-thumbnail","category-693","category-entresemana","category-moises-sanchez-limon","category-opinion","tag-opinion"],"_links":{"self":[{"href":"https:\/\/redsemlac.com\/semmexico\/wp-json\/wp\/v2\/posts\/53628","targetHints":{"allow":["GET"]}}],"collection":[{"href":"https:\/\/redsemlac.com\/semmexico\/wp-json\/wp\/v2\/posts"}],"about":[{"href":"https:\/\/redsemlac.com\/semmexico\/wp-json\/wp\/v2\/types\/post"}],"author":[{"embeddable":true,"href":"https:\/\/redsemlac.com\/semmexico\/wp-json\/wp\/v2\/users\/3"}],"replies":[{"embeddable":true,"href":"https:\/\/redsemlac.com\/semmexico\/wp-json\/wp\/v2\/comments?post=53628"}],"version-history":[{"count":0,"href":"https:\/\/redsemlac.com\/semmexico\/wp-json\/wp\/v2\/posts\/53628\/revisions"}],"wp:featuredmedia":[{"embeddable":true,"href":"https:\/\/redsemlac.com\/semmexico\/wp-json\/wp\/v2\/media\/15805"}],"wp:attachment":[{"href":"https:\/\/redsemlac.com\/semmexico\/wp-json\/wp\/v2\/media?parent=53628"}],"wp:term":[{"taxonomy":"category","embeddable":true,"href":"https:\/\/redsemlac.com\/semmexico\/wp-json\/wp\/v2\/categories?post=53628"},{"taxonomy":"post_tag","embeddable":true,"href":"https:\/\/redsemlac.com\/semmexico\/wp-json\/wp\/v2\/tags?post=53628"}],"curies":[{"name":"wp","href":"https:\/\/api.w.org\/{rel}","templated":true}]}}