{"id":53625,"date":"2022-07-25T22:22:15","date_gmt":"2022-07-26T04:22:15","guid":{"rendered":"https:\/\/redsemlac.com\/semmexico\/?p=53625"},"modified":"2023-07-21T19:10:09","modified_gmt":"2023-07-22T00:10:09","slug":"ruiz-massieu-ideas-en-accion","status":"publish","type":"post","link":"https:\/\/redsemlac.com\/semmexico\/ruiz-massieu-ideas-en-accion\/","title":{"rendered":"Ruiz Massieu, ideas en acci\u00f3n"},"content":{"rendered":"\n<p class=\"wp-block-paragraph\">Florencio Salazar<\/p>\n\n\n\n<p class=\"wp-block-paragraph\"><em>La pol\u00edtica ya no es en absoluto un lugar de autoridad.<\/em><\/p>\n\n\n\n<p class=\"wp-block-paragraph\"><em>Daniel Innerarity.<\/em><\/p>\n\n\n\n<p class=\"wp-block-paragraph\">SemM\u00e9xico. 25 de julio de 2022.- A Jos\u00e9 Francisco Ruiz Massieu lo conoc\u00ed, primero, en la lectura de sus art\u00edculos sobre Nueva pol\u00edtica o nuevos pol\u00edticos, que se publicaban en la primera plana del diario La Jornada. Me llam\u00f3 la atenci\u00f3n su lenguaje: diferente al habitual \u2013cargado de vac\u00edo\u2013 para hablar de los problemas que ya no alcanzaba a ver la vieja pol\u00edtica, y que aceleraban la decadencia ideol\u00f3gica de la Revoluci\u00f3n Mexicana y de su r\u00e9gimen. Con cu\u00e1nta claridad Ruiz Massieu sintetiz\u00f3 la disyuntiva: \u201cCambiamos o nos cambian\u201d. El PRI \u2013y el pa\u00eds\u2013 vive las consecuencias de haber repulsado todo intento de modernizaci\u00f3n.<\/p>\n\n\n\n<p class=\"wp-block-paragraph\">Despu\u00e9s, personalmente, en Casas Grandes, Chihuahua. Yo era delegado de la Confederaci\u00f3n Nacional de Organizaciones Populares (CNOP), en aquel estado, y \u00e9l coordinaba una reuni\u00f3n sobre municipalismo que presidir\u00eda el candidato a la Presidencia de la Rep\u00fablica, Miguel de la Madrid. Ruiz Massieu era subdirector del Instituto de Investigaciones Pol\u00edticas y Sociales del PRI \u2013su think tank\u2013 que dirig\u00eda Carlos Salinas de Gortari. Me present\u00e9, le coment\u00e9 la lectura de sus art\u00edculos y le dije que \u00e9l ten\u00eda un destino se\u00f1alado en Guerrero. Quedamos de vernos despu\u00e9s. \u201c\u00bfEn d\u00f3nde lo busco\u201d, pregunt\u00e9. \u201cYa se enterar\u00e1\u201d, contest\u00f3.<\/p>\n\n\n\n<p class=\"wp-block-paragraph\">Me enter\u00e9, por los medios, de dos guerrerenses en la Secretar\u00eda de Salubridad y Asistencia: Guillermo Sober\u00f3n, secretario, y Jos\u00e9 Francisco Ruiz Massieu, oficial mayor. Antes de hablar con Ruiz Massieu ped\u00ed cita con el Dr. Sober\u00f3n, quien me recibi\u00f3 de inmediato. Su despacho, en la calle de Lieja, era sobrio. La puerta de entrada estaba frente a su escritorio; entre unas y otro, la distancia quiz\u00e1 era de unos 40 metros. Me recibi\u00f3 con un quihubole. Le pregunt\u00e9 si aspiraba a ser gobernador de Guerrero.<\/p>\n\n\n\n<p class=\"wp-block-paragraph\">Me dijo que no conoc\u00eda al estado y que Guerrero necesitaba un hombre joven, con talento y energ\u00eda. \u201cVe a ver a Pepe Ruiz Massieu, \u00e9l si quiere\u201d. A punto de abrir la puerta para salir del despacho me llam\u00f3 para advertirme: \u201cPepe tiene un car\u00e1cter de la chingada, pero es un buen hombre. Resiste\u201d. Y me despidi\u00f3 con esa sonrisa que le iluminaba el rostro.<\/p>\n\n\n\n<p class=\"wp-block-paragraph\">La escala con Guillermo Sober\u00f3n era para m\u00ed indispensable. Su abuela materna y mi abuela paterna eran hermanas. Mi pap\u00e1 y su mam\u00e1, primos hermanos. Y nosotros primos en segundo grado. Medio hermano de nuestras abuelas fue el Gral. Alberto F. Berber, gobernador del estado en los 40. A los Sober\u00f3n, especialmente a Jorge y Guillermo, los conoc\u00eda desde ni\u00f1o. Cuando ellos llegaban a Chilpancingo se reun\u00edan con el Gral. Berber y mi pap\u00e1. Mi t\u00edo Alberto viv\u00eda en su hotel Reforma, en las calles de Abasolo, que ahora es una dependencia de la UAgro.<\/p>\n\n\n\n<p class=\"wp-block-paragraph\">Saliendo del despacho del secretario de Salubridad y Asistencia baj\u00e9 escaleras hasta la oficina del oficial mayor, quien me recibi\u00f3 a la hora se\u00f1alada. Su trato fue muy formal. Habl\u00f3 de mi actividad pol\u00edtica, los cargos que hab\u00eda ocupado y la tarea que desempe\u00f1aba en el Comit\u00e9 Ejecutivo Nacional del PRI con don Manuel Garza Gonz\u00e1lez. Vest\u00eda una camisa blanca, impecable, con costuras en los antebrazos; evidentemente las mangas fueron recortadas. Corbata azul a rayas y tirantes. De pronto me pareci\u00f3 un tenedor de libros. Atr\u00e1s, en la credenza, ten\u00eda una jarra plateada de la cual se serv\u00eda agua fr\u00eda con regularidad. Extern\u00f3 su inter\u00e9s de mantener comunicaci\u00f3n conmigo; su secretaria se encargar\u00eda de llamarme para reunirnos. Ya para retirarme me dijo: \u201cYo, como Ruiz Cortines, ni un paso, ni un peso\u201d. La reuni\u00f3n fue satisfactoria en torno a su proyecto, pero la despedida no me agrad\u00f3.<\/p>\n\n\n\n<p class=\"wp-block-paragraph\">A los pocos d\u00edas me llam\u00f3 Domi Bringas, la secretaria de Jos\u00e9 Francisco: \u201cEl licenciado lo espera tal d\u00eda a tal hora\u201d. Las entrevistas siempre fueron con rigurosa puntualidad. Las llamadas se hicieron rutinarias y las reuniones se convirtieron en algunos desayunos. Hubo s\u00e1bados que me citaba en su casa de Las \u00c1guilas. Manejando \u00e9l su camioneta nos dirig\u00edamos a la casa de su ex esposa Adriana Salinas. Tocaba el cl\u00e1xon. Sal\u00edan sus hijas adolescentes Claudia y Daniela; al llegar al restor\u00e1n donde ellos iban a comer, me desped\u00eda.<\/p>\n\n\n\n<p class=\"wp-block-paragraph\">De oficial mayor Ruiz Massieu pas\u00f3 a subsecretario de Planeaci\u00f3n. Guillermo Sober\u00f3n le encarg\u00f3 la modernizaci\u00f3n de la SSA. Fue entonces cuando de Salubridad y Asistencia pas\u00f3 a ser Secretar\u00eda de Salud. Generalmente me encontraba con \u00e9l una vez a la semana. Platic\u00e1bamos sobre los dem\u00e1s aspirantes y c\u00f3mo se daban los destapes de candidatos a gobernadores. Yo le reiteraba la importancia de su visi\u00f3n modernizadora, de su an\u00e1lisis sobre la pol\u00edtica del pa\u00eds, que propon\u00eda la emergencia de una clase pol\u00edtica apta para entender los cambios globales, las nuevas formas de comunicaci\u00f3n y la necesidad de formas innovadoras para responder a los problemas nacionales. Y que esa visi\u00f3n era de urgente aplicaci\u00f3n en Guerrero.<\/p>\n\n\n\n<p class=\"wp-block-paragraph\">Solidez jur\u00eddica, experiencia en planeaci\u00f3n, formaci\u00f3n de profesor universitario, capacidad anal\u00edtica, lecturas al d\u00eda y la ejecuci\u00f3n de sus ideas lo hicieron un pol\u00edtico relevante. El pol\u00edtico Ruiz Massieu demostr\u00f3 que no es suficiente tener conocimiento. Sin trasladarlo a los hechos el conocimiento se vuelve est\u00e9ril. Y de las ideas a los hechos es necesario vencer parsimonias, inercias, pragmatismos ramplones. Sin su voluntad indeclinable la Autopista del Sol y el desarrollo de Punta Diamante, en Acapulco, no existir\u00edan. Habr\u00eda que agregar su destacada labor jur\u00eddica, educativa y social. Tenemos d\u00e9ficit de pol\u00edticos, hombres y mujeres, que entiendan el cambio social y sean motores del desarrollo.<\/p>\n\n\n\n<p class=\"wp-block-paragraph\">El gobernador H\u00e9ctor Astudillo Flores instaur\u00f3 el Concurso de Ensayo Pol\u00edtico Jos\u00e9 Francisco Ruiz Massieu, en el aniversario de su natalicio, con la idea de despertar el inter\u00e9s en el estudio de los problemas de nuestra entidad y la formulaci\u00f3n de propuestas de soluci\u00f3n. Este a\u00f1o no se cumpli\u00f3 con lo dispuesto en el Acuerdo del Ejecutivo. Me propongo invitar a quienes crean en las ideas de Ruiz Massieu a constituir una asociaci\u00f3n civil que lo promueva el pr\u00f3ximo a\u00f1o. No debemos renunciar a sus ideas porque la esterilidad en el pensamiento produce vulgaridad en el lenguaje, conduce hacia la inacci\u00f3n y desprestigia la pol\u00edtica.<\/p>\n\n\n\n<p class=\"wp-block-paragraph\">El 22 de julio Jos\u00e9 Francisco Ruiz Massieu habr\u00eda   cumplido 76 a\u00f1os de vida. Con sus ideas en acci\u00f3n habremos de honrar su memoria. <\/p>\n","protected":false},"excerpt":{"rendered":"<p>Florencio Salazar La pol\u00edtica ya no es en absoluto un lugar de autoridad. Daniel Innerarity. SemM\u00e9xico. 25 de julio de 2022.- A Jos\u00e9 Francisco Ruiz Massieu lo conoc\u00ed, primero, en la lectura de sus art\u00edculos sobre Nueva pol\u00edtica o nuevos pol\u00edticos, que se publicaban en la primera plana del diario La Jornada. Me llam\u00f3 la [&hellip;]<\/p>\n","protected":false},"author":3,"featured_media":53626,"comment_status":"open","ping_status":"open","sticky":false,"template":"","format":"standard","meta":{"_monsterinsights_skip_tracking":false,"footnotes":""},"categories":[693,82,35],"tags":[],"class_list":["post-53625","post","type-post","status-publish","format-standard","has-post-thumbnail","category-693","category-la-opinion","category-opinion"],"_links":{"self":[{"href":"https:\/\/redsemlac.com\/semmexico\/wp-json\/wp\/v2\/posts\/53625","targetHints":{"allow":["GET"]}}],"collection":[{"href":"https:\/\/redsemlac.com\/semmexico\/wp-json\/wp\/v2\/posts"}],"about":[{"href":"https:\/\/redsemlac.com\/semmexico\/wp-json\/wp\/v2\/types\/post"}],"author":[{"embeddable":true,"href":"https:\/\/redsemlac.com\/semmexico\/wp-json\/wp\/v2\/users\/3"}],"replies":[{"embeddable":true,"href":"https:\/\/redsemlac.com\/semmexico\/wp-json\/wp\/v2\/comments?post=53625"}],"version-history":[{"count":0,"href":"https:\/\/redsemlac.com\/semmexico\/wp-json\/wp\/v2\/posts\/53625\/revisions"}],"wp:featuredmedia":[{"embeddable":true,"href":"https:\/\/redsemlac.com\/semmexico\/wp-json\/wp\/v2\/media\/53626"}],"wp:attachment":[{"href":"https:\/\/redsemlac.com\/semmexico\/wp-json\/wp\/v2\/media?parent=53625"}],"wp:term":[{"taxonomy":"category","embeddable":true,"href":"https:\/\/redsemlac.com\/semmexico\/wp-json\/wp\/v2\/categories?post=53625"},{"taxonomy":"post_tag","embeddable":true,"href":"https:\/\/redsemlac.com\/semmexico\/wp-json\/wp\/v2\/tags?post=53625"}],"curies":[{"name":"wp","href":"https:\/\/api.w.org\/{rel}","templated":true}]}}