{"id":53616,"date":"2022-07-25T15:09:22","date_gmt":"2022-07-25T21:09:22","guid":{"rendered":"https:\/\/redsemlac.com\/semmexico\/?p=53616"},"modified":"2023-07-21T19:10:10","modified_gmt":"2023-07-22T00:10:10","slug":"mujeres-y-politica-yo-conoci-aide","status":"publish","type":"post","link":"https:\/\/redsemlac.com\/semmexico\/mujeres-y-politica-yo-conoci-aide\/","title":{"rendered":"Mujeres y Pol\u00edtica| Yo conoc\u00ed Aid\u00e9"},"content":{"rendered":"\n<p class=\"wp-block-paragraph\"><strong>Soledad Jarqu\u00edn Edgar<\/strong><br>SemM\u00e9xico, Oaxaca, 25 de julio del 2022.- Me lo hab\u00eda prometido, quer\u00eda hacerlo, pero parece una tarea imposible, \u00bfc\u00f3mo se vuelve una ajena ante lo evidente? Imposible. Periodista no dejo ser y puedo ser parcial, romper una regla de oro. Pero \u00bfqui\u00e9n puede decir que no es subjetivo en el quehacer period\u00edstico? Yo creo que pensar as\u00ed el periodismo es una condici\u00f3n no humana.<\/p>\n\n\n\n<p class=\"wp-block-paragraph\">La violencia est\u00e1 aqu\u00ed, a la vuelta de la esquina no de una calle sino de nuestras vidas. Son muchos los llamados de las feministas mexicanas hablando de una emergencia nacional, en contrario las respuestas han sido nulas. Son muchas las madres pidiendo justicia para sus hijas, la respuesta ha sido descalificarlas e ignorarlas.<\/p>\n\n\n\n<p class=\"wp-block-paragraph\">Tal parece que la violencia feminicida es un fen\u00f3meno que s\u00f3lo afecta a un determinado grupo de mujeres y, por tanto, resulta para esas personas, exagerado decir que todas podr\u00edamos ser v\u00edctimas de los diferentes tipos y en diferentes \u00e1mbitos.<\/p>\n\n\n\n<figure class=\"wp-block-image size-full\"><a href=\"https:\/\/redsemlac.com\/semmexico\/wp-content\/uploads\/2022\/07\/Captura-de-pantalla-2022-07-25-a-las-16.01.06.png\"><img loading=\"lazy\" decoding=\"async\" width=\"888\" height=\"760\" src=\"https:\/\/redsemlac.com\/semmexico\/wp-content\/uploads\/2022\/07\/Captura-de-pantalla-2022-07-25-a-las-16.01.06.png\" alt=\"\" class=\"wp-image-53618\"\/><\/a><\/figure>\n\n\n\n<p class=\"wp-block-paragraph\">El problema es que la violencia existe, es una realidad. Si en un grupo de m\u00e1s de 25 personas una pregunta \u00bfqui\u00e9n conoce un caso de violencia contra de una mujer y hasta un feminicidio? encontrar\u00e1 como respuesta que buena parte han sabido de casos y nos acercamos con esa simple pregunta a una realidad insoslayable. A descubrir que la violencia machista est\u00e1 a la vuelta de la esquina y que ha trastocado la vida de alguna mujer que nos es conocida directa o indirectamente.<\/p>\n\n\n\n<p class=\"wp-block-paragraph\">Yo conoc\u00ed a Aid\u00e9 Rojas Hern\u00e1ndez. El martes 28 de junio, Aid\u00e9 fue v\u00edctima de un atentado directo. Hombres armados la atacaron en su casa en el fraccionamiento El Rosario, en la ciudad de Oaxaca, y le dispararon. Herida de gravedad permaneci\u00f3 casi un mes en coma. Ayer cuando apenas sal\u00eda el sol perdi\u00f3 la batalla, muri\u00f3 v\u00edctima de la violencia machista. Hoy, Aid\u00e9 es una de las 665 v\u00edctimas del feminicidio, un hecho que tiene permiso en Oaxaca.<\/p>\n\n\n\n<p class=\"wp-block-paragraph\">En ese Oaxaca donde no pasa nada. Estamos de fiesta, es la Guelaguetza. En estos d\u00edas hablar de Oaxaca es hablar solo de ese acontecimiento. Es el Oaxaca alegre y ciertamente ficticio que disfruta como un \u201csoberano\u201d Alejandro Murat, el mismo que hoy est\u00e1 a 129 d\u00edas de dejar el cargo que asumi\u00f3 el 1 de diciembre de 2016. Se ir\u00e1 pronto, dejar\u00e1 Oaxaca en una condici\u00f3n que defino como lamentable en m\u00e1s de un sentido. S\u00ed, hasta hoy durante su gobierno van 665 mujeres asesinadas, esto de acuerdo con un conteo hemerogr\u00e1fico hecho por Consorcio Oaxaca.<\/p>\n\n\n\n<p class=\"wp-block-paragraph\">Hay quienes quisieran que le baj\u00e1ramos el volumen a \u201cnuestras estridencias\u201d, as\u00ed llaman a la exigencia de justicia para las v\u00edctimas de feminicidio y otras terribles violencias machistas que cada d\u00eda pasan por nuestras vidas y que tienen un com\u00fan denominador: la total impunidad. Hay quienes en estos d\u00edas ni siquiera quieren volver la vista a las tragedias de las otras y los otros, parecer\u00eda un desprop\u00f3sito hablar de la inseguridad que se vive en Oaxaca, porque piensan algunas personas que es atentar contra la \u201cfiesta de los oaxaque\u00f1os\u201d. En realidad, es la fiesta del gobernador Alejandro Murat que la disfruta en ese ba\u00f1o de pueblo que se da antes de irse y que se utiliza para publicitar su desgobierno en aras de su futuro pol\u00edtico.<\/p>\n\n\n\n<figure class=\"wp-block-image size-large\"><a href=\"https:\/\/redsemlac.com\/semmexico\/wp-content\/uploads\/2022\/07\/justiciaparaaideg-2.jpeg\"><img decoding=\"async\" src=\"https:\/\/redsemlac.com\/semmexico\/wp-content\/uploads\/2022\/07\/justiciaparaaideg-2-1024x768.jpeg\" alt=\"\" class=\"wp-image-53619\"\/><\/a><\/figure>\n\n\n\n<p class=\"wp-block-paragraph\">Yo conoc\u00ed Aid\u00e9 Rojas Hern\u00e1ndez fue hace muchos a\u00f1os, poco m\u00e1s de tres d\u00e9cadas. Estaba embarazada de mi hija Sol, otra de las v\u00edctimas de la impunidad que solapa el que ahora baila en las esquinas. Entonces conoc\u00ed a Aid\u00e9. Trabajamos juntas por un tiempo. Despu\u00e9s nos vimos algunas veces. El s\u00e1bado habl\u00e9 con Paty Jim\u00e9nez y le pregunt\u00e9 c\u00f3mo segu\u00eda Aid\u00e9, ella como sus amigas cercanas estaba conmovida. Confieso que no sab\u00eda que era ella, la misma Aid\u00e9 que conoc\u00ed a finales de los ochenta. Por tercera vez, Paty Jim\u00e9nez dijo que ella siempre expresaba que si algo le pasaba me llamar\u00eda. Aqu\u00ed estamos para exigir #JusticiaParaAid\u00e9<\/p>\n\n\n\n<p class=\"wp-block-paragraph\">En Oaxaca de Ju\u00e1rez, hoy hay una fiesta. Al mismo tiempo en que el cuerpo de Aid\u00e9 luchaba por sobrevivir al ataque, el gobernador de Oaxaca, despreocupado, bailaba en cada esquina de centro hist\u00f3rico encabezando los desfiles de las delegaciones, como si fuera eso necesario. Y hoy, al mismo tiempo en que el cuerpo de Aid\u00e9 era recibido en la tierra que la vio nacer, en Miahuatl\u00e1n de Porfirio D\u00edaz, el gobernador de Oaxaca Alejandro Murat euf\u00f3rico presid\u00eda la fiesta desde el auditorio Guelaguetza. As\u00ed es la vida, dir\u00e1n algunos. Otras la vemos diferente.<\/p>\n","protected":false},"excerpt":{"rendered":"<p>Me lo hab\u00eda prometido, quer\u00eda hacerlo, pero parece una tarea imposible, \u00bfc\u00f3mo se vuelve una ajena ante lo evidente? Imposible. <\/p>\n","protected":false},"author":3,"featured_media":8460,"comment_status":"open","ping_status":"open","sticky":false,"template":"","format":"standard","meta":{"_monsterinsights_skip_tracking":false,"footnotes":""},"categories":[693,96,35,75],"tags":[459],"class_list":["post-53616","post","type-post","status-publish","format-standard","has-post-thumbnail","category-693","category-mujeres-y-politica","category-opinion","category-soledad-jarquin-edgar","tag-opinion"],"_links":{"self":[{"href":"https:\/\/redsemlac.com\/semmexico\/wp-json\/wp\/v2\/posts\/53616","targetHints":{"allow":["GET"]}}],"collection":[{"href":"https:\/\/redsemlac.com\/semmexico\/wp-json\/wp\/v2\/posts"}],"about":[{"href":"https:\/\/redsemlac.com\/semmexico\/wp-json\/wp\/v2\/types\/post"}],"author":[{"embeddable":true,"href":"https:\/\/redsemlac.com\/semmexico\/wp-json\/wp\/v2\/users\/3"}],"replies":[{"embeddable":true,"href":"https:\/\/redsemlac.com\/semmexico\/wp-json\/wp\/v2\/comments?post=53616"}],"version-history":[{"count":0,"href":"https:\/\/redsemlac.com\/semmexico\/wp-json\/wp\/v2\/posts\/53616\/revisions"}],"wp:featuredmedia":[{"embeddable":true,"href":"https:\/\/redsemlac.com\/semmexico\/wp-json\/wp\/v2\/media\/8460"}],"wp:attachment":[{"href":"https:\/\/redsemlac.com\/semmexico\/wp-json\/wp\/v2\/media?parent=53616"}],"wp:term":[{"taxonomy":"category","embeddable":true,"href":"https:\/\/redsemlac.com\/semmexico\/wp-json\/wp\/v2\/categories?post=53616"},{"taxonomy":"post_tag","embeddable":true,"href":"https:\/\/redsemlac.com\/semmexico\/wp-json\/wp\/v2\/tags?post=53616"}],"curies":[{"name":"wp","href":"https:\/\/api.w.org\/{rel}","templated":true}]}}