{"id":53613,"date":"2022-07-25T15:04:23","date_gmt":"2022-07-25T21:04:23","guid":{"rendered":"https:\/\/redsemlac.com\/semmexico\/?p=53613"},"modified":"2023-07-21T19:10:10","modified_gmt":"2023-07-22T00:10:10","slug":"protocolo-violeta-se-puso-en-marcha-para-la-busqueda-de-la-menor-desaparecida-en-chilpancingo-elizabeth-nolasco-garzon","status":"publish","type":"post","link":"https:\/\/redsemlac.com\/semmexico\/protocolo-violeta-se-puso-en-marcha-para-la-busqueda-de-la-menor-desaparecida-en-chilpancingo-elizabeth-nolasco-garzon\/","title":{"rendered":"\u201cProtocolo Violeta\u201d, se puso en marcha para la b\u00fasqueda de la menor desaparecida en Chilpancingo, Elizabeth Nolasco Garz\u00f3n"},"content":{"rendered":"\n<ul class=\"wp-block-list\"><li><strong>Por la desaparici\u00f3n de la menor la FGE, emiti\u00f3 dos fichas de b\u00fasqueda, una a trav\u00e9s de la Alerta Violeta y otra Alerta Amber<\/strong><\/li><li><strong>El Protocolo Violeta en Guerrero, contempla la b\u00fasqueda inmediata de ni\u00f1as y mujeres con la participaci\u00f3n de los tres niveles de gobierno.<\/strong><\/li><\/ul>\n\n\n\n<p class=\"wp-block-paragraph\"><strong>Josefina Aguilar Pastor<\/strong><br>SemM\u00e9xico, Chilpancingo, Guerrero, 25 de julio del 2022.- Como parte del reciente \u201cProtocolo Violeta\u201d, que se puso en marcha el pasado 18, el Ayuntamiento de Chilpancingo, coadyuva con el gobierno del Estado, en la localizaci\u00f3n de una menor reportada la semana pasada como desaparecida, con una campa\u00f1a de difusi\u00f3n, inform\u00f3 la presidenta municipal, Norma Otilia Hern\u00e1ndez Mart\u00ednez.<\/p>\n\n\n\n<p class=\"wp-block-paragraph\"><br>Evelyn Salgado, dio a conocer que debido a lo que le faculta la ley, al ayuntamiento solo le corresponde difundir la alerta de b\u00fasqueda, o en su caso, dar acompa\u00f1amiento a la familia, a las v\u00edctimas de ser necesario.<\/p>\n\n\n\n<p class=\"wp-block-paragraph\"><br>Como primeros respondientes, dijo que cuentan con una estructura m\u00e1s centrada en el municipio y que es el \u00e1mbito en el que se circunscriben sus acciones.<\/p>\n\n\n\n<p class=\"wp-block-paragraph\"><br>De manera particular, Hern\u00e1ndez Mart\u00ednez se pronunci\u00f3 a favor esta estrategia porque dijo, adem\u00e1s de que implica la participaci\u00f3n de los tres \u00f3rdenes de gobierno, es de reacci\u00f3n inmediata de manera conjunta todas las dependencias.<\/p>\n\n\n\n<p class=\"wp-block-paragraph\"><br>\u201cYo estoy contenta con este programa porque antes ten\u00eda que hacerse todo un proceso burocr\u00e1tico para poderse definir si la ni\u00f1a, joven o mujer estaba desaparecida.. y no importa, as\u00ed se haya salido de su casa, me gusta este programa porque va ser de manera inmediata la b\u00fasqueda\u201d, expuso la alcaldesa.<\/p>\n\n\n\n<p class=\"wp-block-paragraph\"><br>La idea indic\u00f3, es que todas las dependencias puedan actuar de manera conjunta, y de manera inmediata, sin embargo, dijo que fue apenas este domingo, en que fue informada por parte de la responsable de la unidad de g\u00e9nero, del caso de la desaparici\u00f3n de la menor Elizabeth Nolasco.<\/p>\n\n\n\n<p class=\"wp-block-paragraph\"><br>El Protocolo Violeta en Guerrero, contempla la b\u00fasqueda inmediata de ni\u00f1as y mujeres desaparecidas a trav\u00e9s de la Alerta Violeta, con la participaci\u00f3n de los tres niveles de gobierno y la colaboraci\u00f3n de los diversos sectores de la sociedad civil.<\/p>\n\n\n\n<p class=\"wp-block-paragraph\"><br>Se divide en tres estrategias principales: Alerta para la b\u00fasqueda de ni\u00f1as, adolescentes y mujeres desaparecidas; la aplicaci\u00f3n digital \u201cS. O. S Mujeres\u201d que funcionar\u00e1 como un bot\u00f3n de emergencia, y Estrategia de Espacios y Transporte Seguro para Mujeres en Guerrero.<\/p>\n\n\n\n<p class=\"wp-block-paragraph\"><br>Por la desaparici\u00f3n de la menor Elizabeth Nolasco, la Fiscal\u00eda General del Estado (FGE), emiti\u00f3 dos fichas de b\u00fasqueda, una a trav\u00e9s de la Alerta Violeta, en la que menciona, que se trata de una menor de 11 a\u00f1os de edad, cuya desaparici\u00f3n ocurri\u00f3 en Chilpancingo, entre las se\u00f1as particulares, se\u00f1ala que tiene una cicatriz en el lado derecho de la ceja.<\/p>\n\n\n\n<p class=\"wp-block-paragraph\"><br>Asimismo, emiti\u00f3 una Alerta Amber, en la que menciona que se trata de una menor de 12 a\u00f1os, que presenta una cicatriz en la ceja derecha y un lunar en el ment\u00f3n del lado derecho, fue vista por \u00faltima vez el 21 de julio, al salir de su domicilio en Ahuacotzingo.<br>SEM\/MG<\/p>\n","protected":false},"excerpt":{"rendered":"<p>Por la desaparici\u00f3n de la menor la FGE, emiti\u00f3 dos fichas de b\u00fasqueda, una a trav\u00e9s de la Alerta Violeta y otra Alerta Amber<br \/>\nEl Protocolo Violeta en Guerrero, contempla la b\u00fasqueda inmediata de ni\u00f1as y mujeres con la participaci\u00f3n de los tres niveles de gobierno<\/p>\n","protected":false},"author":3,"featured_media":53614,"comment_status":"open","ping_status":"open","sticky":false,"template":"","format":"standard","meta":{"_monsterinsights_skip_tracking":false,"footnotes":""},"categories":[693,51],"tags":[],"class_list":["post-53613","post","type-post","status-publish","format-standard","has-post-thumbnail","category-693","category-ejecutivo"],"_links":{"self":[{"href":"https:\/\/redsemlac.com\/semmexico\/wp-json\/wp\/v2\/posts\/53613","targetHints":{"allow":["GET"]}}],"collection":[{"href":"https:\/\/redsemlac.com\/semmexico\/wp-json\/wp\/v2\/posts"}],"about":[{"href":"https:\/\/redsemlac.com\/semmexico\/wp-json\/wp\/v2\/types\/post"}],"author":[{"embeddable":true,"href":"https:\/\/redsemlac.com\/semmexico\/wp-json\/wp\/v2\/users\/3"}],"replies":[{"embeddable":true,"href":"https:\/\/redsemlac.com\/semmexico\/wp-json\/wp\/v2\/comments?post=53613"}],"version-history":[{"count":0,"href":"https:\/\/redsemlac.com\/semmexico\/wp-json\/wp\/v2\/posts\/53613\/revisions"}],"wp:featuredmedia":[{"embeddable":true,"href":"https:\/\/redsemlac.com\/semmexico\/wp-json\/wp\/v2\/media\/53614"}],"wp:attachment":[{"href":"https:\/\/redsemlac.com\/semmexico\/wp-json\/wp\/v2\/media?parent=53613"}],"wp:term":[{"taxonomy":"category","embeddable":true,"href":"https:\/\/redsemlac.com\/semmexico\/wp-json\/wp\/v2\/categories?post=53613"},{"taxonomy":"post_tag","embeddable":true,"href":"https:\/\/redsemlac.com\/semmexico\/wp-json\/wp\/v2\/tags?post=53613"}],"curies":[{"name":"wp","href":"https:\/\/api.w.org\/{rel}","templated":true}]}}