{"id":53606,"date":"2022-07-25T12:58:11","date_gmt":"2022-07-25T18:58:11","guid":{"rendered":"https:\/\/redsemlac.com\/semmexico\/?p=53606"},"modified":"2023-07-21T19:10:10","modified_gmt":"2023-07-22T00:10:10","slug":"sin-justicia-tras-casi-una-decada-del-feminicidio-de-pilar-arguello","status":"publish","type":"post","link":"https:\/\/redsemlac.com\/semmexico\/sin-justicia-tras-casi-una-decada-del-feminicidio-de-pilar-arguello\/","title":{"rendered":"Sin justicia tras casi una d\u00e9cada del feminicidio de Pilar Arg\u00fcello"},"content":{"rendered":"\n<ul class=\"wp-block-list\"><li><strong>Se cumple un lustro del dictamen de CEDAW que visibiliz\u00f3 en 2014 la violencia machista en M\u00e9xico<\/strong><\/li><\/ul>\n\n\n\n<ul class=\"wp-block-list\"><li><strong>Este martes Equifon\u00eda ofrece conferencia de prensa para dar a conocer \u201clos avances\u201d<\/strong><\/li><\/ul>\n\n\n\n<p class=\"wp-block-paragraph\"><strong>Lorena Vaniezcot<\/strong><\/p>\n\n\n\n<p class=\"wp-block-paragraph\">SemM\u00e9xico, Cd. de M\u00e9xico, 25 de julio del 2022.- A 40 d\u00edas de que se cumplan 10 a\u00f1os del feminicidio de Pilar Arg\u00fcello Trujillo, este martes su familia y Equifon\u00eda Colectivo por la Ciudadan\u00eda, Autonom\u00eda y Libertad de las Mujeres ofrecer\u00e1n una conferencia de prensa para dar a conocer \u201clos avances\u201d tras el Dictamen de fecha 21 de julio de 2017 emitido por el Comit\u00e9 para la Eliminaci\u00f3n de la Discriminaci\u00f3n contra la Mujer (Comit\u00e9 CEDAW).<\/p>\n\n\n\n<p class=\"wp-block-paragraph\">Pilar Arg\u00fcello Trujillo, de 20 a\u00f1os de edad, fue asesinada en Coscomatepec, Veracruz, un 3 de septiembre de 2012, por su novio, identificado como A.R.M. entonces de 16 o 17 a\u00f1os. El menor de edad confes\u00f3 los hechos, sin embargo, dos meses despu\u00e9s la jueza del Juzgado de Responsabilidad Juvenil, dijo que no exist\u00edan pruebas suficientes y lo liber\u00f3 del \u201chomicidio calificado\u201d, a pesar de haber confesado el asesinato violento (feminicidio) y la violaci\u00f3n sexual en contra de la v\u00edctima.<\/p>\n\n\n\n<p class=\"wp-block-paragraph\">Ante la negaci\u00f3n de la justicia, la madre y el padre de Pilar Arguello &#8211; Reyna Trujillo y Pedro Arg\u00fcello- y Equifon\u00eda presentaron el caso ante la justicia internacional en agosto de 2014, \u201c\u2026por la falta de acceso a mecanismos judiciales y administrativos adecuados y efectivos en la investigaci\u00f3n apropiada de la muerte de su hija, lo cual condujo a la impunidad\u201d.<\/p>\n\n\n\n<p class=\"wp-block-paragraph\">En julio de 2017, tres a\u00f1os despu\u00e9s se emiti\u00f3 un dictamen (CEDAW\/C\/67\/D\/75\/2014), aprobado por el Comit\u00e9 CEDAW, en el que se exponen las diversas preocupaciones como los altos \u00edndices de violencia contra las mujeres, los escasos casos de violencia contra las mujeres que se notifican a las autoridades por temor a represalias, la persistente en relaci\u00f3n con la investigaci\u00f3n, el enjuiciamiento y el castigo de los autores de actos de violencia contra mujeres en todo el pa\u00eds, as\u00ed como la absoluci\u00f3n del se\u00f1alado como responsable del feminicidio de Pilar Arg\u00fcello y que las autoridades del Estado parte no parecen haber realizado&nbsp; ninguna actividad&nbsp; con miras a aclarar las circunstancias del delito.<\/p>\n\n\n\n<p class=\"wp-block-paragraph\"><em>En ese sentido el Comit\u00e9 CEDAW elabor\u00f3 seis recomendaciones:<\/em><\/p>\n\n\n\n<ol class=\"wp-block-list\" type=\"1\"><li>Reanudar la investigaci\u00f3n del asesinato de Pilar Arg\u00fcello Trujillo, dentro de un plazo razonable a fin de identificar y eliminar los obst\u00e1culos <em>de jure<\/em> o <em>de facto<\/em> que hayan impedido aclarar las circunstancias del delito y la identificaci\u00f3n de sus autores. Esto pondr\u00eda en evidencia la determinaci\u00f3n del Estado parte de garantizar el acceso a la justicia a los autores de la presente comunicaci\u00f3n;<\/li><\/ol>\n\n\n\n<p class=\"wp-block-paragraph\">2. Cumplir con el art\u00edculo 8 del Protocolo Facultativo firmado por M\u00e9xico:<\/p>\n\n\n\n<p class=\"wp-block-paragraph\">a) garantizar el funcionamiento de procedimientos adecuados (eficientes, imparciales e independientes) para investigar, enjuiciar y sancionar a los autores de actos de violencia contra las mujeres, especialmente en el caso de feminicidio;<\/p>\n\n\n\n<p class=\"wp-block-paragraph\">b) Detectar y eliminar las trabas estructurales que obstaculizan el funcionamiento del sistema de justicia y la investigaci\u00f3n eficaz de los homicidios de mujeres por raz\u00f3n de g\u00e9nero;<\/p>\n\n\n\n<p class=\"wp-block-paragraph\">c) Hacer programas que garanticen efectivamente formaci\u00f3n y capacitaci\u00f3n a todos los agentes estatales que participan en las investigaciones, dirigidos a polic\u00eda, fiscales y jueces. Identificar ineficacias y deficiencias en la investigaci\u00f3n, para evitar la impunidad. Profundizar causas y consecuencias de las formas de violencia feminicida; y<\/p>\n\n\n\n<p class=\"wp-block-paragraph\">d) Garantiza el apoyo legal en el acceso a la justicia y todas las garant\u00edas legales de protecci\u00f3n a familiares.<\/p>\n\n\n\n<p class=\"wp-block-paragraph\">El 4 de febrero de este a\u00f1o, la Secretar\u00eda de Gobernaci\u00f3n, public\u00f3 en el Diario Oficial de la Federaci\u00f3n el Acuerdo por el que se ordena la publicaci\u00f3n del dictamen CEDAW\/C\/67\/D\/75\/2014, es decir, ocho a\u00f1os despu\u00e9s.<\/p>\n\n\n\n<p class=\"wp-block-paragraph\">La trascendencia del dictamen de CEDAW ha sido explicado por Araceli Saavedra, directora de Equifon\u00eda, quien destac\u00f3 la importancia de crear un protocolo de investigaci\u00f3n de feminicidios eficiente, tal y como lo se\u00f1ala el compromiso con CEDAW y observar si \u00e9ste ha impactado en otros casos.<\/p>\n\n\n\n<p class=\"wp-block-paragraph\">Lo que s\u00ed se hizo fue seguir con las investigaciones del feminicidio de Pilar pero sin resultados, aunque para la Magistrada Presidenta del Poder Judicial del Estado de Veracruz, Isabel In\u00e9s Romero Cruz, dijo diciembre pasado a la madre y el padre de Pilar, que no pod\u00eda garantizar la justicia terrenal, por lo que les llam\u00f3 a esperar la justicia divina. Equifon\u00eda interpuso una queja ante la Comisi\u00f3n Estatal de Derechos Humanos de Veracruz, la funcionaria sigue hoy en el cargo.<\/p>\n\n\n\n<p class=\"wp-block-paragraph\">A casi 10 a\u00f1os del feminicidio de Pilar Arg\u00fcello Trujillo, no hay avances sustanciales o de contexto en el esclarecimiento de los hechos por parte del Estado Mexicano y persiste la impunidad.<\/p>\n\n\n\n<p class=\"wp-block-paragraph\">SEM\/lv\/il<\/p>\n","protected":false},"excerpt":{"rendered":"<p>Se cumple un lustro del dictamen de CEDAW que visibiliz\u00f3 en 2014 la violencia machista en M\u00e9xico<\/p>\n","protected":false},"author":3,"featured_media":53607,"comment_status":"open","ping_status":"open","sticky":false,"template":"","format":"standard","meta":{"_monsterinsights_skip_tracking":false,"footnotes":""},"categories":[693,47,48],"tags":[],"class_list":["post-53606","post","type-post","status-publish","format-standard","has-post-thumbnail","category-693","category-no-mas-impunidad","category-no-mas-impunidad-no-mas-impunidad"],"_links":{"self":[{"href":"https:\/\/redsemlac.com\/semmexico\/wp-json\/wp\/v2\/posts\/53606","targetHints":{"allow":["GET"]}}],"collection":[{"href":"https:\/\/redsemlac.com\/semmexico\/wp-json\/wp\/v2\/posts"}],"about":[{"href":"https:\/\/redsemlac.com\/semmexico\/wp-json\/wp\/v2\/types\/post"}],"author":[{"embeddable":true,"href":"https:\/\/redsemlac.com\/semmexico\/wp-json\/wp\/v2\/users\/3"}],"replies":[{"embeddable":true,"href":"https:\/\/redsemlac.com\/semmexico\/wp-json\/wp\/v2\/comments?post=53606"}],"version-history":[{"count":0,"href":"https:\/\/redsemlac.com\/semmexico\/wp-json\/wp\/v2\/posts\/53606\/revisions"}],"wp:featuredmedia":[{"embeddable":true,"href":"https:\/\/redsemlac.com\/semmexico\/wp-json\/wp\/v2\/media\/53607"}],"wp:attachment":[{"href":"https:\/\/redsemlac.com\/semmexico\/wp-json\/wp\/v2\/media?parent=53606"}],"wp:term":[{"taxonomy":"category","embeddable":true,"href":"https:\/\/redsemlac.com\/semmexico\/wp-json\/wp\/v2\/categories?post=53606"},{"taxonomy":"post_tag","embeddable":true,"href":"https:\/\/redsemlac.com\/semmexico\/wp-json\/wp\/v2\/tags?post=53606"}],"curies":[{"name":"wp","href":"https:\/\/api.w.org\/{rel}","templated":true}]}}