{"id":53603,"date":"2022-07-25T12:21:56","date_gmt":"2022-07-25T18:21:56","guid":{"rendered":"https:\/\/redsemlac.com\/semmexico\/?p=53603"},"modified":"2023-07-21T19:10:10","modified_gmt":"2023-07-22T00:10:10","slug":"medicos-en-estados-unidos-enfrentan-incertidumbre-legal-sobre-aborto","status":"publish","type":"post","link":"https:\/\/redsemlac.com\/semmexico\/medicos-en-estados-unidos-enfrentan-incertidumbre-legal-sobre-aborto\/","title":{"rendered":"M\u00e9dicos en Estados Unidos enfrentan incertidumbre legal sobre aborto"},"content":{"rendered":"\n<ul class=\"wp-block-list\"><li><strong>El nuevo panorama legal en EU ha dado pie a muchas \u00e1reas grises, lo que crea un nivel significativo de estr\u00e9s para los ginec\u00f3logos, que no saben c\u00f3mo proceder.<\/strong><\/li><li><strong>Las leyes que proh\u00edben el aborto van acompa\u00f1adas de sanciones para las y los m\u00e9dicos y oscilan entre fuertes multas y sentencias de hasta 10 a\u00f1os de prisi\u00f3n: Anthony Behar-Sipa USA.<\/strong><\/li><\/ul>\n\n\n\n<p class=\"wp-block-paragraph\"><strong>Susannah Walden<\/strong><\/p>\n\n\n\n<p class=\"wp-block-paragraph\">SemM\u00e9xico\/El Sol de M\u00e9xico, Ciudad de M\u00e9xico, 25 de julio del 2022.-&nbsp; D\u00edas despu\u00e9s de que el estado estadounidense de Ohio prohibiera los abortos, la doctora Mae Winchester recibi\u00f3 a una paciente que necesitaba interrumpir el embarazo para salvar su vida. \u00abSab\u00eda lo que ten\u00eda que hacer m\u00e9dicamente. Pero legalmente,&nbsp;<strong>\u00bfc\u00f3mo la protejo y me protejo<\/strong>?, cuestion\u00f3.<\/p>\n\n\n\n<p class=\"wp-block-paragraph\">El 24 de junio, la Corte Suprema de Estados Unidos dinamit\u00f3 el derecho al aborto que llevaba casi medio siglo garantizando, lo que dio paso a que una decena de estados conservadores prohibieran o restringieran los abortos en sus territorios.<\/p>\n\n\n\n<p class=\"wp-block-paragraph\">Desde este giro hist\u00f3rico, el panorama legal ha cambiado dejando muchas \u00e1reas grises, lo que crea \u00abun nivel significativo de estr\u00e9s\u00bb en la profesi\u00f3n, se\u00f1ala Harry Nelson, abogado especializado en la defensa de los m\u00e9dicos.<\/p>\n\n\n\n<p class=\"wp-block-paragraph\">En Ohio, donde trabaja la doctora Winchester,&nbsp;<strong>los abortos siguen siendo posibles<\/strong>, pero s\u00f3lo hasta las seis semanas de embarazo y la formulaci\u00f3n sobre la \u00abemergencia m\u00e9dica\u00bb es ambigua.<\/p>\n\n\n\n<p class=\"wp-block-paragraph\">Su paciente hab\u00eda sobrepasado este plazo, por lo que la m\u00e9dica tuvo que consultar al departamento legal del hospital.<\/p>\n\n\n\n<p class=\"wp-block-paragraph\">\u00abS\u00e9 lo que debo hacer m\u00e9dicamente. Pero desde un punto de vista legal, \u00bfc\u00f3mo la protejo? \u00bfC\u00f3mo me protejo yo? \u00bfC\u00f3mo protejo a nuestra instituci\u00f3n? \u00bfA nuestras enfermeras y anestesistas que van a estar involucrados en este caso?\u00bb, le pregunt\u00f3.<\/p>\n\n\n\n<p class=\"wp-block-paragraph\">\u00abEsto es algo que afecta a todos\u00bb, declar\u00f3 la obstetra a la agencia AFP.<\/p>\n\n\n\n<h2 class=\"wp-block-heading\"><strong>La incertidumbre<\/strong><\/h2>\n\n\n\n<p class=\"wp-block-paragraph\">Las leyes que proh\u00edben la pr\u00e1ctica del aborto van acompa\u00f1adas de sanciones sustanciales para los profesionales de la salud. Oscilan entre fuertes multas y sentencias de hasta 10 a\u00f1os de prisi\u00f3n.<\/p>\n\n\n\n<p class=\"wp-block-paragraph\">La amenaza de juicios y los costos legales que llevan asociados crean \u00abuna situaci\u00f3n extra\u00f1a, en la que las y los m\u00e9dicos est\u00e1n nerviosos incluso cuando prestan cuidados leg\u00edtimos en casos con condiciones potencialmente mortales\u00bb, subraya Nelson.<\/p>\n\n\n\n<p class=\"wp-block-paragraph\">El gobierno del presidente Joe Biden ha tratado de brindarles&nbsp;<strong>un poco de seguridad<\/strong>, asegurando que la ley federal \u00abprevalece\u00bb sobre la estatal en materia de emergencias m\u00e9dicas.<\/p>\n\n\n\n<p class=\"wp-block-paragraph\">Si un m\u00e9dico cree que se necesita un aborto para \u00abestabilizar\u00bb una emergencia, debe practicarlo, escribi\u00f3 el ministro de Salud, Xavier Becerra, al personal sanitario de los servicios de urgencias del pa\u00eds.<\/p>\n\n\n\n<p class=\"wp-block-paragraph\">Sin embargo, el estado de Texas ha recurrido a los tribunales, acusando al gobierno dem\u00f3crata de querer \u00abtransformar cada sala de emergencias del pa\u00eds en una cl\u00ednica de aborto sin cita previa\u00bb.<\/p>\n\n\n\n<p class=\"wp-block-paragraph\">El presidente de la poderosa organizaci\u00f3n de planificaci\u00f3n familiar Planned Parenthood, Alexis McGill Johnson, estima que esta denuncia aumenta \u00abla confusi\u00f3n y crea peligro de&nbsp;<strong>muerte en caso de embarazo&nbsp;<\/strong>ect\u00f3pico, septicemia u otro problema vital\u00bb.<\/p>\n\n\n\n<h2 class=\"wp-block-heading\"><strong>El miedo<\/strong><\/h2>\n\n\n\n<p class=\"wp-block-paragraph\">M\u00e1s de 90 fiscales locales han dicho que no abrir\u00e1n procesamientos por estos casos en sus jurisdicciones, pero otros est\u00e1n determinados a hacerlo.<\/p>\n\n\n\n<p class=\"wp-block-paragraph\">El fiscal general de Indiana, quien es ultraconservador, amenaz\u00f3 con demandar a una ginec\u00f3loga que ayud\u00f3 a una ni\u00f1a de 10 a\u00f1os a abortar despu\u00e9s de ser violada.<\/p>\n\n\n\n<p class=\"wp-block-paragraph\">La ni\u00f1a se vio obligada a viajar desde su estado de Ohio porque hab\u00eda excedido las seis semanas de embarazo. Las&nbsp;<strong>interrupciones voluntarias de embarazo siguen siendo legales en Indiana<\/strong>, pero el fiscal general Todd Rokita acus\u00f3 a la ginec\u00f3loga de incumplir con sus obligaciones de informar del caso. Finalmente, los abogados de la doctora demostraron que s\u00ed lo hab\u00eda hecho.<\/p>\n\n\n\n<p class=\"wp-block-paragraph\">Nelson estima que este caso muestra c\u00f3mo ciertos fiscales, funcionarios electos, pueden usar \u00abt\u00e1cticas intimidatorias\u00bb para desanimar a los m\u00e9dicos.<\/p>\n\n\n\n<h2 class=\"wp-block-heading\"><strong>Entre la espada y la pared<\/strong><\/h2>\n\n\n\n<p class=\"wp-block-paragraph\">Los m\u00e9dicos no son los \u00fanicos que asumen riesgos. En Texas, Idaho u Oklahoma las leyes autorizan demandas civiles contra cualquier persona que ayude a las mujeres a abortar, lo que podr\u00eda afectar tanto a una o un taxista como a una asociaci\u00f3n que financia la intervenci\u00f3n.<\/p>\n\n\n\n<p class=\"wp-block-paragraph\"><strong>La vaguedad legal tambi\u00e9n resulta peligrosa&nbsp;<\/strong>para otras enfermedades, como por ejemplo los tratamientos contra el c\u00e1ncer que pueden amenazar el embarazo.<\/p>\n\n\n\n<p class=\"wp-block-paragraph\">\u00abDebido a que cada situaci\u00f3n es diferente, es muy dif\u00edcil para nosotros redactar pautas, y todos piden pautas\u00bb, explica Kristin Lyerly, del Colegio de Ginec\u00f3logos estadounidenses que, junto a 75 organizaciones, denuncia interferencias legislativas en el trabajo de los m\u00e9dicos.<\/p>\n\n\n\n<p class=\"wp-block-paragraph\">\u00abEl manejo del embarazo es complicado, pero<strong>&nbsp;lo tienen que hacer los m\u00e9dicos, no los pol\u00edticos<\/strong>\u00ab, declara a la AFP.<\/p>\n\n\n\n<p class=\"wp-block-paragraph\">Desde el fallo de la Corte Suprema, los ginec\u00f3logos se sienten \u00abatrapados entre la espada y la pared\u00bb, dice. \u00abQu\u00e9 se supone que debes hacer: \u00bfCometer malas pr\u00e1cticas o ir a la c\u00e1rcel como criminal por practicar un aborto?\u00bb<\/p>\n\n\n\n<p class=\"wp-block-paragraph\">SEM\/MG<\/p>\n","protected":false},"excerpt":{"rendered":"<p>El nuevo panorama legal en EU ha dado pie a muchas \u00e1reas grises, lo que crea un nivel significativo de estr\u00e9s para los ginec\u00f3logos, que no saben c\u00f3mo proceder.<\/p>\n","protected":false},"author":3,"featured_media":53604,"comment_status":"open","ping_status":"open","sticky":false,"template":"","format":"standard","meta":{"_monsterinsights_skip_tracking":false,"footnotes":""},"categories":[693,53],"tags":[],"class_list":["post-53603","post","type-post","status-publish","format-standard","has-post-thumbnail","category-693","category-internacional"],"_links":{"self":[{"href":"https:\/\/redsemlac.com\/semmexico\/wp-json\/wp\/v2\/posts\/53603","targetHints":{"allow":["GET"]}}],"collection":[{"href":"https:\/\/redsemlac.com\/semmexico\/wp-json\/wp\/v2\/posts"}],"about":[{"href":"https:\/\/redsemlac.com\/semmexico\/wp-json\/wp\/v2\/types\/post"}],"author":[{"embeddable":true,"href":"https:\/\/redsemlac.com\/semmexico\/wp-json\/wp\/v2\/users\/3"}],"replies":[{"embeddable":true,"href":"https:\/\/redsemlac.com\/semmexico\/wp-json\/wp\/v2\/comments?post=53603"}],"version-history":[{"count":0,"href":"https:\/\/redsemlac.com\/semmexico\/wp-json\/wp\/v2\/posts\/53603\/revisions"}],"wp:featuredmedia":[{"embeddable":true,"href":"https:\/\/redsemlac.com\/semmexico\/wp-json\/wp\/v2\/media\/53604"}],"wp:attachment":[{"href":"https:\/\/redsemlac.com\/semmexico\/wp-json\/wp\/v2\/media?parent=53603"}],"wp:term":[{"taxonomy":"category","embeddable":true,"href":"https:\/\/redsemlac.com\/semmexico\/wp-json\/wp\/v2\/categories?post=53603"},{"taxonomy":"post_tag","embeddable":true,"href":"https:\/\/redsemlac.com\/semmexico\/wp-json\/wp\/v2\/tags?post=53603"}],"curies":[{"name":"wp","href":"https:\/\/api.w.org\/{rel}","templated":true}]}}