{"id":53600,"date":"2022-07-25T12:19:38","date_gmt":"2022-07-25T18:19:38","guid":{"rendered":"https:\/\/redsemlac.com\/semmexico\/?p=53600"},"modified":"2023-07-21T19:10:10","modified_gmt":"2023-07-22T00:10:10","slug":"india-elige-presidenta-por-segunda-vez-desde-su-independencia","status":"publish","type":"post","link":"https:\/\/redsemlac.com\/semmexico\/india-elige-presidenta-por-segunda-vez-desde-su-independencia\/","title":{"rendered":"India elige presidenta por segunda vez desde su independencia"},"content":{"rendered":"\n<p class=\"wp-block-paragraph\"><strong>Paco Audije<\/strong><\/p>\n\n\n\n<p class=\"wp-block-paragraph\">SemM\u00e9xico\/Periodistas en espa\u00f1ol, Ciudad de M\u00e9xico. 25 de julio del 2022.- El pr\u00f3ximo 15 de agosto (2022), cuando la India celebre el 75 aniversario de su independencia, una mujer presidir\u00e1 el gran desfile tradicional que lo conmemora en Nueva Delhi.<\/p>\n\n\n\n<h2 class=\"wp-block-heading\"><strong>Draupadi Murmu<\/strong><\/h2>\n\n\n\n<p class=\"wp-block-paragraph\">Se llama Draupadi Murmu, tiene 64 a\u00f1os y es la segunda mujer que accede a ese puesto, en realidad con m\u00e1s impacto ceremonial y simb\u00f3lico que poder efectivo. El gobierno seguir\u00e1 encabezado por el conservador hind\u00fa Narendra Modi, como ella del Bharatiya Janata Party (BJP, Partido Popular Indio).<\/p>\n\n\n\n<p class=\"wp-block-paragraph\">De modo que el poder ejecutivo seguir\u00e1 en manos de Modi, aunque la nueva presidenta tenga la capacidad de rechazar proyectos de ley, obligar al parlamento a rediscutirlos o participar en la gesti\u00f3n y formaci\u00f3n de los sucesivos gobiernos.<\/p>\n\n\n\n<p class=\"wp-block-paragraph\">Droupadi Murmu proviene de una de las poblaciones conocidas por el t\u00e9rmino adivasi, grupos tribales que se consideran como los pobladores originarios del subcontinente, anteriores a las invasiones indoarias.<\/p>\n\n\n\n<p class=\"wp-block-paragraph\">En t\u00e9rminos hist\u00f3ricos, ling\u00fc\u00edsticos y antropol\u00f3gicos, los adivasi (tribals, seg\u00fan el t\u00e9rmino angl\u00f3fono habitualmente utilizado en la India) se distinguen, por un lado, de la mayor\u00eda que tiene lenguas maternas derivadas del s\u00e1nscrito (en los estados del centro y norte); as\u00ed como de la mayor\u00eda distinta de los estados del sur, donde predominan las lenguas de origen drav\u00eddico (tamil, telegu, etc\u00e9tera).<\/p>\n\n\n\n<p class=\"wp-block-paragraph\">Murmu es una de las personas descritas sociol\u00f3gicamente como tribales, que incluso no se estiman incluidas en otros grupos fuera del sistema de castas (scheduled castes, sin casta asignada, seg\u00fan la concepci\u00f3n tradicional hind\u00fa).<\/p>\n\n\n\n<p class=\"wp-block-paragraph\">En el caso de los adivasi, el t\u00e9rmino habitual m\u00e1s utilizado es sencillamente tribal o, en t\u00e9rminos constitucionales, procedente de las scheduled tribes. Se trata de un t\u00e9rmino paralelo pero que no designa exactamente a los mismos grupos que los scheduled castes, conocidos como intocables o dalits (t\u00e9rmino preferente) o harijans (concepto utilizado por Gandhi que provoca rechazo social en la actualidad).<\/p>\n\n\n\n<p class=\"wp-block-paragraph\">Un editorial del diario The Hindu lo analiza de este modo:<\/p>\n\n\n\n<p class=\"wp-block-paragraph\">-La elecci\u00f3n de Droupadi Murmu como el 15\u00ba Presidente est\u00e1 llena de simbolismo. En el 75 aniversario de la independencia, la se\u00f1ora Murmu es la segunda mujer que ocupa la Rashtrapati Bhavan (sede de la presidencia) y el primer miembro de una comunidad tribal que lo consigue. Pertenece a la tribu Santhal y ha escalado los distintos niveles del BJP, tras demostrar su personalidad y apertura de car\u00e1cter cuando ejerci\u00f3 el cargo de gobernadora del Estado de Jharkhand (noreste de la India).<\/p>\n\n\n\n<p class=\"wp-block-paragraph\">The Hindu recuerda algunas figuras con parecidos or\u00edgenes en las poblaciones m\u00e1s pobres y apartadas del pa\u00eds que impactaron en la pol\u00edtica india, desde que hace 101 a\u00f1os ya hubiera dos casos de cargos electos durante el per\u00edodo colonial brit\u00e1nico.<\/p>\n\n\n\n<p class=\"wp-block-paragraph\">La legalidad constitucional india declara proteger a estos grupos, normalmente apartados del flujo social y pol\u00edtico dominante. En la delimitaci\u00f3n federal de la Rep\u00fablica de la India se han formado tambi\u00e9n nuevos estados para precisar mejor esa protecci\u00f3n (Jharkhand es uno de ellos). Varias leyes tratan de amparar sus culturas y sus entornos medioambientales (concesi\u00f3n de derechos forestales, por ejemplo).<\/p>\n\n\n\n<p class=\"wp-block-paragraph\">En todo caso, esta elecci\u00f3n presidencial, en la que s\u00f3lo participan los parlamentarios de las dos c\u00e1maras federales, los de los 28 parlamentos de los estados, as\u00ed como los de los ocho territorios considerados union territories (Delhi, Goa, etc), demuestra la habilidad maquiav\u00e9lica de Narendra Modi, quien promueve una pol\u00edtica de hinduismo conservador a ultranza (hindutva), que incluye espor\u00e1dicos y graves episodios de acoso a las minor\u00edas, sobre todo a los musulmanes, mientras consigue que una adivasi suceda a un dalit (el presidente saliente, Ram Nath Kovind, es de origen intocable).<\/p>\n\n\n\n<p class=\"wp-block-paragraph\">Queda por ver ahora si la elecci\u00f3n de Murmu tiene alg\u00fan impacto significativo. Los m\u00e1s pobres de los pobres recuerdan el caso del intocable B.R. Ambedkar, coet\u00e1neo de Gandhi, y redactor principal de la constituci\u00f3n india. El imaginario real y colectivo sobre las castas es m\u00e1s reducido que en el tiempo de Gandhi y Ambedkar, pero sigue teniendo un peso enorme en la sociedad y en la pol\u00edtica indias.<\/p>\n\n\n\n<p class=\"wp-block-paragraph\">Debe anotarse, sin embargo, que en aquel pa\u00eds de 1300 millones de habitantes, las clases sociales y las castas no son lo mismo.<\/p>\n\n\n\n<p class=\"wp-block-paragraph\">No coinciden, ni se corresponden en muchos casos. Pero la diferenciaci\u00f3n por los or\u00edgenes personales y familiares sigue pesando en el estatus personal, en el porvenir y en el reconocimiento social de cientos de millones de individuos, sobre todo en las zonas rurales.&nbsp;<\/p>\n\n\n\n<p class=\"wp-block-paragraph\">Draupadi Murmu ha sido elegida con el apoyo del BJP y de algunos partidos de la oposici\u00f3n. En el discurso oficial de Modi, \u00abrepresenta el rayo de esperanza de todos los ciudadanos, especialmente de los pobres, los marginados y los oprimidos\u00bb.<\/p>\n\n\n\n<p class=\"wp-block-paragraph\">Veremos en qu\u00e9 queda todo eso.<\/p>\n\n\n\n<p class=\"wp-block-paragraph\">Su rival principal en la elecci\u00f3n presidencial ha sido Yashwant Sinha, exministro de exteriores y tambi\u00e9n exministro de hacienda, a quien apoyaba la mayor parte de la oposici\u00f3n.<\/p>\n\n\n\n<p class=\"wp-block-paragraph\">Murmu es la segunda presidenta de la India, tras Pratibha Patil (quien ejerci\u00f3 como presidenta en el per\u00edodo 2007-2012).<\/p>\n\n\n\n<p class=\"wp-block-paragraph\">La nueva presidenta india ha sido maestra antes de lanzarse a la lucha pol\u00edtica en Jharkhand (aunque ella es originaria de otro estado indio).<\/p>\n\n\n\n<p class=\"wp-block-paragraph\">Draupadi Murmu tomar\u00e1 posesi\u00f3n de la presidencia a finales de esta semana. Se trata de una mujer, de la persona m\u00e1s joven en acceder a la presidencia de la India y de la primera que ha nacido despu\u00e9s de que su pa\u00eds se convirtiera en una rep\u00fablica independiente.<\/p>\n\n\n\n<p class=\"wp-block-paragraph\">SEM\/MG<\/p>\n","protected":false},"excerpt":{"rendered":"<p>El pr\u00f3ximo 15 de agosto (2022), cuando la India celebre el 75 aniversario de su independencia, una mujer presidir\u00e1 el gran desfile tradicional que lo conmemora en Nueva Delhi.<\/p>\n","protected":false},"author":3,"featured_media":53601,"comment_status":"open","ping_status":"open","sticky":false,"template":"","format":"standard","meta":{"_monsterinsights_skip_tracking":false,"footnotes":""},"categories":[693,53],"tags":[],"class_list":["post-53600","post","type-post","status-publish","format-standard","has-post-thumbnail","category-693","category-internacional"],"_links":{"self":[{"href":"https:\/\/redsemlac.com\/semmexico\/wp-json\/wp\/v2\/posts\/53600","targetHints":{"allow":["GET"]}}],"collection":[{"href":"https:\/\/redsemlac.com\/semmexico\/wp-json\/wp\/v2\/posts"}],"about":[{"href":"https:\/\/redsemlac.com\/semmexico\/wp-json\/wp\/v2\/types\/post"}],"author":[{"embeddable":true,"href":"https:\/\/redsemlac.com\/semmexico\/wp-json\/wp\/v2\/users\/3"}],"replies":[{"embeddable":true,"href":"https:\/\/redsemlac.com\/semmexico\/wp-json\/wp\/v2\/comments?post=53600"}],"version-history":[{"count":0,"href":"https:\/\/redsemlac.com\/semmexico\/wp-json\/wp\/v2\/posts\/53600\/revisions"}],"wp:featuredmedia":[{"embeddable":true,"href":"https:\/\/redsemlac.com\/semmexico\/wp-json\/wp\/v2\/media\/53601"}],"wp:attachment":[{"href":"https:\/\/redsemlac.com\/semmexico\/wp-json\/wp\/v2\/media?parent=53600"}],"wp:term":[{"taxonomy":"category","embeddable":true,"href":"https:\/\/redsemlac.com\/semmexico\/wp-json\/wp\/v2\/categories?post=53600"},{"taxonomy":"post_tag","embeddable":true,"href":"https:\/\/redsemlac.com\/semmexico\/wp-json\/wp\/v2\/tags?post=53600"}],"curies":[{"name":"wp","href":"https:\/\/api.w.org\/{rel}","templated":true}]}}