{"id":53597,"date":"2022-07-25T12:08:04","date_gmt":"2022-07-25T18:08:04","guid":{"rendered":"https:\/\/redsemlac.com\/semmexico\/?p=53597"},"modified":"2023-07-21T19:10:10","modified_gmt":"2023-07-22T00:10:10","slug":"fiscalia-entrega-cuerpo-de-viridiana-a-su-pareja-sus-padres-esperan-resultados-de-metaperitaje","status":"publish","type":"post","link":"https:\/\/redsemlac.com\/semmexico\/fiscalia-entrega-cuerpo-de-viridiana-a-su-pareja-sus-padres-esperan-resultados-de-metaperitaje\/","title":{"rendered":"Fiscal\u00eda entrega cuerpo de Viridiana a su pareja, sus padres esperan resultados de metaperitaje"},"content":{"rendered":"\n<p class=\"wp-block-paragraph\"><strong>Redacci\u00f3n<\/strong><\/p>\n\n\n\n<p class=\"wp-block-paragraph\">SemM\u00e9xico\/Testigo P\u00farpura, Ciudad de M\u00e9xico, 25 de julio del 2022.- La noche del viernes pasado la Fiscal\u00eda General del Estado (FGE) entreg\u00f3 los restos de Viridiana Moreno a quien era su pareja Javier Eduardo Rodr\u00edguez Ojeda, sin que los padres de la joven lo hayan aceptado y reconocido.<\/p>\n\n\n\n<p class=\"wp-block-paragraph\">De acuerdo con la informaci\u00f3n de las autoridades Rodr\u00edguez Ojeda pudo identificar los restos que le fueron mostrados por la Fiscal\u00eda, de esta manera y luego de una solicitud que realiz\u00f3 le fue entregado el cuerpo por la noche de este viernes.<\/p>\n\n\n\n<p class=\"wp-block-paragraph\">\u201cEl suscrito posee en relaci\u00f3n a las caracter\u00edsticas f\u00edsicas de la v\u00edctima, debido a la convivencia con ella y tener datos precisos sobre su cuerpo y vestimentas mismas que apreci\u00e9, atendiendo a los sentidos haciendo el reconocimiento y reiterando mi petici\u00f3n de que me sea entregado el cuerpo de Viridiana Moreno V\u00e1zquez\u201d, indic\u00f3 la Fiscal\u00eda a trav\u00e9s de un bolet\u00edn.<\/p>\n\n\n\n<p class=\"wp-block-paragraph\">Es de mencionar que los padres de Viridiana se encuentran a la espera de una metaperitaje que solicitaron en un laboratorio externo, ante las irregularidades que presentaron las autoridades en este caso.<\/p>\n\n\n\n<p class=\"wp-block-paragraph\">Viridiana desapareci\u00f3 el 17 de mayo cu\u00e1ndo acudi\u00f3 en la ciudad de Cardel a una entrevista de trabajo, durante algunos d\u00edas se realiz\u00f3 su b\u00fasqueda, incluso pobladores de Tlaltetela, de donde era originaria, realizaron brigadas en la zona donde desapareci\u00f3.<\/p>\n\n\n\n<p class=\"wp-block-paragraph\">D\u00edas despu\u00e9s la fiscal\u00eda inform\u00f3 que su cuerpo hab\u00eda sido hallado en un terreno en Chachalacas, sin embargo, los padres de la joven no confiaron en su versi\u00f3n debido a que el gobernador, Cuitl\u00e1huac Garc\u00eda Jim\u00e9nez, hab\u00eda declarado que se encontraba resguardada.<\/p>\n\n\n\n<p class=\"wp-block-paragraph\">La familia, pobladores y la sociedad veracruzana realizaron bloqueos, manifestaciones y plantones para que las autoridades les informaran sobre la situaci\u00f3n, d\u00edas despu\u00e9s la Fiscal\u00eda les inform\u00f3 que los restos hallados coincid\u00edan en un 50 por ciento con el ADN de la joven.<\/p>\n\n\n\n<p class=\"wp-block-paragraph\">Adem\u00e1s de ello, los padres indicaron que los restos que les mostraron no contaban con marcas y tatuajes que la joven ten\u00eda, por eso no aceptaban la versi\u00f3n ni el cuerpo que la FGE les entregaba.<\/p>\n\n\n\n<p class=\"wp-block-paragraph\">Ante la presi\u00f3n medi\u00e1tica y de la ciudadan\u00eda d\u00edas despu\u00e9s la FGE present\u00f3 a dos personas detenidas, se\u00f1aladas como los presuntos responsables de su feminicidio, sin avisarle previamente a la familia realizaron una rueda de prensa donde mostraron videos, fotograf\u00edas como pruebas que los involucraban y afirmaban se trataba de la joven de 32 a\u00f1os.<\/p>\n\n\n\n<p class=\"wp-block-paragraph\">SEM\/MG<\/p>\n","protected":false},"excerpt":{"rendered":"<p>La noche del viernes pasado la Fiscal\u00eda General del Estado (FGE) entreg\u00f3 los restos de Viridiana Moreno a quien era su pareja Javier Eduardo Rodr\u00edguez Ojeda, sin que los padres de la joven lo hayan aceptado y reconocido.<\/p>\n","protected":false},"author":3,"featured_media":53598,"comment_status":"open","ping_status":"open","sticky":false,"template":"","format":"standard","meta":{"_monsterinsights_skip_tracking":false,"footnotes":""},"categories":[693,47,48],"tags":[],"class_list":["post-53597","post","type-post","status-publish","format-standard","has-post-thumbnail","category-693","category-no-mas-impunidad","category-no-mas-impunidad-no-mas-impunidad"],"_links":{"self":[{"href":"https:\/\/redsemlac.com\/semmexico\/wp-json\/wp\/v2\/posts\/53597","targetHints":{"allow":["GET"]}}],"collection":[{"href":"https:\/\/redsemlac.com\/semmexico\/wp-json\/wp\/v2\/posts"}],"about":[{"href":"https:\/\/redsemlac.com\/semmexico\/wp-json\/wp\/v2\/types\/post"}],"author":[{"embeddable":true,"href":"https:\/\/redsemlac.com\/semmexico\/wp-json\/wp\/v2\/users\/3"}],"replies":[{"embeddable":true,"href":"https:\/\/redsemlac.com\/semmexico\/wp-json\/wp\/v2\/comments?post=53597"}],"version-history":[{"count":0,"href":"https:\/\/redsemlac.com\/semmexico\/wp-json\/wp\/v2\/posts\/53597\/revisions"}],"wp:featuredmedia":[{"embeddable":true,"href":"https:\/\/redsemlac.com\/semmexico\/wp-json\/wp\/v2\/media\/53598"}],"wp:attachment":[{"href":"https:\/\/redsemlac.com\/semmexico\/wp-json\/wp\/v2\/media?parent=53597"}],"wp:term":[{"taxonomy":"category","embeddable":true,"href":"https:\/\/redsemlac.com\/semmexico\/wp-json\/wp\/v2\/categories?post=53597"},{"taxonomy":"post_tag","embeddable":true,"href":"https:\/\/redsemlac.com\/semmexico\/wp-json\/wp\/v2\/tags?post=53597"}],"curies":[{"name":"wp","href":"https:\/\/api.w.org\/{rel}","templated":true}]}}