{"id":53594,"date":"2022-07-25T12:05:14","date_gmt":"2022-07-25T18:05:14","guid":{"rendered":"https:\/\/redsemlac.com\/semmexico\/?p=53594"},"modified":"2023-07-21T19:10:10","modified_gmt":"2023-07-22T00:10:10","slug":"diputado-y-diputada-del-prd-proponen-reformas-para-castigar-la-violencia-vicaria-con-hasta-seis-anos-de-prision","status":"publish","type":"post","link":"https:\/\/redsemlac.com\/semmexico\/diputado-y-diputada-del-prd-proponen-reformas-para-castigar-la-violencia-vicaria-con-hasta-seis-anos-de-prision\/","title":{"rendered":"Diputado y diputada del PRD proponen reformas para castigar la violencia vicaria con hasta seis a\u00f1os de prisi\u00f3n"},"content":{"rendered":"\n<ul class=\"wp-block-list\"><li><strong>Asimismo, quien la cometa, perder\u00eda el derecho de patria potestad y se sujetar\u00eda a tratamiento psicol\u00f3gico especializado.<\/strong><\/li><li><strong>Impulsan cambios al C\u00f3digo Penal Federal y a la Ley General de Acceso de las Mujeres a una Vida Libre de Violencia.<\/strong><\/li><\/ul>\n\n\n\n<p class=\"wp-block-paragraph\"><strong>Redacci\u00f3n<\/strong><\/p>\n\n\n\n<p class=\"wp-block-paragraph\">SemM\u00e9xico, Ciudad de M\u00e9xico, 25 de julio del 2022.- A fin de castigar la violencia vicaria con hasta seis a\u00f1os de prisi\u00f3n, la diputada Elizabeth P\u00e9rez Valdez y el diputado H\u00e9ctor Ch\u00e1vez Ruiz, ambos del PRD, impulsan una iniciativa para adicionar diversas disposiciones del C\u00f3digo Penal Federal y de la Ley General de Acceso de las Mujeres a una Vida Libre de Violencia.<\/p>\n\n\n\n<p class=\"wp-block-paragraph\">La propuesta plantea adicionar el Cap\u00edtulo Noveno al T\u00edtulo Decimonoveno denominado \u201cDelitos contra la vida y la integridad corporal\u201d y agregar un art\u00edculo 343 Quinquies al C\u00f3digo Penal Federal, para se\u00f1alar que a quien cometa este delito se le impondr\u00e1 de ocho meses a seis a\u00f1os de prisi\u00f3n y perder\u00e1 el derecho de patria potestad. Asimismo, se le sujetar\u00e1 a tratamiento psicol\u00f3gico especializado.<\/p>\n\n\n\n<p class=\"wp-block-paragraph\">Establece que comete el delito de violencia vicaria quien lleve a cabo actos o conductas de dominio, control o agresi\u00f3n f\u00edsica, psicol\u00f3gica, patrimonial o econ\u00f3mica, con la intenci\u00f3n de romper el v\u00ednculo materno o paterno filial contra la hijas y\/o hijos de la persona con la que se encuentre o haya estado unida por v\u00ednculo matrimonial, concubinato, o una relaci\u00f3n de pareja.<\/p>\n\n\n\n<p class=\"wp-block-paragraph\">Tambi\u00e9n adiciona un art\u00edculo 9 Bis a la Ley General de Acceso de las Mujeres a una Vida Libre de Violencia, para definir que la violencia vicaria son los actos o acciones que ejecuta una persona con la que se encuentre o haya estado unida por v\u00ednculo matrimonial, concubinato, o una relaci\u00f3n de pareja, con la intenci\u00f3n de romper el v\u00ednculo materno o paterno-filial, con sus hijas o hijos, mediante conductas de dominio, control o agresi\u00f3n f\u00edsica, psicol\u00f3gica, patrimonial o econ\u00f3mica, as\u00ed como la interposici\u00f3n de procedimientos judiciales fraudulentos o conductas procesales dilatorias, con la intenci\u00f3n de impedir la convivencia o guarda y custodia con las y los menores o incapaces.<\/p>\n\n\n\n<p class=\"wp-block-paragraph\">El documento, turnado a la Comisi\u00f3n de Igualdad de G\u00e9nero, con opini\u00f3n de la de Justicia, se\u00f1ala que la tipificaci\u00f3n de la violencia vicaria busca proteger dos aspectos: a la v\u00edctima primigenia o directa (pareja, esposa, madre, novia) y a la v\u00edctima secundaria, la cual en su mayor\u00eda suelen ser las y los menores.&nbsp;<\/p>\n\n\n\n<p class=\"wp-block-paragraph\">Resalta que es necesario entender las particularidades de este tipo de violencia, la cual suele confundirse como violencia familiar; sin embargo, se diferencia de la anterior, toda vez que el resultado que se persigue no es la agresi\u00f3n hacia la o las v\u00edctimas indirectas.<\/p>\n\n\n\n<p class=\"wp-block-paragraph\">Menciona que la violencia vicaria tiene caracter\u00edsticas muy particulares, pues la intenci\u00f3n de la persona violentadora es vulnerar a su v\u00edctima, pero \u00e9sta no se ejecuta de una forma directa, es decir hablamos de una violencia indirecta, lo cual se ocasiona porque el violentador deja de tener el control o al alcance a la v\u00edctima primigenia.<\/p>\n\n\n\n<p class=\"wp-block-paragraph\">Un ejemplo, a\u00f1ade, se da cuando la pareja concluye la relaci\u00f3n. Al no poder ejecutar violencia contra su ex pareja, el violentador lo ejecuta a trav\u00e9s de sus hijas, hijos o familiares, de manera que sigue generando una situaci\u00f3n de control, malestar y violencia, la cual puede ser f\u00edsica, emocional o psicol\u00f3gica.<\/p>\n\n\n\n<p class=\"wp-block-paragraph\">La exposici\u00f3n de motivos refiere que la relatora especial de la ONU sobre la Violencia Contra la Mujer, Reem Alsalem, ha advertido que la violencia vicaria se ha convertido en un problema global.<\/p>\n\n\n\n<p class=\"wp-block-paragraph\">\u201cEn M\u00e9xico como en el mundo existe una necesidad innegable de replantearnos la implementaci\u00f3n del sistema jur\u00eddico; comprender que las normas deben avanzar y transformarse a las necesidades de la ciudadan\u00eda, analizar su composici\u00f3n, vigencia e implementaci\u00f3n, buscando desalentar el delito y proteger a la v\u00edctima\u201d, puntualiza.<\/p>\n\n\n\n<p class=\"wp-block-paragraph\">SEM\/MG<\/p>\n","protected":false},"excerpt":{"rendered":"<p>Asimismo, quien la cometa, perder\u00eda el derecho de patria potestad y se sujetar\u00eda a tratamiento psicol\u00f3gico especializado.<\/p>\n","protected":false},"author":3,"featured_media":53595,"comment_status":"open","ping_status":"open","sticky":false,"template":"","format":"standard","meta":{"_monsterinsights_skip_tracking":false,"footnotes":""},"categories":[693,50],"tags":[],"class_list":["post-53594","post","type-post","status-publish","format-standard","has-post-thumbnail","category-693","category-congreso"],"_links":{"self":[{"href":"https:\/\/redsemlac.com\/semmexico\/wp-json\/wp\/v2\/posts\/53594","targetHints":{"allow":["GET"]}}],"collection":[{"href":"https:\/\/redsemlac.com\/semmexico\/wp-json\/wp\/v2\/posts"}],"about":[{"href":"https:\/\/redsemlac.com\/semmexico\/wp-json\/wp\/v2\/types\/post"}],"author":[{"embeddable":true,"href":"https:\/\/redsemlac.com\/semmexico\/wp-json\/wp\/v2\/users\/3"}],"replies":[{"embeddable":true,"href":"https:\/\/redsemlac.com\/semmexico\/wp-json\/wp\/v2\/comments?post=53594"}],"version-history":[{"count":0,"href":"https:\/\/redsemlac.com\/semmexico\/wp-json\/wp\/v2\/posts\/53594\/revisions"}],"wp:featuredmedia":[{"embeddable":true,"href":"https:\/\/redsemlac.com\/semmexico\/wp-json\/wp\/v2\/media\/53595"}],"wp:attachment":[{"href":"https:\/\/redsemlac.com\/semmexico\/wp-json\/wp\/v2\/media?parent=53594"}],"wp:term":[{"taxonomy":"category","embeddable":true,"href":"https:\/\/redsemlac.com\/semmexico\/wp-json\/wp\/v2\/categories?post=53594"},{"taxonomy":"post_tag","embeddable":true,"href":"https:\/\/redsemlac.com\/semmexico\/wp-json\/wp\/v2\/tags?post=53594"}],"curies":[{"name":"wp","href":"https:\/\/api.w.org\/{rel}","templated":true}]}}