{"id":53586,"date":"2022-07-25T11:47:53","date_gmt":"2022-07-25T17:47:53","guid":{"rendered":"https:\/\/redsemlac.com\/semmexico\/?p=53586"},"modified":"2023-07-21T19:10:11","modified_gmt":"2023-07-22T00:10:11","slug":"cubanas-dialogan-sobre-copas-menstruales-y-emprendimientos","status":"publish","type":"post","link":"https:\/\/redsemlac.com\/semmexico\/cubanas-dialogan-sobre-copas-menstruales-y-emprendimientos\/","title":{"rendered":"Cubanas dialogan sobre copas menstruales y emprendimientos"},"content":{"rendered":"\n<ul class=\"wp-block-list\"><li><strong>Un encuentro para celebrar el segundo aniversario del podcast Empoderadas, de Sixela Ametller.<\/strong><\/li><\/ul>\n\n\n\n<p class=\"wp-block-paragraph\"><strong>Redacci\u00f3n<\/strong><\/p>\n\n\n\n<p class=\"wp-block-paragraph\">SemM\u00e9xico\/IPS, La Habana, Cuba, 25 de julio del 2022.- Mujeres cubanas, j\u00f3venes en su mayor\u00eda, intercambiaron sobre sus experiencias en el mundo del emprendimiento, las copas menstruales y el podcast Empoderadas, que cumplir\u00e1 el 28 de julio su segundo aniversario.<\/p>\n\n\n\n<p class=\"wp-block-paragraph\">Con sede en Oasis Nelva, una creper\u00eda-jard\u00edn a cargo de Carmen Monteagudo (Carmucha), el encuentro fue organizado por los equipos de Empoderadas y de las iniciativas Tercer Para\u00edso\/La Mina, con el apoyo del negocio Deshidratados Habana y el grupo MG.<\/p>\n\n\n\n<p class=\"wp-block-paragraph\">Fue \u201cuna excusa para crear comunidad y para hablar entre nosotras, dialogar sobre qu\u00e9 significa ser mujer emprendedora ahora mismo en Cuba, los retos, las aventuras y los tab\u00faes\u201d, dijo Mavis de la Colina, de Tercer Para\u00edso\/La Mina.<\/p>\n\n\n\n<p class=\"wp-block-paragraph\">El intercambio vers\u00f3 tambi\u00e9n sobre el uso de la copa menstrual, que algunas ya utilizan, y qu\u00e9 puede significar eso para una mujer emprendedora que es madre y debe atender y trabajar en su negocio.<\/p>\n\n\n\n<p class=\"wp-block-paragraph\">En un ambiente relajado, empresarias de cosmetolog\u00eda naturalista, confecci\u00f3n de textiles, bolsos de cuero, tarjetas personalizadas, mensajer\u00eda, cocina sustentable, comunicadoras, directoras de marketing y fot\u00f3grafas expusieron un tema a\u00fan considerado tab\u00fa: la menstruaci\u00f3n, entre otros.<\/p>\n\n\n\n<p class=\"wp-block-paragraph\">Algunos de los temas trataron qu\u00e9 representa ser mujer en el mundo del emprendimiento, sobre todo en sectores muy masculinizados como la construcci\u00f3n. Adem\u00e1s, se propusieron asesor\u00edas en temas econ\u00f3micos.<\/p>\n\n\n\n<h2 class=\"wp-block-heading\"><strong>Compartir experiencias<\/strong><\/h2>\n\n\n\n<p class=\"wp-block-paragraph\">Parte del encuentro se dedic\u00f3 a socializar informaci\u00f3n acerca del uso de la copa menstrual, recomendaciones para su colocaci\u00f3n y la higiene necesaria, a partir de la iniciativa #copasparacuba que desarrolla en Cuba Tercer Para\u00edso\/La Mina, con talleres y donaciones de dispositivos.<\/p>\n\n\n\n<p class=\"wp-block-paragraph\">Las participantes compartieron sus experiencias, las mejores posiciones para insertar la copa, el flujo menstrual, las facilidades del uso del dispositivo y el ahorro que representa en almohadillas sanitarias, sobre todo por la baja disponibilidad de estas y sus precios en el mercado, adem\u00e1s de ser contaminantes del medioambiente.<\/p>\n\n\n\n<p class=\"wp-block-paragraph\">Seg\u00fan explic\u00f3 De la Colina, con una copa menstrual dejan de usarse miles de almohadillas, que se estima contienen igual cantidad de pl\u00e1stico que cuatro bolsas de nailon, las cuales tardan 55 a\u00f1os en degradarse.<\/p>\n\n\n\n<p class=\"wp-block-paragraph\">El encuentro sirvi\u00f3 para que algunas empresarias se conocieran personalmente, con posibilidades de establecer alianzas, y para que aquellas que no usan la copa ni conoc\u00edan del podcast tuvieran un acercamiento a estas nuevas experiencias.<\/p>\n\n\n\n<p class=\"wp-block-paragraph\">Fueron entregadas copas en peque\u00f1as bolsas de tela, acompa\u00f1adas de un peque\u00f1o plegable con informaciones sobre el uso y los beneficios, entre ellos, la protecci\u00f3n del medio ambiente. Con papel y telas recicladas, j\u00f3venes emprendedoras crearon las bolsas y los plegables.<\/p>\n\n\n\n<p class=\"wp-block-paragraph\">Para quienes no pueden o no desean usar la copa, De la Colina inform\u00f3 acerca de almohadillas sanitarias reciclables, cuyo uso se extiende en el mundo y en las que dan los primeros pasos algunas iniciativas femeninas.<\/p>\n\n\n\n<p class=\"wp-block-paragraph\">En nombre de Tercer Para\u00edso\/La Mina, invit\u00f3 al I taller Embajador@s de Copas para Cuba y ser parte de una alternativa eco-amigable, dirigida a construir un taller para que todas las mujeres se sientan incluidas y aprendan c\u00f3mo utilizar el dispositivo, dialoguen sobre sus beneficios y compartan sus experiencias en comunidad.<\/p>\n\n\n\n<h2 class=\"wp-block-heading\">Emprendedoras<\/h2>\n\n\n\n<p class=\"wp-block-paragraph\">Sixela Ametller, joven cubana residente en Estados Unidos, es la creadora del podcast Empoderadas, \u201cque pretende contar historias en espa\u00f1ol de mujeres emprendedoras, que trabajan en empresas y, a la vez, tienen responsabilidades en su casa: son madres, esposas, hijas\u2026\u201d, explica la presentaci\u00f3n en Internet.<\/p>\n\n\n\n<p class=\"wp-block-paragraph\">Seg\u00fan Ametller, este proyecto comenz\u00f3 en julio de 2020, \u201cy la idea es mostrar historias para aquellas personas que a lo mejor tengan sue\u00f1os y se pongan limitaciones, para demostrarles que s\u00ed se puede, aunque obviamente no todo cae del cielo, que hace falta m\u00e1s tenacidad, fracasar y volver a intentarlo\u201d.<\/p>\n\n\n\n<p class=\"wp-block-paragraph\">A su juicio, \u201clas mujeres lo podemos tener todo. En el podcast casi siempre las preguntas son m\u00e1s o menos iguales, pero las historias de vida, diferentes. He entrevistado a mujeres emprendedoras, actrices, m\u00fasicas, personas que trabajan en organizaciones en Cuba y Latinoam\u00e9rica, cubanas en Cuba y de otros lugares\u201d.<\/p>\n\n\n\n<p class=\"wp-block-paragraph\">Con 73 podcast en dos a\u00f1os, Ametller tambi\u00e9n dialoga sobre maternidad: \u201cotra cosa que quiero perseguir y defender es que es una decisi\u00f3n personal y aquellas mujeres que decidan ser madres y, a la vez, seguir con sus sue\u00f1os profesionales, es algo totalmente v\u00e1lido\u2026 para quitarnos un poco esa culpa que tenemos a veces\u201d, coment\u00f3.<\/p>\n\n\n\n<p class=\"wp-block-paragraph\">Asimismo, confes\u00f3 que le gusta sobre todo \u201cla comunidad que se crea. A algunas de estas mujeres las conoc\u00ed en la entrevista, virtualmente; quedamos en contacto, me sugieren personas para el podcast\u201d.<\/p>\n\n\n\n<p class=\"wp-block-paragraph\">Tambi\u00e9n aclar\u00f3 que el encuentro en La Habana hizo realidad su deseo de encontrarse con algunas colaboradoras de Empoderadas en un espacio f\u00edsico y conocerse personalmente. \u201cMuchas se conoc\u00edan entre ellas, pero otras no\u201d, indic\u00f3. (2022)<\/p>\n\n\n\n<p class=\"wp-block-paragraph\">SEM\/MG<\/p>\n","protected":false},"excerpt":{"rendered":"<p>Un encuentro para celebrar el segundo aniversario del podcast Empoderadas, de Sixela Ametller.<\/p>\n","protected":false},"author":3,"featured_media":53587,"comment_status":"open","ping_status":"open","sticky":false,"template":"","format":"standard","meta":{"_monsterinsights_skip_tracking":false,"footnotes":""},"categories":[693,53],"tags":[],"class_list":["post-53586","post","type-post","status-publish","format-standard","has-post-thumbnail","category-693","category-internacional"],"_links":{"self":[{"href":"https:\/\/redsemlac.com\/semmexico\/wp-json\/wp\/v2\/posts\/53586","targetHints":{"allow":["GET"]}}],"collection":[{"href":"https:\/\/redsemlac.com\/semmexico\/wp-json\/wp\/v2\/posts"}],"about":[{"href":"https:\/\/redsemlac.com\/semmexico\/wp-json\/wp\/v2\/types\/post"}],"author":[{"embeddable":true,"href":"https:\/\/redsemlac.com\/semmexico\/wp-json\/wp\/v2\/users\/3"}],"replies":[{"embeddable":true,"href":"https:\/\/redsemlac.com\/semmexico\/wp-json\/wp\/v2\/comments?post=53586"}],"version-history":[{"count":0,"href":"https:\/\/redsemlac.com\/semmexico\/wp-json\/wp\/v2\/posts\/53586\/revisions"}],"wp:featuredmedia":[{"embeddable":true,"href":"https:\/\/redsemlac.com\/semmexico\/wp-json\/wp\/v2\/media\/53587"}],"wp:attachment":[{"href":"https:\/\/redsemlac.com\/semmexico\/wp-json\/wp\/v2\/media?parent=53586"}],"wp:term":[{"taxonomy":"category","embeddable":true,"href":"https:\/\/redsemlac.com\/semmexico\/wp-json\/wp\/v2\/categories?post=53586"},{"taxonomy":"post_tag","embeddable":true,"href":"https:\/\/redsemlac.com\/semmexico\/wp-json\/wp\/v2\/tags?post=53586"}],"curies":[{"name":"wp","href":"https:\/\/api.w.org\/{rel}","templated":true}]}}