{"id":53561,"date":"2022-07-25T09:08:51","date_gmt":"2022-07-25T15:08:51","guid":{"rendered":"https:\/\/redsemlac.com\/semmexico\/?p=53561"},"modified":"2023-07-21T19:10:12","modified_gmt":"2023-07-22T00:10:12","slug":"obispo-auxiliar-de-morelia-atribuye-al-homosexualismo-y-lesbianismo-la-violencia-y-falta-de-paz-en-michoacan","status":"publish","type":"post","link":"https:\/\/redsemlac.com\/semmexico\/obispo-auxiliar-de-morelia-atribuye-al-homosexualismo-y-lesbianismo-la-violencia-y-falta-de-paz-en-michoacan\/","title":{"rendered":"Obispo auxiliar de Morelia atribuye al homosexualismo y lesbianismo, la violencia y falta de paz en Michoac\u00e1n"},"content":{"rendered":"\n<ul class=\"wp-block-list\"><li><strong>Los califica de \u201cpecados aberrantes\u201d, y compara nuestro pa\u00eds con Sodoma y Gomorra, durante Jornada de Oraci\u00f3n por la Paz convocada por la Conferencia del Episcopado Mexicano en todo el pa\u00eds.<\/strong><\/li><\/ul>\n\n\n\n<p class=\"wp-block-paragraph\"><strong>Am\u00e9rica Ju\u00e1rez Navarro<\/strong><\/p>\n\n\n\n<p class=\"wp-block-paragraph\">SemM\u00e9xico, Morelia, Michoac\u00e1n, 25 de julio del 2022.- El obispo auxiliar de Morelia, Herculano Medina Garfias, calific\u00f3 de \u00abpecados aberrantes el lesbianismo y homosexualidad\u201d, durante la misa realizada este domingo en la Catedral de esta ciudad, por Jornada de Oraci\u00f3n por la Paz ante los asesinatos y desapariciones en el pa\u00eds, los cuales atribuy\u00f3 a la comunidad LGTB+.<\/p>\n\n\n\n<p class=\"wp-block-paragraph\">Al celebrar la ceremonia eucar\u00edstica como parte de la Jornada de Oraci\u00f3n por la Paz, que se lleva a cabo este domingo 24 de julio en todas las iglesias del pa\u00eds, a convocatoria de la Conferencia del Episcopado Mexicano (CEM) por la justicia, la reconciliaci\u00f3n y la paz, el obispo promovi\u00f3 ante los fieles un discurso contra la comunidad LGTB+, a quienes compar\u00f3 con Sodoma y Gomorra, ah\u00ed tambi\u00e9n, dijo, se practicaba el homosexualismo, que es la causa de la violencia.<\/p>\n\n\n\n<p class=\"wp-block-paragraph\">\u00abEn las sociedades de Sodoma y Gomorra se practicaban pecados aberrantes como es la homosexualidad y el lesbianismo, tambi\u00e9n esos pecados hoy en d\u00eda han proliferado en nuestra patria y el mundo entero, hoy no se le quiere llamar pecado a la conducta que no va de acuerdo con la naturaleza y la voluntad de Dios\u00bb, dijo.<\/p>\n\n\n\n<p class=\"wp-block-paragraph\">Pidi\u00f3 orar para no aceptar como normal lo que es un pecado, ya que agreg\u00f3 que el lesbianismo y la muerte de inocentes son conductas que alejan a la persona de su naturaleza y de la voluntad de Dios.<\/p>\n\n\n\n<p class=\"wp-block-paragraph\">Desde el altar en la Catedral de Morelia, expres\u00f3 que hay otros pecados, tales como la muerte y retener salario a los trabajadores, a estos los llam\u00f3 \u201cpecados de injusticia\u201d, sin embargo, fue menos enf\u00e1tico al abordarlos.<\/p>\n\n\n\n<p class=\"wp-block-paragraph\">\u201cHay otros pecados que claman al cielo, como es la muerte a los inocentes, retener el salario a los trabajadores, sin pagarles lo justo, tambi\u00e9n hay pecados que explotan a los hu\u00e9rfanos y viudas, y por eso hab\u00eda determinado en el testamento destruir estas ciudades, porque el pecado se hab\u00eda desbordado y lo que hab\u00eda creado, en orden, en gracia y todo esto se vive en nuestro pa\u00eds, estados y ciudades\u201d, indic\u00f3.<\/p>\n\n\n\n<p class=\"wp-block-paragraph\">Agreg\u00f3 que lo que se viv\u00eda en Sodoma y Gomorra es todo lo que hoy se vive en nuestro pa\u00eds, estados y ciudades, de ah\u00ed la necesidad de intensificar la oraci\u00f3n, \u201cel tipo de oraci\u00f3n necesitamos hacer para alcanzar de Dios la gracia y misericordia\u201d, expres\u00f3.<\/p>\n\n\n\n<p class=\"wp-block-paragraph\">La Jornada de Oraci\u00f3n por la Paz, convocada por la Conferencia del Episcopado Mexicano, la Conferencia de Superiores Mayores de Religiosos de M\u00e9xico y la Provincia Mexicana de la Compa\u00f1\u00eda de Jes\u00fas, exhorta en todas las misas a celebrarse en julio hacer memoria de todos los sacerdotes, religiosos y religiosas que han sido asesinados en el pa\u00eds y colocar fotograf\u00edas de estos hombres y mujeres que han dado su vida por el pueblo de Dios y han recibido la muerte violenta.<\/p>\n\n\n\n<p class=\"wp-block-paragraph\">A celebrar misas o realizar oraciones comunitarias en lugares significativos que representen a todas las personas que han desaparecido o sufrido una muerte violenta, sean homicidios dolosos, feminicidios, activistas sociales o cualquier otra persona en situaci\u00f3n de exclusi\u00f3n o vulnerabilidad.<\/p>\n\n\n\n<p class=\"wp-block-paragraph\">En las eucarist\u00edas del d\u00eda 31 de julio se pide por los victimarios, se ore por sus vidas y la conversi\u00f3n de sus corazones; adem\u00e1s de que, en cada Di\u00f3cesis, Congregaci\u00f3n Religiosa o Parroquia, se definan las acciones a emprender para abonar al camino para la paz, como son horas santas y procesiones por la paz.<\/p>\n\n\n\n<p class=\"wp-block-paragraph\">SEM\/MG<\/p>\n","protected":false},"excerpt":{"rendered":"<p>Los califica de \u201cpecados aberrantes\u201d, y compara nuestro pa\u00eds con Sodoma y Gomorra, durante Jornada de Oraci\u00f3n por la Paz convocada por la Conferencia del Episcopado Mexicano en todo el pa\u00eds.<\/p>\n","protected":false},"author":3,"featured_media":53562,"comment_status":"open","ping_status":"open","sticky":false,"template":"","format":"standard","meta":{"_monsterinsights_skip_tracking":false,"footnotes":""},"categories":[693,52],"tags":[],"class_list":["post-53561","post","type-post","status-publish","format-standard","has-post-thumbnail","category-693","category-hombres"],"_links":{"self":[{"href":"https:\/\/redsemlac.com\/semmexico\/wp-json\/wp\/v2\/posts\/53561","targetHints":{"allow":["GET"]}}],"collection":[{"href":"https:\/\/redsemlac.com\/semmexico\/wp-json\/wp\/v2\/posts"}],"about":[{"href":"https:\/\/redsemlac.com\/semmexico\/wp-json\/wp\/v2\/types\/post"}],"author":[{"embeddable":true,"href":"https:\/\/redsemlac.com\/semmexico\/wp-json\/wp\/v2\/users\/3"}],"replies":[{"embeddable":true,"href":"https:\/\/redsemlac.com\/semmexico\/wp-json\/wp\/v2\/comments?post=53561"}],"version-history":[{"count":0,"href":"https:\/\/redsemlac.com\/semmexico\/wp-json\/wp\/v2\/posts\/53561\/revisions"}],"wp:featuredmedia":[{"embeddable":true,"href":"https:\/\/redsemlac.com\/semmexico\/wp-json\/wp\/v2\/media\/53562"}],"wp:attachment":[{"href":"https:\/\/redsemlac.com\/semmexico\/wp-json\/wp\/v2\/media?parent=53561"}],"wp:term":[{"taxonomy":"category","embeddable":true,"href":"https:\/\/redsemlac.com\/semmexico\/wp-json\/wp\/v2\/categories?post=53561"},{"taxonomy":"post_tag","embeddable":true,"href":"https:\/\/redsemlac.com\/semmexico\/wp-json\/wp\/v2\/tags?post=53561"}],"curies":[{"name":"wp","href":"https:\/\/api.w.org\/{rel}","templated":true}]}}