{"id":53526,"date":"2022-07-22T14:21:30","date_gmt":"2022-07-22T20:21:30","guid":{"rendered":"https:\/\/redsemlac.com\/semmexico\/?p=53526"},"modified":"2023-07-21T19:10:13","modified_gmt":"2023-07-22T00:10:13","slug":"gobernador-de-jalisco-niega-omision-de-la-autoridad-respecto-al-feminicidio-de-luz-raquel","status":"publish","type":"post","link":"https:\/\/redsemlac.com\/semmexico\/gobernador-de-jalisco-niega-omision-de-la-autoridad-respecto-al-feminicidio-de-luz-raquel\/","title":{"rendered":"Gobernador de Jalisco niega omisi\u00f3n de la autoridad respecto al feminicidio de Luz Raquel"},"content":{"rendered":"\n<ul class=\"wp-block-list\"><li><strong>El gobernador de Jalisco asever\u00f3 que ning\u00fan mecanismo de protecci\u00f3n puede garantizar la seguridad de las mujeres amenazadas<\/strong><\/li><li><strong>Los colectivos feministas contabilizan 239 feminicidios<\/strong><\/li><\/ul>\n\n\n\n<p class=\"wp-block-paragraph\"><strong>Analy Nu\u00f1o<\/strong><\/p>\n\n\n\n<p class=\"wp-block-paragraph\">SemM\u00e9xico. Puerto Vallarta, Jalisco. &nbsp;22 de julio de 2022.- El gobernador de Jalisco, Enrique Alfaro Ram\u00edrez asever\u00f3 que ning\u00fan mecanismo de protecci\u00f3n puede garantizar la seguridad de las mujeres amenazadas y descart\u00f3 que el feminicidio de Luz Raquel Padilla sea consecuencia de la omisi\u00f3n de las autoridades.<\/p>\n\n\n\n<p class=\"wp-block-paragraph\">Durante la conferencia ma\u00f1anera donde particip\u00f3 como parte de la gira del presidente Andr\u00e9s Manuel L\u00f3pez Obrador por Puerto Vallarta, el gobernador dijo que se ha informado al gobierno federal el avance en las investigaciones en torno al feminicidio de Luz Raquel, quien falleci\u00f3 el pasado martes a consecuencia de las quemaduras que sufri\u00f3 en un ataque directo.&nbsp;<\/p>\n\n\n\n<p class=\"wp-block-paragraph\">Tras aseverar que no se descarta ninguna l\u00ednea de investigaci\u00f3n, Alfaro Ram\u00edrez rechaz\u00f3 que el feminicidio sea consecuencia de las omisiones de las autoridades mismas que Luz Raquel en diversas ocasiones se\u00f1al\u00f3 ante la falta de actuaci\u00f3n de \u00e9stas para brindarle seguridad a ella y su hijo de 11 a\u00f1os diagnosticado con espectro autista.<\/p>\n\n\n\n<p class=\"wp-block-paragraph\">&nbsp;\u201cEst\u00e1, insisto, acreditado que la orden de protecci\u00f3n estaba vigente, que se tomaron las medidas por parte de la polic\u00eda municipal de vigilancia\u201d. Y a\u00f1adi\u00f3: \u201cPor supuesto que no (es consecuencia). La presencia y acompa\u00f1amiento de la polic\u00eda municipal de Zapopan fue permanente a partir de que se emiti\u00f3 la orden de protecci\u00f3n\u201d, asegur\u00f3.<\/p>\n\n\n\n<p class=\"wp-block-paragraph\">El gobernador advirti\u00f3 que ning\u00fan mecanismo o protocolo es tan efectivo para salvar a Luz Raquel o cualquier mujer amenazada cuando su agresor est\u00e1 decidido a da\u00f1arla.<\/p>\n\n\n\n<p class=\"wp-block-paragraph\">&nbsp;\u201cEstamos hablando de un acto de violencia brutal, ni todas las medidas de las que pueda disponer el gobierno, en cualquier nivel, son suficientes cuando hay la determinaci\u00f3n de cometer un acto tan atroz\u201d.<\/p>\n\n\n\n<p class=\"wp-block-paragraph\">Sin asumir responsabilidad y como un acto para deslindar de su responsabilidad a las autoridades a las que Luz Padilla solicit\u00f3 ayuda, Alfaro Ram\u00edrez dijo que m\u00e1s all\u00e1 de las acciones de la autoridad la sociedad debe reflexionar en torno al tema \u201cporque ser\u00eda una conclusi\u00f3n equivocada simplemente pensar que este es un problema de actuaci\u00f3n de la autoridad, es un problema que evidencia una descomposici\u00f3n social brutal y es necesario hacer un ejercicio de reflexi\u00f3n en ese sentido\u201d.<\/p>\n\n\n\n<p class=\"wp-block-paragraph\">En este sentido, pese a que los colectivos feministas contabilizan 239 feminicidios, a decir del gobernador las acciones del gobierno han dado resultados positivos, pues Jalisco est\u00e1 por debajo de la media nacional en los \u00edndices de feminicidios, sin embargo hechos como el de Luz Raquel pueden afectar la percepci\u00f3n.<\/p>\n\n\n\n<p class=\"wp-block-paragraph\">&nbsp;\u201cEs un tema que nos duele, que nos l\u00e1stima y que evidentemente cuando tienes resultados como los que estamos presentando son hechos que por muchas razones pueden generar un mensaje distinto\u201d.<\/p>\n\n\n\n<p class=\"wp-block-paragraph\">Respecto a Ismael \u201cN\u201d, quien se present\u00f3 como testigo pero fue detenido tras cumplimentarse una orden de aprehensi\u00f3n, Alfaro Ram\u00edrez se\u00f1al\u00f3 que aunque la medida de protecci\u00f3n est\u00e1 dictada en contra de \u00e9l, \u201chasta el momento no se tiene la certeza de su participaci\u00f3n en los hechos\u201d.<\/p>\n\n\n\n<p class=\"wp-block-paragraph\">SEM\/MG<\/p>\n","protected":false},"excerpt":{"rendered":"<p>El gobernador de Jalisco asever\u00f3 que ning\u00fan mecanismo de protecci\u00f3n puede garantizar la seguridad de las mujeres amenazadas<\/p>\n","protected":false},"author":3,"featured_media":53527,"comment_status":"open","ping_status":"open","sticky":false,"template":"","format":"standard","meta":{"_monsterinsights_skip_tracking":false,"footnotes":""},"categories":[693,51],"tags":[],"class_list":["post-53526","post","type-post","status-publish","format-standard","has-post-thumbnail","category-693","category-ejecutivo"],"_links":{"self":[{"href":"https:\/\/redsemlac.com\/semmexico\/wp-json\/wp\/v2\/posts\/53526","targetHints":{"allow":["GET"]}}],"collection":[{"href":"https:\/\/redsemlac.com\/semmexico\/wp-json\/wp\/v2\/posts"}],"about":[{"href":"https:\/\/redsemlac.com\/semmexico\/wp-json\/wp\/v2\/types\/post"}],"author":[{"embeddable":true,"href":"https:\/\/redsemlac.com\/semmexico\/wp-json\/wp\/v2\/users\/3"}],"replies":[{"embeddable":true,"href":"https:\/\/redsemlac.com\/semmexico\/wp-json\/wp\/v2\/comments?post=53526"}],"version-history":[{"count":0,"href":"https:\/\/redsemlac.com\/semmexico\/wp-json\/wp\/v2\/posts\/53526\/revisions"}],"wp:featuredmedia":[{"embeddable":true,"href":"https:\/\/redsemlac.com\/semmexico\/wp-json\/wp\/v2\/media\/53527"}],"wp:attachment":[{"href":"https:\/\/redsemlac.com\/semmexico\/wp-json\/wp\/v2\/media?parent=53526"}],"wp:term":[{"taxonomy":"category","embeddable":true,"href":"https:\/\/redsemlac.com\/semmexico\/wp-json\/wp\/v2\/categories?post=53526"},{"taxonomy":"post_tag","embeddable":true,"href":"https:\/\/redsemlac.com\/semmexico\/wp-json\/wp\/v2\/tags?post=53526"}],"curies":[{"name":"wp","href":"https:\/\/api.w.org\/{rel}","templated":true}]}}